{"id":8045,"date":"2020-11-12T19:50:44","date_gmt":"2020-11-12T22:50:44","guid":{"rendered":"http:\/\/oasisfm935.com\/site\/?p=8045"},"modified":"2020-11-12T19:53:43","modified_gmt":"2020-11-12T22:53:43","slug":"ing-luiggi-avanza-la-construccion-de-10-viviendas-y-se-espera-el-nuevo-cupo-del-plan-mi-casa-i","status":"publish","type":"post","link":"https:\/\/oasisfm935.com.ar\/site\/ing-luiggi-avanza-la-construccion-de-10-viviendas-y-se-espera-el-nuevo-cupo-del-plan-mi-casa-i\/","title":{"rendered":"Ing. Luiggi: Avanza la construcci\u00f3n de 10 viviendas y se espera el nuevo cupo del \u201cPlan Mi Casa I\u201d"},"content":{"rendered":"<p>En este momento en Ingeniero Luiggi se est\u00e1 ejecutando el Plan Provincial \u00abMi Casa\u00bb por el que en unos meses m\u00e1s estar\u00e1n finalizadas 10 nuevas soluciones habitacionales.<\/p>\n<blockquote class=\"wp-block-quote\"><p>En esta etapa, se prev\u00e9 la realizaci\u00f3n de 200 metros \u00a0de cord\u00f3n cuneta, fundamental para la conexi\u00f3n de sistema de cloacas y gas natural.<\/p><\/blockquote>\n<p><strong>Durante la gesti\u00f3n del actual diputado Oscar Zanoli, se entregaron 10 viviendas de esta operatoria \u00a0y ahora est\u00e1n pr\u00f3ximas a la finalizaci\u00f3n y posterior entrega de otras 10 viviendas m\u00e1s.<\/strong><\/p>\n<figure class=\"wp-block-gallery columns-1 is-cropped\">\n<ul class=\"blocks-gallery-grid\">\n<li class=\"blocks-gallery-item\">\n<figure><img loading=\"lazy\" decoding=\"async\" class=\"wp-image-54313 lazy-loaded\" src=\"https:\/\/zonalnoticias.com\/wp-content\/uploads\/2020\/11\/10-viviendas-en-luiggi-2.png\" alt=\"\" width=\"918\" height=\"560\" data-lazy-type=\"image\" data-src=\"https:\/\/zonalnoticias.com\/wp-content\/uploads\/2020\/11\/10-viviendas-en-luiggi-2.png\" data-id=\"54313\" data-full-url=\"https:\/\/zonalnoticias.com\/wp-content\/uploads\/2020\/11\/10-viviendas-en-luiggi-2.png\" data-link=\"https:\/\/zonalnoticias.com\/?attachment_id=54313\" data-srcset=\"\" \/><\/figure>\n<\/li>\n<\/ul>\n<\/figure>\n<blockquote class=\"wp-block-quote\"><p>Pero adem\u00e1s Ingeniero Luiggi recibir\u00e1 un nuevo cupo de viviendas (que a\u00fan no fue especificado su n\u00famero) en el marco de las 1000 viviendas anunciadas por el gobernador Sergio Ziliotto para toda la provincia.<\/p><\/blockquote>\n<p>Ingeniero Luiggi integra las localidades con menos de 10 mil habitantes que formar\u00e1n parte del Plan Mi Casa I.<\/p>\n<blockquote class=\"wp-block-quote\"><p>\u00a0En entrevistas realizadas la intendenta\u00a0<strong>Patricia Lavin, asegur\u00f3 que esa comuna cuenta con terrenos municipales para la construcci\u00f3n de viviendas del plan provincial \u2018Mi Casa\u2019 que lanz\u00f3 el gobierno de La Pampa.<\/strong><\/p><\/blockquote>\n<p><strong>\u00abNosotros tenemos terrenos porque el exintendente Oscar Zanoli ya hab\u00eda cedido algunos al IPAV para edificar 20 casas\u00bb,<\/strong>\u00a0destac\u00f3 la jefa comunal norte\u00f1a.<\/p>\n<p><strong>Sin embargo a\u00fan no confirm\u00f3 el n\u00famero que le corresponder\u00e1 a la localidad<\/strong>\u00a0<strong>en el marco de este nuevo cupo del Plan Mi Casa I.<\/strong><\/p>\n<div class=\"oasis-despues-del-contenido\" id=\"oasis-2391958528\"><img loading=\"lazy\" decoding=\"async\" src=\"https:\/\/oasisfm935.com.ar\/site\/wp-content\/uploads\/2020\/08\/47806202-8741-49f2-a5c9-d2f930e5baa1.jpg\" alt=\"\"  srcset=\"https:\/\/oasisfm935.com.ar\/site\/wp-content\/uploads\/2020\/08\/47806202-8741-49f2-a5c9-d2f930e5baa1.jpg 1080w, https:\/\/oasisfm935.com.ar\/site\/wp-content\/uploads\/2020\/08\/47806202-8741-49f2-a5c9-d2f930e5baa1-300x300.jpg 300w, https:\/\/oasisfm935.com.ar\/site\/wp-content\/uploads\/2020\/08\/47806202-8741-49f2-a5c9-d2f930e5baa1-1024x1024.jpg 1024w, https:\/\/oasisfm935.com.ar\/site\/wp-content\/uploads\/2020\/08\/47806202-8741-49f2-a5c9-d2f930e5baa1-150x150.jpg 150w, https:\/\/oasisfm935.com.ar\/site\/wp-content\/uploads\/2020\/08\/47806202-8741-49f2-a5c9-d2f930e5baa1-768x768.jpg 768w\" sizes=\"(max-width: 1080px) 100vw, 1080px\" class=\"no-lazyload\" width=\"1080\" height=\"1080\"  style=\"display: inline-block;\" \/><\/div>","protected":false},"excerpt":{"rendered":"<p>En este momento en Ingeniero Luiggi se est\u00e1 ejecutando el Plan Provincial \u00abMi Casa\u00bb por el que en unos meses m\u00e1s estar\u00e1n<\/p>\n","protected":false},"author":4,"featured_media":8047,"comment_status":"closed","ping_status":"open","sticky":false,"template":"","format":"standard","meta":{"colormag_page_layout":"default_layout","footnotes":""},"categories":[2],"tags":[],"class_list":["post-8045","post","type-post","status-publish","format-standard","has-post-thumbnail","hentry","category-noticias"],"_links":{"self":[{"href":"https:\/\/oasisfm935.com.ar\/site\/wp-json\/wp\/v2\/posts\/8045","targetHints":{"allow":["GET"]}}],"collection":[{"href":"https:\/\/oasisfm935.com.ar\/site\/wp-json\/wp\/v2\/posts"}],"about":[{"href":"https:\/\/oasisfm935.com.ar\/site\/wp-json\/wp\/v2\/types\/post"}],"author":[{"embeddable":true,"href":"https:\/\/oasisfm935.com.ar\/site\/wp-json\/wp\/v2\/users\/4"}],"replies":[{"embeddable":true,"href":"https:\/\/oasisfm935.com.ar\/site\/wp-json\/wp\/v2\/comments?post=8045"}],"version-history":[{"count":1,"href":"https:\/\/oasisfm935.com.ar\/site\/wp-json\/wp\/v2\/posts\/8045\/revisions"}],"predecessor-version":[{"id":8046,"href":"https:\/\/oasisfm935.com.ar\/site\/wp-json\/wp\/v2\/posts\/8045\/revisions\/8046"}],"wp:featuredmedia":[{"embeddable":true,"href":"https:\/\/oasisfm935.com.ar\/site\/wp-json\/wp\/v2\/media\/8047"}],"wp:attachment":[{"href":"https:\/\/oasisfm935.com.ar\/site\/wp-json\/wp\/v2\/media?parent=8045"}],"wp:term":[{"taxonomy":"category","embeddable":true,"href":"https:\/\/oasisfm935.com.ar\/site\/wp-json\/wp\/v2\/categories?post=8045"},{"taxonomy":"post_tag","embeddable":true,"href":"https:\/\/oasisfm935.com.ar\/site\/wp-json\/wp\/v2\/tags?post=8045"}],"curies":[{"name":"wp","href":"https:\/\/api.w.org\/{rel}","templated":true}]}}