{"id":8048,"date":"2020-11-12T20:43:00","date_gmt":"2020-11-12T23:43:00","guid":{"rendered":"http:\/\/oasisfm935.com\/site\/?p=8048"},"modified":"2020-11-12T20:43:00","modified_gmt":"2020-11-12T23:43:00","slug":"se-detectaron-105-nuevos-casos-en-la-pampa-1-en-ingeniero-luiggi-ya-son-3-los-activos-en-la-localidad","status":"publish","type":"post","link":"https:\/\/oasisfm935.com.ar\/site\/se-detectaron-105-nuevos-casos-en-la-pampa-1-en-ingeniero-luiggi-ya-son-3-los-activos-en-la-localidad\/","title":{"rendered":"Se detectaron 105 nuevos casos en La Pampa, 1 en Ingeniero Luiggi ya son 3 los activos en la Localidad."},"content":{"rendered":"<p>De ellos, 60 eran contactos estrechos y 45 contin\u00faan en investigaci\u00f3n epidemiol\u00f3gica. El n\u00famero de personas aisladas en la Provincia asciende a 7.783.<\/p>\n<p>El Gobierno de la provincia de La Pampa, a trav\u00e9s del Ministerio de Salud, comunic\u00f3 que en horas de la tarde del d\u00eda 12 de noviembre se finaliz\u00f3 con el procesamiento de 378 muestras en los laboratorios de la Direcci\u00f3n de Epidemiolog\u00eda y del Establecimiento Asistencial Gobernador Centeno y Lucio Molas, como as\u00ed tambi\u00e9n en los diferentes Centros de Salud que analizan test de ant\u00edgenos, de las cuales 105 resultaron positivas para COVID-19.<\/p>\n<p>De ellas, 26 corresponden a residentes en Santa Rosa, 39 en General Pico, 12 en Catril\u00f3, 5 en Eduardo Castex, 5 en 25 de Mayo, 4 en Trenel, 3 en General Acha, 2 en Winifreda, 2 en Uriburu, 1 en San Mart\u00edn, 1 en Bernardo Larroud\u00e9, 1 en Alpachiri, 1 en La Adela, 1 en Arata, 1 en Ingeniero Luiggi, 1 en Colonia Bar\u00f3n.<\/p>\n<p>De los 105 casos confirmados en la tarde de hoy, 60 se encontraban aislados por ser considerados contactos estrechos, mientras que 45 casos contin\u00faan en investigaci\u00f3n epidemiol\u00f3gica.<\/p>\n<p><strong>Situaci\u00f3n provincial:<\/strong><br \/>\nDesde el inicio de la pandemia, en la Provincia, se registraron un total de 4.442 casos positivos para COVID-19, de los cuales 1.059 permanecen activos, 49 han fallecido y 3.334 se han recuperado, entre estos \u00faltimos se encuentran, 39 personas de Santa Rosa, 14 de General Pico, 9 de Realic\u00f3, 3 de Quem\u00fa Quem\u00fa, 2 de Colonia Santa Mar\u00eda, 2 de Eduardo Castex, 1 de Catril\u00f3, 1 de Macach\u00edn, 1 de Embajador Martini, 1 de Victorica.<br \/>\nLos casos confirmados activos est\u00e1n distribuidos de la siguiente manera:\u00a0 526 en la ciudad de Santa Rosa, 182 en General Pico, 43 en Toay,\u00a0 36 en Eduardo Castex, 38 en 25 de Mayo, 13 en Realic\u00f3, 39 en Trenel, 38 en Winifreda, 9 en Quem\u00fa Quem\u00fa, 12 en La Humada, 16 en Macach\u00edn, 34 en Catril\u00f3, 3 en Colonia Santa Mar\u00eda,\u00a0 8 en La Adela, 5 en Santa Isabel, 3 en Embajador Martini,\u00a0 6 en Guatrach\u00e9, 3 en Victorica, 9 en General Acha, 2 en Ataliva Roca, 8 en Uriburu , 3 de Abramo, 2 en Alpachiri, 1 en Anguil, 2 en Doblas,\u00a0 1 en Alta Italia, 2 en Quehu\u00e9, 2 en Gobernador Duval, 3 en Ingeniero Luiggi,\u00a0 1 en Bernasconi, 1 en Miguel Can\u00e9, 1 en Monte Nievas, 1 en Chacharramendi, 1 en Jacinto Arauz, 1 en Colonia Bar\u00f3n, 1 en Arata, 1 en General San Mart\u00edn, 1 en Bernardo Larroud\u00e9 y 1 en Mauricio Mayer.<br \/>\nAl d\u00eda de la fecha se encuentran aisladas un total de 7.783 personas en toda la Provincia.<\/p>\n<p><strong>Pacientes internados:\u00a0<\/strong><br \/>\nSe encuentran internados 74 pacientes confirmadas para COVID-19. En General Pico 22, 15 de ellos en modulares y 7 en terapia intensiva. En Santa Rosa 32 personas, 12 de ellos en cl\u00ednica m\u00e9dica, 12 en terapia intensiva y 8 en modulares. En el Hospital Evita de Santa Rosa 5 en cl\u00ednica m\u00e9dica. Y en el interior de la Provincia se encuentran internados en cl\u00ednica m\u00e9dica:<br \/>\nHospital de Quem\u00fa Quem\u00fa: 1 paciente<br \/>\nHospital de Colonia Bar\u00f3n: 1 paciente<br \/>\nHospital de Trenel: 5 pacientes.<br \/>\nHospital de Parera: 1 paciente.<br \/>\nHospital de Ingeniero Luiggi: 2 pacientes.<br \/>\nHospital de Rancul: 1 paciente.<br \/>\nHospital de Realic\u00f3: 1 paciente.<br \/>\nHospital de General Acha: 2 pacientes.<br \/>\nHospital de Catril\u00f3: 1 paciente.<\/p>\n<div class=\"oasis-despues-del-contenido\" id=\"oasis-3193930240\"><img loading=\"lazy\" decoding=\"async\" src=\"https:\/\/oasisfm935.com.ar\/site\/wp-content\/uploads\/2020\/08\/47806202-8741-49f2-a5c9-d2f930e5baa1.jpg\" alt=\"\"  srcset=\"https:\/\/oasisfm935.com.ar\/site\/wp-content\/uploads\/2020\/08\/47806202-8741-49f2-a5c9-d2f930e5baa1.jpg 1080w, https:\/\/oasisfm935.com.ar\/site\/wp-content\/uploads\/2020\/08\/47806202-8741-49f2-a5c9-d2f930e5baa1-300x300.jpg 300w, https:\/\/oasisfm935.com.ar\/site\/wp-content\/uploads\/2020\/08\/47806202-8741-49f2-a5c9-d2f930e5baa1-1024x1024.jpg 1024w, https:\/\/oasisfm935.com.ar\/site\/wp-content\/uploads\/2020\/08\/47806202-8741-49f2-a5c9-d2f930e5baa1-150x150.jpg 150w, https:\/\/oasisfm935.com.ar\/site\/wp-content\/uploads\/2020\/08\/47806202-8741-49f2-a5c9-d2f930e5baa1-768x768.jpg 768w\" sizes=\"(max-width: 1080px) 100vw, 1080px\" class=\"no-lazyload\" width=\"1080\" height=\"1080\"  style=\"display: inline-block;\" \/><\/div>","protected":false},"excerpt":{"rendered":"<p>De ellos, 60 eran contactos estrechos y 45 contin\u00faan en investigaci\u00f3n epidemiol\u00f3gica. El n\u00famero de personas aisladas en la Provincia asciende a<\/p>\n","protected":false},"author":4,"featured_media":8049,"comment_status":"closed","ping_status":"open","sticky":false,"template":"","format":"standard","meta":{"colormag_page_layout":"default_layout","footnotes":""},"categories":[2],"tags":[],"class_list":["post-8048","post","type-post","status-publish","format-standard","has-post-thumbnail","hentry","category-noticias"],"_links":{"self":[{"href":"https:\/\/oasisfm935.com.ar\/site\/wp-json\/wp\/v2\/posts\/8048","targetHints":{"allow":["GET"]}}],"collection":[{"href":"https:\/\/oasisfm935.com.ar\/site\/wp-json\/wp\/v2\/posts"}],"about":[{"href":"https:\/\/oasisfm935.com.ar\/site\/wp-json\/wp\/v2\/types\/post"}],"author":[{"embeddable":true,"href":"https:\/\/oasisfm935.com.ar\/site\/wp-json\/wp\/v2\/users\/4"}],"replies":[{"embeddable":true,"href":"https:\/\/oasisfm935.com.ar\/site\/wp-json\/wp\/v2\/comments?post=8048"}],"version-history":[{"count":2,"href":"https:\/\/oasisfm935.com.ar\/site\/wp-json\/wp\/v2\/posts\/8048\/revisions"}],"predecessor-version":[{"id":8051,"href":"https:\/\/oasisfm935.com.ar\/site\/wp-json\/wp\/v2\/posts\/8048\/revisions\/8051"}],"wp:featuredmedia":[{"embeddable":true,"href":"https:\/\/oasisfm935.com.ar\/site\/wp-json\/wp\/v2\/media\/8049"}],"wp:attachment":[{"href":"https:\/\/oasisfm935.com.ar\/site\/wp-json\/wp\/v2\/media?parent=8048"}],"wp:term":[{"taxonomy":"category","embeddable":true,"href":"https:\/\/oasisfm935.com.ar\/site\/wp-json\/wp\/v2\/categories?post=8048"},{"taxonomy":"post_tag","embeddable":true,"href":"https:\/\/oasisfm935.com.ar\/site\/wp-json\/wp\/v2\/tags?post=8048"}],"curies":[{"name":"wp","href":"https:\/\/api.w.org\/{rel}","templated":true}]}}