{"id":806,"date":"2019-02-19T14:10:57","date_gmt":"2019-02-19T17:10:57","guid":{"rendered":"http:\/\/oasisfm935.com\/site\/?p=806"},"modified":"2019-02-19T14:10:57","modified_gmt":"2019-02-19T17:10:57","slug":"lo-que-nacion-quita-la-pampa-lo-da","status":"publish","type":"post","link":"https:\/\/oasisfm935.com.ar\/site\/lo-que-nacion-quita-la-pampa-lo-da\/","title":{"rendered":"Lo que Naci\u00f3n quita, La Pampa lo da"},"content":{"rendered":"<p>&nbsp;<\/p>\n<p>El Gobierno de La Pampa sigue resolviendo los problemas que produce el Gobierno Nacional al eliminar subsidios y beneficios para los diferentes servicios.<\/p>\n<p>La Ministra de Desarrollo Social, Fernanda Alonso, junto al Administrador Provincial de Energ\u00eda, Gonzalo Marcos, mantuvieron un encuentro con 60 intendentes para detallarles los alcances del Programa de Asistencia Social Pampeana que cre\u00f3 el Gobernador Carlos Verna la semana pasada.<\/p>\n<p><a href=\"http:\/\/oasisfm935.com\/site\/wp-content\/uploads\/2019\/02\/FB_IMG_1550595977805.jpg\"><img loading=\"lazy\" decoding=\"async\" class=\"alignnone size-full wp-image-808\" src=\"http:\/\/oasisfm935.com\/site\/wp-content\/uploads\/2019\/02\/FB_IMG_1550595977805.jpg\" alt=\"\" width=\"720\" height=\"519\" srcset=\"https:\/\/oasisfm935.com.ar\/site\/wp-content\/uploads\/2019\/02\/FB_IMG_1550595977805.jpg 720w, https:\/\/oasisfm935.com.ar\/site\/wp-content\/uploads\/2019\/02\/FB_IMG_1550595977805-300x216.jpg 300w\" sizes=\"auto, (max-width: 720px) 100vw, 720px\" \/><\/a><\/p>\n<p>Dicha iniciativa se pone en pr\u00e1ctica para contrarrestar las consecuencias que acarrea la eliminaci\u00f3n de la tarifa social a la energ\u00eda el\u00e9ctrica por parte de Cambiemos, y considerando los sucesivos y fuertes aumentos de precios que viene experimentando este servicio.<\/p>\n<p>De esta manera, el Gobierno Provincial, por intermedio del Ministerio de Desarrollo Social, asistir\u00e1 a 24 mil familias durante todo el 2019. Los funcionarios informaron que la ayuda demandar\u00e1 una inversi\u00f3n de $45 millones y abarcar\u00e1 a todas las localidades de la provincia.<\/p>\n<p><a href=\"http:\/\/oasisfm935.com\/site\/wp-content\/uploads\/2019\/02\/FB_IMG_1550595966453.jpg\"><img loading=\"lazy\" decoding=\"async\" class=\"alignnone size-full wp-image-809\" src=\"http:\/\/oasisfm935.com\/site\/wp-content\/uploads\/2019\/02\/FB_IMG_1550595966453.jpg\" alt=\"\" width=\"720\" height=\"582\" srcset=\"https:\/\/oasisfm935.com.ar\/site\/wp-content\/uploads\/2019\/02\/FB_IMG_1550595966453.jpg 720w, https:\/\/oasisfm935.com.ar\/site\/wp-content\/uploads\/2019\/02\/FB_IMG_1550595966453-300x243.jpg 300w\" sizes=\"auto, (max-width: 720px) 100vw, 720px\" \/><\/a><\/p>\n<p>Los usuarios beneficiados ser\u00e1n aquellos que est\u00e9n registrados en el sistema Pilquen. Los mismos recibir\u00e1n una suma fija a trav\u00e9s de la tarjeta social, con el fin de poder atenuar el efecto negativo que les produjo el abandono de Naci\u00f3n. Se podr\u00e1 otorgar solamente un subsidio por vivienda, y deber\u00e1 ser acompa\u00f1ado por los equipos sociales de cada localidad.<\/p>\n<p>Alonso explic\u00f3 c\u00f3mo va a ser el modo de instrumentaci\u00f3n de esta medida que va a ser implementada en tres etapas sucesivas.<\/p>\n<p>\u201cSe realizar\u00e1 el relevamiento de titulares de Tarifa Social a diciembre de 2018, para determinar si se ajustan a los criterios y requisitos establecidos en el Programa de Asistencia Social Pampeana. Para este relevamiento se utilizar\u00e1 el Sistema Pilquen, realiz\u00e1ndose la ficha social correspondiente. En caso de no contar con la misma, ser\u00e1 el municipio el que deber\u00e1 realizar el relevamiento, carga y actualizaci\u00f3n de la ficha social del n\u00facleo familiar donde se encuentra el titular de la tarifa social a diciembre de 2018\u201d, precis\u00f3 la ministra sobre el primer paso.<\/p>\n<p>La segunda etapa constar\u00e1 de la generaci\u00f3n de la tarjeta a titulares que no la tengan, la cual se pondr\u00e1 a nombre de esa persona o de alg\u00fan familiar; y la tercera etapa consistir\u00e1 en la habilitaci\u00f3n del pl\u00e1stico, a fin de liquidar la prestaci\u00f3n e ir evaluando de manera mensual los requisitos, para as\u00ed poder ir determinando las nuevas acreditaciones a otorgar.<\/p>\n<div class=\"oasis-despues-del-contenido\" id=\"oasis-1450117505\"><img loading=\"lazy\" decoding=\"async\" src=\"https:\/\/oasisfm935.com.ar\/site\/wp-content\/uploads\/2020\/08\/47806202-8741-49f2-a5c9-d2f930e5baa1.jpg\" alt=\"\"  srcset=\"https:\/\/oasisfm935.com.ar\/site\/wp-content\/uploads\/2020\/08\/47806202-8741-49f2-a5c9-d2f930e5baa1.jpg 1080w, https:\/\/oasisfm935.com.ar\/site\/wp-content\/uploads\/2020\/08\/47806202-8741-49f2-a5c9-d2f930e5baa1-300x300.jpg 300w, https:\/\/oasisfm935.com.ar\/site\/wp-content\/uploads\/2020\/08\/47806202-8741-49f2-a5c9-d2f930e5baa1-1024x1024.jpg 1024w, https:\/\/oasisfm935.com.ar\/site\/wp-content\/uploads\/2020\/08\/47806202-8741-49f2-a5c9-d2f930e5baa1-150x150.jpg 150w, https:\/\/oasisfm935.com.ar\/site\/wp-content\/uploads\/2020\/08\/47806202-8741-49f2-a5c9-d2f930e5baa1-768x768.jpg 768w\" sizes=\"(max-width: 1080px) 100vw, 1080px\" class=\"no-lazyload\" width=\"1080\" height=\"1080\"  style=\"display: inline-block;\" \/><\/div>","protected":false},"excerpt":{"rendered":"<p>&nbsp; El Gobierno de La Pampa sigue resolviendo los problemas que produce el Gobierno Nacional al eliminar subsidios y beneficios para los<\/p>\n","protected":false},"author":4,"featured_media":807,"comment_status":"closed","ping_status":"open","sticky":false,"template":"","format":"standard","meta":{"colormag_page_layout":"default_layout","footnotes":""},"categories":[2],"tags":[],"class_list":["post-806","post","type-post","status-publish","format-standard","has-post-thumbnail","hentry","category-noticias"],"_links":{"self":[{"href":"https:\/\/oasisfm935.com.ar\/site\/wp-json\/wp\/v2\/posts\/806","targetHints":{"allow":["GET"]}}],"collection":[{"href":"https:\/\/oasisfm935.com.ar\/site\/wp-json\/wp\/v2\/posts"}],"about":[{"href":"https:\/\/oasisfm935.com.ar\/site\/wp-json\/wp\/v2\/types\/post"}],"author":[{"embeddable":true,"href":"https:\/\/oasisfm935.com.ar\/site\/wp-json\/wp\/v2\/users\/4"}],"replies":[{"embeddable":true,"href":"https:\/\/oasisfm935.com.ar\/site\/wp-json\/wp\/v2\/comments?post=806"}],"version-history":[{"count":1,"href":"https:\/\/oasisfm935.com.ar\/site\/wp-json\/wp\/v2\/posts\/806\/revisions"}],"predecessor-version":[{"id":810,"href":"https:\/\/oasisfm935.com.ar\/site\/wp-json\/wp\/v2\/posts\/806\/revisions\/810"}],"wp:featuredmedia":[{"embeddable":true,"href":"https:\/\/oasisfm935.com.ar\/site\/wp-json\/wp\/v2\/media\/807"}],"wp:attachment":[{"href":"https:\/\/oasisfm935.com.ar\/site\/wp-json\/wp\/v2\/media?parent=806"}],"wp:term":[{"taxonomy":"category","embeddable":true,"href":"https:\/\/oasisfm935.com.ar\/site\/wp-json\/wp\/v2\/categories?post=806"},{"taxonomy":"post_tag","embeddable":true,"href":"https:\/\/oasisfm935.com.ar\/site\/wp-json\/wp\/v2\/tags?post=806"}],"curies":[{"name":"wp","href":"https:\/\/api.w.org\/{rel}","templated":true}]}}