{"id":8066,"date":"2020-11-13T20:59:40","date_gmt":"2020-11-13T23:59:40","guid":{"rendered":"http:\/\/oasisfm935.com\/site\/?p=8066"},"modified":"2020-11-13T20:59:40","modified_gmt":"2020-11-13T23:59:40","slug":"el-gobierno-local-distinguio-a-bomberos-voluntarios-que-viajaron-a-cordoba-a-combatir-los-incendios","status":"publish","type":"post","link":"https:\/\/oasisfm935.com.ar\/site\/el-gobierno-local-distinguio-a-bomberos-voluntarios-que-viajaron-a-cordoba-a-combatir-los-incendios\/","title":{"rendered":"El Gobierno Local  distingui\u00f3 a bomberos voluntarios que viajaron a C\u00f3rdoba a combatir los incendios."},"content":{"rendered":"<p>En un peque\u00f1o acto, distinguimos el desempe\u00f1o de la cuadrilla de los seis j\u00f3venes brigadistas de nuestra localidad, que acompa\u00f1aron a sus pares en el mes de Octubre, por el desastre forestal de la provincia vecina de C\u00f3rdoba.<\/p>\n<p><img decoding=\"async\" src=\"https:\/\/scontent.frsa4-1.fna.fbcdn.net\/v\/t1.0-9\/125081985_3555521557864651_8261463831016104058_n.jpg?_nc_cat=107&amp;ccb=2&amp;_nc_sid=110474&amp;_nc_eui2=AeEYS_A_kiFXnS_Axi4jPG5N8pWiP-aUOgHylaI_5pQ6ASPO-P7y2zUNy06Dfm01a3iE1HX0noXBV7a9H9RPuyD3&amp;_nc_ohc=ECPRjmX6rJgAX8Qq8At&amp;_nc_ht=scontent.frsa4-1.fna&amp;oh=cc7511c2333d23f372186e042c090178&amp;oe=5FD4A5D0\" alt=\"La imagen puede contener: una o varias personas, personas sentadas e interior\" \/><\/p>\n<p>&nbsp;<\/p>\n<p>En la entrega estuvo presente la Intendenta de la Localidad de Ingeniero Luiggi Patricia Lavin el\u00a0 concejal Ignacio Cornejo la encargada del \u00e1rea Relaciones Institucionales <em>Ana Lis Elizalde<\/em><\/p>\n<p><img decoding=\"async\" src=\"https:\/\/scontent.frsa4-1.fna.fbcdn.net\/v\/t1.0-9\/124870159_3555521667864640_5801275871727610960_n.jpg?_nc_cat=101&amp;ccb=2&amp;_nc_sid=110474&amp;_nc_eui2=AeFCoL-6NyaFSe47-uhECgrPoGUbzs_FE4GgZRvOz8UTgdsNwTK68mcIyRhijNZwsj3tkWDTvMDF27I_VbAfYYJl&amp;_nc_ohc=7qjTd5ibK74AX-mQ8JM&amp;_nc_ht=scontent.frsa4-1.fna&amp;oh=b82aa734dd4833311dc442ba95340c71&amp;oe=5FD50ED0\" alt=\"La imagen puede contener: 1 persona, de pie, texto que dice &quot;INGENIERO ocal LUIGGI Gobiernol&quot;\" \/><\/p>\n<p>&nbsp;<\/p>\n<p>Gracias a cada uno por el esp\u00edritu de solidaridad y empat\u00eda.<\/p>\n<p><img decoding=\"async\" src=\"https:\/\/scontent.frsa4-1.fna.fbcdn.net\/v\/t1.0-9\/124616458_3555521881197952_1263562265846545609_n.jpg?_nc_cat=105&amp;ccb=2&amp;_nc_sid=110474&amp;_nc_eui2=AeFUgLgS40pZzpD8Z1gZXAbmqfHwlpdAmpmp8fCWl0CamfpQK2Ff8FP6iaJWVKPggokm0zbgTLdX2_dV8sC2_FcK&amp;_nc_ohc=Tn3F8e21FIgAX-bZmvD&amp;_nc_ht=scontent.frsa4-1.fna&amp;oh=2744700dc5ed318f39b21ea741049c45&amp;oe=5FD52522\" alt=\"La imagen puede contener: 1 persona, de pie e interior, texto que dice &quot;INGENIERO LUIGGI Gobierno ocal&quot;\" \/><\/p>\n<div class=\"oasis-despues-del-contenido\" id=\"oasis-2093909214\"><img loading=\"lazy\" decoding=\"async\" src=\"https:\/\/oasisfm935.com.ar\/site\/wp-content\/uploads\/2020\/08\/47806202-8741-49f2-a5c9-d2f930e5baa1.jpg\" alt=\"\"  srcset=\"https:\/\/oasisfm935.com.ar\/site\/wp-content\/uploads\/2020\/08\/47806202-8741-49f2-a5c9-d2f930e5baa1.jpg 1080w, https:\/\/oasisfm935.com.ar\/site\/wp-content\/uploads\/2020\/08\/47806202-8741-49f2-a5c9-d2f930e5baa1-300x300.jpg 300w, https:\/\/oasisfm935.com.ar\/site\/wp-content\/uploads\/2020\/08\/47806202-8741-49f2-a5c9-d2f930e5baa1-1024x1024.jpg 1024w, https:\/\/oasisfm935.com.ar\/site\/wp-content\/uploads\/2020\/08\/47806202-8741-49f2-a5c9-d2f930e5baa1-150x150.jpg 150w, https:\/\/oasisfm935.com.ar\/site\/wp-content\/uploads\/2020\/08\/47806202-8741-49f2-a5c9-d2f930e5baa1-768x768.jpg 768w\" sizes=\"(max-width: 1080px) 100vw, 1080px\" class=\"no-lazyload\" width=\"1080\" height=\"1080\"  style=\"display: inline-block;\" \/><\/div>","protected":false},"excerpt":{"rendered":"<p>En un peque\u00f1o acto, distinguimos el desempe\u00f1o de la cuadrilla de los seis j\u00f3venes brigadistas de nuestra localidad, que acompa\u00f1aron a sus<\/p>\n","protected":false},"author":4,"featured_media":8067,"comment_status":"closed","ping_status":"open","sticky":false,"template":"","format":"standard","meta":{"colormag_page_layout":"default_layout","footnotes":""},"categories":[2],"tags":[],"class_list":["post-8066","post","type-post","status-publish","format-standard","has-post-thumbnail","hentry","category-noticias"],"_links":{"self":[{"href":"https:\/\/oasisfm935.com.ar\/site\/wp-json\/wp\/v2\/posts\/8066","targetHints":{"allow":["GET"]}}],"collection":[{"href":"https:\/\/oasisfm935.com.ar\/site\/wp-json\/wp\/v2\/posts"}],"about":[{"href":"https:\/\/oasisfm935.com.ar\/site\/wp-json\/wp\/v2\/types\/post"}],"author":[{"embeddable":true,"href":"https:\/\/oasisfm935.com.ar\/site\/wp-json\/wp\/v2\/users\/4"}],"replies":[{"embeddable":true,"href":"https:\/\/oasisfm935.com.ar\/site\/wp-json\/wp\/v2\/comments?post=8066"}],"version-history":[{"count":1,"href":"https:\/\/oasisfm935.com.ar\/site\/wp-json\/wp\/v2\/posts\/8066\/revisions"}],"predecessor-version":[{"id":8068,"href":"https:\/\/oasisfm935.com.ar\/site\/wp-json\/wp\/v2\/posts\/8066\/revisions\/8068"}],"wp:featuredmedia":[{"embeddable":true,"href":"https:\/\/oasisfm935.com.ar\/site\/wp-json\/wp\/v2\/media\/8067"}],"wp:attachment":[{"href":"https:\/\/oasisfm935.com.ar\/site\/wp-json\/wp\/v2\/media?parent=8066"}],"wp:term":[{"taxonomy":"category","embeddable":true,"href":"https:\/\/oasisfm935.com.ar\/site\/wp-json\/wp\/v2\/categories?post=8066"},{"taxonomy":"post_tag","embeddable":true,"href":"https:\/\/oasisfm935.com.ar\/site\/wp-json\/wp\/v2\/tags?post=8066"}],"curies":[{"name":"wp","href":"https:\/\/api.w.org\/{rel}","templated":true}]}}