{"id":813,"date":"2019-02-25T12:45:56","date_gmt":"2019-02-25T15:45:56","guid":{"rendered":"http:\/\/oasisfm935.com\/site\/?p=813"},"modified":"2019-02-25T12:45:56","modified_gmt":"2019-02-25T15:45:56","slug":"tenemos-una-economia-que-empieza-a-ordenarse","status":"publish","type":"post","link":"https:\/\/oasisfm935.com.ar\/site\/tenemos-una-economia-que-empieza-a-ordenarse\/","title":{"rendered":"\u00abTenemos una econom\u00eda que empieza a ordenarse\u00bb"},"content":{"rendered":"<p>El presidente Mauricio Macri dijo que el pa\u00eds est\u00e1 \u00abatravesando los coletazos de 2018\u00bb.<\/p>\n<p><strong>Buenos Aires (NA) &#8211;<\/strong>\u00a0El presidente Mauricio Macri afirm\u00f3 hoy que el pa\u00eds est\u00e1 \u00abatravesando los coletazos de 2018\u00bb pero advirti\u00f3 que \u00abya tenemos una econom\u00eda que empieza a ordenarse\u00bb.<\/p>\n<p>El Presidente pidi\u00f3 actuar \u00abcon honestidad, dici\u00e9ndonos la verdad y no minti\u00e9ndole m\u00e1s a la gente dici\u00e9ndole que las cosas pueden ser gratis, que al final las pagamos todos y mal\u00bb.<\/p>\n<p>\u00abEn la Argentina estamos madurando, creciendo, entendiendo lo que nos pas\u00f3 no el a\u00f1o pasado, sino los anteriores 15 a\u00f1os y los anteriores 30 a\u00f1os\u00bb, dijo.<\/p>\n<p>Por otra parte, Macri dijo que \u00abes incre\u00edble\u00bb el \u00abnivel de atracci\u00f3n, de curiosidad, de afecto\u00bb que recibi\u00f3 por el pa\u00eds durante su viaje a India y Vietnam.<\/p>\n<p>Durante un acto que comparti\u00f3 con la gobernadora Mar\u00eda Eugenia Vidal tras recorrer desde la localidad de Roque P\u00e9rez obras h\u00eddricas de la cuenca del R\u00edo Salado, el Presidente se\u00f1al\u00f3 que se trata de \u00abun orgullo porque no son carteles y promesas\u00bb, y que \u00abno son anuncios\u00bb sino \u00abuna realidad\u00bb.<\/p>\n<p>Adem\u00e1s, consider\u00f3 que mediante esa acci\u00f3n se va a poder \u00abincorporar m\u00e1s de un mill\u00f3n de hect\u00e1reas a la producci\u00f3n y eso es trabajo\u00bb, y aludi\u00f3 al impacto de la sequ\u00eda como efecto del cambio clim\u00e1tico.<\/p>\n<p>Al respecto, sostuvo que la sequ\u00eda fue \u00abuno de los tres golpes grandes que nos dio a nuestra econom\u00eda como la falta de financiamiento para mercados emergentes y la crisis de los cuadernos\u00bb.<\/p>\n<p>\u00abVidal y Macri el gato terminan las obras del Arroyo El Gato, es una cosa bastante particular\u00bb, ironiz\u00f3 al comenzar su discurso el primer mandatario.<\/p>\n<p>A su vez, Vidal se\u00f1al\u00f3 que \u00abesto es el resultado de un trabajo en equipo de Naci\u00f3n y Provincia, donde ya no es noticia si el Presidente y la gobernadora se miran en un acto o si se re\u00fanen o si hablan por tel\u00e9fono porque eso es lo que deber\u00eda esperar cualquier bonaerense\u00bb.<\/p>\n<p>Macri, durante su exposici\u00f3n dijo: \u00abestas obras son futuro, las bases y los cimientos para construir el pa\u00eds que queremos sin negar las dificultados, como todav\u00eda tenemos los coletazos de 2018, pero tenemos una econom\u00eda que empieza a ordenarse\u00bb, asegur\u00f3 Macri.<\/p>\n<p>El Presidente y la gobernadora, coincidieron que en las distintas etapas de obras del Salado, unos \u00ab200 mil habitantes no volver\u00e1n a sufrir cuando llueva\u00bb, por las inundaciones, y tampoco por la sequ\u00eda, hechos producidos por el cambio clim\u00e1tico.<\/p>\n<p>En ese contexto, indic\u00f3 que la obra del Salado destinado a profundizar y ensanchar el cauce del Salado, \u00abnos ayudar\u00e1 con momentos dram\u00e1ticos de sequ\u00eda\u00bb como la que se vivi\u00f3 el a\u00f1o pasado, destac\u00f3 que \u00abde haber tenido la obra terminada hubi\u00e9semos tenido el agua ah\u00ed con el canal finalizado\u00bb, que permitir\u00e1 conservar el agua, dado que \u00abnos ayudar\u00e1 con momentos dram\u00e1ticos de sequ\u00eda\u00bb.<\/p>\n<p>Macri, adem\u00e1s, sostuvo que desde el inicio de su mandato se puso \u00abcomo eje hacer las obras que mejorar\u00e1n la calidad de vida de la gente\u00bb que les permitir\u00e1 \u00abprogresar\u00bb, y destac\u00f3 que la obra que recorri\u00f3 \u00abes una realidad, con dos dragas trabajando durante 24 horas\u00bb.<\/p>\n<div class=\"oasis-despues-del-contenido\" id=\"oasis-2066360700\"><img loading=\"lazy\" decoding=\"async\" src=\"https:\/\/oasisfm935.com.ar\/site\/wp-content\/uploads\/2020\/08\/47806202-8741-49f2-a5c9-d2f930e5baa1.jpg\" alt=\"\"  srcset=\"https:\/\/oasisfm935.com.ar\/site\/wp-content\/uploads\/2020\/08\/47806202-8741-49f2-a5c9-d2f930e5baa1.jpg 1080w, https:\/\/oasisfm935.com.ar\/site\/wp-content\/uploads\/2020\/08\/47806202-8741-49f2-a5c9-d2f930e5baa1-300x300.jpg 300w, https:\/\/oasisfm935.com.ar\/site\/wp-content\/uploads\/2020\/08\/47806202-8741-49f2-a5c9-d2f930e5baa1-1024x1024.jpg 1024w, https:\/\/oasisfm935.com.ar\/site\/wp-content\/uploads\/2020\/08\/47806202-8741-49f2-a5c9-d2f930e5baa1-150x150.jpg 150w, https:\/\/oasisfm935.com.ar\/site\/wp-content\/uploads\/2020\/08\/47806202-8741-49f2-a5c9-d2f930e5baa1-768x768.jpg 768w\" sizes=\"(max-width: 1080px) 100vw, 1080px\" class=\"no-lazyload\" width=\"1080\" height=\"1080\"  style=\"display: inline-block;\" \/><\/div>","protected":false},"excerpt":{"rendered":"<p>El presidente Mauricio Macri dijo que el pa\u00eds est\u00e1 \u00abatravesando los coletazos de 2018\u00bb. Buenos Aires (NA) &#8211;\u00a0El presidente Mauricio Macri afirm\u00f3<\/p>\n","protected":false},"author":4,"featured_media":814,"comment_status":"closed","ping_status":"open","sticky":false,"template":"","format":"standard","meta":{"colormag_page_layout":"default_layout","footnotes":""},"categories":[2],"tags":[],"class_list":["post-813","post","type-post","status-publish","format-standard","has-post-thumbnail","hentry","category-noticias"],"_links":{"self":[{"href":"https:\/\/oasisfm935.com.ar\/site\/wp-json\/wp\/v2\/posts\/813","targetHints":{"allow":["GET"]}}],"collection":[{"href":"https:\/\/oasisfm935.com.ar\/site\/wp-json\/wp\/v2\/posts"}],"about":[{"href":"https:\/\/oasisfm935.com.ar\/site\/wp-json\/wp\/v2\/types\/post"}],"author":[{"embeddable":true,"href":"https:\/\/oasisfm935.com.ar\/site\/wp-json\/wp\/v2\/users\/4"}],"replies":[{"embeddable":true,"href":"https:\/\/oasisfm935.com.ar\/site\/wp-json\/wp\/v2\/comments?post=813"}],"version-history":[{"count":1,"href":"https:\/\/oasisfm935.com.ar\/site\/wp-json\/wp\/v2\/posts\/813\/revisions"}],"predecessor-version":[{"id":815,"href":"https:\/\/oasisfm935.com.ar\/site\/wp-json\/wp\/v2\/posts\/813\/revisions\/815"}],"wp:featuredmedia":[{"embeddable":true,"href":"https:\/\/oasisfm935.com.ar\/site\/wp-json\/wp\/v2\/media\/814"}],"wp:attachment":[{"href":"https:\/\/oasisfm935.com.ar\/site\/wp-json\/wp\/v2\/media?parent=813"}],"wp:term":[{"taxonomy":"category","embeddable":true,"href":"https:\/\/oasisfm935.com.ar\/site\/wp-json\/wp\/v2\/categories?post=813"},{"taxonomy":"post_tag","embeddable":true,"href":"https:\/\/oasisfm935.com.ar\/site\/wp-json\/wp\/v2\/tags?post=813"}],"curies":[{"name":"wp","href":"https:\/\/api.w.org\/{rel}","templated":true}]}}