{"id":821,"date":"2019-02-26T08:37:43","date_gmt":"2019-02-26T11:37:43","guid":{"rendered":"http:\/\/oasisfm935.com\/site\/?p=821"},"modified":"2019-02-26T08:50:33","modified_gmt":"2019-02-26T11:50:33","slug":"la-ucr-banca-a-marino","status":"publish","type":"post","link":"https:\/\/oasisfm935.com.ar\/site\/la-ucr-banca-a-marino\/","title":{"rendered":"Cambiemos apoy\u00f3 a Marino y seguir\u00e1 de vice en el Senado"},"content":{"rendered":"<p>El senador pampeano Juan Carlos Marino, ex intendente de Miguel Riglos y varias veces candidato a gobernador de La Pampa, continuar\u00e1 ocupando un lugar de privilegio en el Senado de la Naci\u00f3n. As\u00ed lo decidi\u00f3 el radicalismo de cara a la sesi\u00f3n preparatoria que se desarrollar\u00e1 ma\u00f1ana para elegir a las autoridades de la c\u00e1mara alta del Congreso de la Naci\u00f3n.<br \/>\nLa semana pasada este diario hab\u00eda anticipado que las chances de Marino de seguir en el cargo eran altas. As\u00ed lo hab\u00eda anticipado el matutino cordob\u00e9s La Voz del Interior. Ayer, la noticia la dio el diario porte\u00f1o La Naci\u00f3n, que, adem\u00e1s, public\u00f3 una declaraci\u00f3n en ese sentido el senador chaque\u00f1o Angel Rozas.<br \/>\n\u201cEl radicalismo tiene decidido sostener a Juan Carlos Marino (La Pampa) como vicepresidente primero del Senado en la sesi\u00f3n preparatoria de pasado ma\u00f1ana, cuando el Senado elegir\u00e1 la nueva mesa de conducci\u00f3n para este a\u00f1o. La decisi\u00f3n implicar\u00e1 un fuerte respaldo del centenario partido al senador pampeano, quien se encuentra denunciado por acoso sexual ante la Justicia Federal\u201d, dice el art\u00edculo que lleva la firma del periodista Gustavo Ybarra.<\/p>\n<p>&nbsp;<\/p>\n<p>Manoseo.<br \/>\nLa cr\u00f3nica record\u00f3 que en noviembre \u00faltimo, el pampeano fue denunciado por Claudia Guebel, una empleada de su despacho, quien dijo que hab\u00eda sido manoseada por el legislador y besada por la fuerza por uno de sus m\u00e1s estrechos colaboradores, Pedro Fiorda.<br \/>\n\u201cA pesar de su bajo perfil, Marino es uno de los legisladores que mayor poder acumulan en el Congreso. Adem\u00e1s de vicepresidente primero del Senado, es presidente de la Comisi\u00f3n Bicameral de Seguimiento y Control de los Organismos de Inteligencia y de la comisi\u00f3n especial que tiene a su cargo la administraci\u00f3n de la Biblioteca del Congreso. Ambas manejan fondos millonarios\u201d, narr\u00f3 Ybarra.<br \/>\nEl periodista cit\u00f3 declaraciones de uno de los miembros de la mesa chica de conducci\u00f3n del bloque radical en el Senado, el ex gobernador de Chaco Angel Rozas: \u201cPara nosotros est\u00e1 firme, no hay nada que nos indique que Marino deba dejar el cargo\u201d. A su vez, cit\u00f3 a un legislador macrista quien asegur\u00f3 que sus pares radicales le dijeron que \u201cpor ahora\u201d no hab\u00eda \u201cnada\u201d que ameritara un cambio.<\/p>\n<p>Jugada riesgosa.<br \/>\n\u201cEn el PRO reconocen que la jugada es riesgosa y esperaban que fuera el propio Marino el que diera un paso al costado. \u2018Se expone a vivir un mal momento porque alguna senadora puede pedir abstenerse a la hora de la votaci\u00f3n\u2019, se lament\u00f3 un senador con acceso a la Casa Rosada\u201d, cuenta el art\u00edculo publicado en La Naci\u00f3n.<br \/>\nSeg\u00fan el matutino porte\u00f1o, el PRO decidi\u00f3 no intervenir en la vida interna de su socio de Cambiemos, la UCR, al menos en lo referido al caso de Marino. Puertas adentro del bloque radical existe la \u201cfuerte convicci\u00f3n\u201d de que Marino es inocente y que la denuncia en su contra obedeci\u00f3 a una \u201coperaci\u00f3n pol\u00edtica\u201d destinada a bajar al senador de la interna de Cambiemos por la gobernaci\u00f3n de La Pampa.<\/p>\n<p>&nbsp;<\/p>\n<div class=\"oasis-despues-del-contenido\" id=\"oasis-2647098627\"><img loading=\"lazy\" decoding=\"async\" src=\"https:\/\/oasisfm935.com.ar\/site\/wp-content\/uploads\/2020\/08\/47806202-8741-49f2-a5c9-d2f930e5baa1.jpg\" alt=\"\"  srcset=\"https:\/\/oasisfm935.com.ar\/site\/wp-content\/uploads\/2020\/08\/47806202-8741-49f2-a5c9-d2f930e5baa1.jpg 1080w, https:\/\/oasisfm935.com.ar\/site\/wp-content\/uploads\/2020\/08\/47806202-8741-49f2-a5c9-d2f930e5baa1-300x300.jpg 300w, https:\/\/oasisfm935.com.ar\/site\/wp-content\/uploads\/2020\/08\/47806202-8741-49f2-a5c9-d2f930e5baa1-1024x1024.jpg 1024w, https:\/\/oasisfm935.com.ar\/site\/wp-content\/uploads\/2020\/08\/47806202-8741-49f2-a5c9-d2f930e5baa1-150x150.jpg 150w, https:\/\/oasisfm935.com.ar\/site\/wp-content\/uploads\/2020\/08\/47806202-8741-49f2-a5c9-d2f930e5baa1-768x768.jpg 768w\" sizes=\"(max-width: 1080px) 100vw, 1080px\" class=\"no-lazyload\" width=\"1080\" height=\"1080\"  style=\"display: inline-block;\" \/><\/div>","protected":false},"excerpt":{"rendered":"<p>El senador pampeano Juan Carlos Marino, ex intendente de Miguel Riglos y varias veces candidato a gobernador de La Pampa, continuar\u00e1 ocupando<\/p>\n","protected":false},"author":4,"featured_media":822,"comment_status":"closed","ping_status":"open","sticky":false,"template":"","format":"standard","meta":{"colormag_page_layout":"default_layout","footnotes":""},"categories":[2],"tags":[],"class_list":["post-821","post","type-post","status-publish","format-standard","has-post-thumbnail","hentry","category-noticias"],"_links":{"self":[{"href":"https:\/\/oasisfm935.com.ar\/site\/wp-json\/wp\/v2\/posts\/821","targetHints":{"allow":["GET"]}}],"collection":[{"href":"https:\/\/oasisfm935.com.ar\/site\/wp-json\/wp\/v2\/posts"}],"about":[{"href":"https:\/\/oasisfm935.com.ar\/site\/wp-json\/wp\/v2\/types\/post"}],"author":[{"embeddable":true,"href":"https:\/\/oasisfm935.com.ar\/site\/wp-json\/wp\/v2\/users\/4"}],"replies":[{"embeddable":true,"href":"https:\/\/oasisfm935.com.ar\/site\/wp-json\/wp\/v2\/comments?post=821"}],"version-history":[{"count":3,"href":"https:\/\/oasisfm935.com.ar\/site\/wp-json\/wp\/v2\/posts\/821\/revisions"}],"predecessor-version":[{"id":825,"href":"https:\/\/oasisfm935.com.ar\/site\/wp-json\/wp\/v2\/posts\/821\/revisions\/825"}],"wp:featuredmedia":[{"embeddable":true,"href":"https:\/\/oasisfm935.com.ar\/site\/wp-json\/wp\/v2\/media\/822"}],"wp:attachment":[{"href":"https:\/\/oasisfm935.com.ar\/site\/wp-json\/wp\/v2\/media?parent=821"}],"wp:term":[{"taxonomy":"category","embeddable":true,"href":"https:\/\/oasisfm935.com.ar\/site\/wp-json\/wp\/v2\/categories?post=821"},{"taxonomy":"post_tag","embeddable":true,"href":"https:\/\/oasisfm935.com.ar\/site\/wp-json\/wp\/v2\/tags?post=821"}],"curies":[{"name":"wp","href":"https:\/\/api.w.org\/{rel}","templated":true}]}}