{"id":8308,"date":"2020-12-01T23:04:03","date_gmt":"2020-12-02T02:04:03","guid":{"rendered":"http:\/\/oasisfm935.com\/site\/?p=8308"},"modified":"2020-12-01T23:11:21","modified_gmt":"2020-12-02T02:11:21","slug":"atencion-los-requisitos-para-poder-ingresar-a-la-pampa","status":"publish","type":"post","link":"https:\/\/oasisfm935.com.ar\/site\/atencion-los-requisitos-para-poder-ingresar-a-la-pampa\/","title":{"rendered":"Atenci\u00f3n Los requisitos para poder ingresar a La Pampa."},"content":{"rendered":"<section id=\"g-container-main\" class=\"g-wrapper\">\n<div class=\"g-container\">\n<div class=\"g-grid\">\n<div class=\"g-block size-67\">\n<div class=\"g-grid\">\n<div class=\"g-block size-100 nomarginall nopaddingall py-2\">\n<div class=\"g-content\">\n<div class=\"platform-content\">\n<div class=\"moduletable \">\n<div role=\"navigation\" aria-label=\"Breadcrumbs\">\n<p>&nbsp;<\/p>\n<\/div>\n<\/div>\n<\/div>\n<\/div>\n<\/div>\n<\/div>\n<div class=\"g-grid\">\n<div class=\"g-block size-100 pre-content\">\n<div class=\"g-content\">\n<div class=\"platform-content row-fluid\">\n<div class=\"span12\">\n<div class=\"item-page\">\n<div class=\"col-12 d-inline\">\n<div class=\"pull-left item-image\"><a href=\"https:\/\/www.eldiariodelapampa.com.ar\/provinciales\/7872-dan-a-conocer-los-requisitos-para-ingresar-a-la-pampa\"><img decoding=\"async\" src=\"https:\/\/www.eldiariodelapampa.com.ar\/images\/2020\/diciembre_2020\/01-12-2020\/realico.jpg\" alt=\"\" \/><\/a><\/div>\n<\/div>\n<div>\n<p>Desde las 0 horas de este mi\u00e9rcoles est\u00e1 permitido el ingreso sin necesidad de cumplir aislamiento.<\/p>\n<p>El Gobierno Pampenao inform\u00f3 que luego de la la nueva flexibilizaci\u00f3n anunciada hoy, se habilit\u00f3 el ingreso a la Provincia sin aislamiento y sin distinci\u00f3n del lugar de procedencia o el motivo del viaje.<\/p>\n<p>Para entrar solo se requerir\u00e1 un permiso \u00fanico que se gestionar\u00e1 en el sitio https:\/\/www.lapampa.gob.ar\u00a0 y de manera no obligatoria se recomienda la utilizaci\u00f3n de la aplicaci\u00f3n\u00a0 #cuidapp de autocuidado que se gestiona en ingreso.lapampa.gob.ar. Tanto los permisos como la app estar\u00e1n disponibles a partir de las 0 de este mi\u00e9rcoles 2 de diciembre.<\/p>\n<p>Adem\u00e1s, aclararon que las personas que se encuentran aisladas preventivamente con \u201cdiagn\u00f3sticos positivos, contactos estrechos y contactos de contacto\u201d deber\u00e1n continuar en esa condici\u00f3n durante el plazo estipulado por las autoridades sanitarias.<\/p>\n<p><img decoding=\"async\" src=\"https:\/\/www.eldiariodelapampa.com.ar\/images\/2020\/diciembre_2020\/01-12-2020\/cuidap.jpg\" alt=\"cuidap\" \/><\/p>\n<p>Reiteraron que las personas con diagn\u00f3stico positivo permanecer\u00e1n en aislamiento hasta su alta m\u00e9dica y que los contactos estrechos de un positivo tendr\u00e1n que cumplir con los14 d\u00edas de aislamiento obligatorio.<\/p>\n<p>Por otra parte, los contactos de contacto permanecer\u00e1n en aislamiento obligatorio 7 d\u00edas, tras lo cual obtendr\u00e1n un alta transitoria con la app #ControlSalud y al d\u00eda 14 el alta definitiva.<\/p>\n<p>\u00danicamente las personas que est\u00e9n cumpliendo aislamiento por ingreso a la Provincia, podr\u00e1n dejar la medida de aislamiento a partir de las 0 de ma\u00f1ana.<\/p>\n<\/div>\n<\/div>\n<\/div>\n<\/div>\n<\/div>\n<\/div>\n<\/div>\n<\/div>\n<\/div>\n<\/div>\n<\/section>\n<div class=\"oasis-despues-del-contenido\" id=\"oasis-26329901\"><img loading=\"lazy\" decoding=\"async\" src=\"https:\/\/oasisfm935.com.ar\/site\/wp-content\/uploads\/2020\/08\/47806202-8741-49f2-a5c9-d2f930e5baa1.jpg\" alt=\"\"  srcset=\"https:\/\/oasisfm935.com.ar\/site\/wp-content\/uploads\/2020\/08\/47806202-8741-49f2-a5c9-d2f930e5baa1.jpg 1080w, https:\/\/oasisfm935.com.ar\/site\/wp-content\/uploads\/2020\/08\/47806202-8741-49f2-a5c9-d2f930e5baa1-300x300.jpg 300w, https:\/\/oasisfm935.com.ar\/site\/wp-content\/uploads\/2020\/08\/47806202-8741-49f2-a5c9-d2f930e5baa1-1024x1024.jpg 1024w, https:\/\/oasisfm935.com.ar\/site\/wp-content\/uploads\/2020\/08\/47806202-8741-49f2-a5c9-d2f930e5baa1-150x150.jpg 150w, https:\/\/oasisfm935.com.ar\/site\/wp-content\/uploads\/2020\/08\/47806202-8741-49f2-a5c9-d2f930e5baa1-768x768.jpg 768w\" sizes=\"(max-width: 1080px) 100vw, 1080px\" class=\"no-lazyload\" width=\"1080\" height=\"1080\"  style=\"display: inline-block;\" \/><\/div>","protected":false},"excerpt":{"rendered":"<p>&nbsp; Desde las 0 horas de este mi\u00e9rcoles est\u00e1 permitido el ingreso sin necesidad de cumplir aislamiento. El Gobierno Pampenao inform\u00f3 que<\/p>\n","protected":false},"author":4,"featured_media":8309,"comment_status":"closed","ping_status":"open","sticky":false,"template":"","format":"standard","meta":{"colormag_page_layout":"default_layout","footnotes":""},"categories":[2],"tags":[],"class_list":["post-8308","post","type-post","status-publish","format-standard","has-post-thumbnail","hentry","category-noticias"],"_links":{"self":[{"href":"https:\/\/oasisfm935.com.ar\/site\/wp-json\/wp\/v2\/posts\/8308","targetHints":{"allow":["GET"]}}],"collection":[{"href":"https:\/\/oasisfm935.com.ar\/site\/wp-json\/wp\/v2\/posts"}],"about":[{"href":"https:\/\/oasisfm935.com.ar\/site\/wp-json\/wp\/v2\/types\/post"}],"author":[{"embeddable":true,"href":"https:\/\/oasisfm935.com.ar\/site\/wp-json\/wp\/v2\/users\/4"}],"replies":[{"embeddable":true,"href":"https:\/\/oasisfm935.com.ar\/site\/wp-json\/wp\/v2\/comments?post=8308"}],"version-history":[{"count":2,"href":"https:\/\/oasisfm935.com.ar\/site\/wp-json\/wp\/v2\/posts\/8308\/revisions"}],"predecessor-version":[{"id":8311,"href":"https:\/\/oasisfm935.com.ar\/site\/wp-json\/wp\/v2\/posts\/8308\/revisions\/8311"}],"wp:featuredmedia":[{"embeddable":true,"href":"https:\/\/oasisfm935.com.ar\/site\/wp-json\/wp\/v2\/media\/8309"}],"wp:attachment":[{"href":"https:\/\/oasisfm935.com.ar\/site\/wp-json\/wp\/v2\/media?parent=8308"}],"wp:term":[{"taxonomy":"category","embeddable":true,"href":"https:\/\/oasisfm935.com.ar\/site\/wp-json\/wp\/v2\/categories?post=8308"},{"taxonomy":"post_tag","embeddable":true,"href":"https:\/\/oasisfm935.com.ar\/site\/wp-json\/wp\/v2\/tags?post=8308"}],"curies":[{"name":"wp","href":"https:\/\/api.w.org\/{rel}","templated":true}]}}