{"id":8313,"date":"2020-12-02T08:41:59","date_gmt":"2020-12-02T11:41:59","guid":{"rendered":"http:\/\/oasisfm935.com\/site\/?p=8313"},"modified":"2020-12-02T08:52:26","modified_gmt":"2020-12-02T11:52:26","slug":"emprendedores-luiggenses-recibieron-creditos-de-desarrollo-productivo","status":"publish","type":"post","link":"https:\/\/oasisfm935.com.ar\/site\/emprendedores-luiggenses-recibieron-creditos-de-desarrollo-productivo\/","title":{"rendered":"Emprendedores luiggenses recibieron cr\u00e9ditos de Desarrollo Productivo"},"content":{"rendered":"<p class=\"lead nota-detalle-bajada\"><strong>A trav\u00e9s del Ministerio de la Producci\u00f3n se entregaron hoy 8 cr\u00e9ditos de Desarrollo Productivo a emprendedores de la localidad de Ingeniero Luiggi, por un monto total superior al mill\u00f3n 200 mil pesos.<\/strong><\/p>\n<div class=\"nota-detalle-cuerpo\">\n<p lang=\"es-ES\" align=\"JUSTIFY\">Dichos fondos ser\u00e1n empleados en general para la compra de herramientas destinadas a emprendimientos de reposter\u00eda, panificaci\u00f3n, elaboraci\u00f3n de alimentos, fabricaci\u00f3n de helados, servicio de electrificaci\u00f3n rural y para la construcci\u00f3n de galpones industriales.<\/p>\n<p lang=\"es-ES\" align=\"JUSTIFY\"><img decoding=\"async\" src=\"https:\/\/apn.lapampa.gob.ar\/images\/multimedia\/197064_resize-of-img_20201201_105849.jpg\" alt=\" - \" \/><\/p>\n<p lang=\"es-ES\" align=\"JUSTIFY\">El subsecretario de Industria, Comercio y PyMEs, Silvano Tonellotto encabez\u00f3 esta entrega junto a la intendenta de la localidad anfitriona, Patricia Lav\u00edn.<\/p>\n<p lang=\"es-ES\" align=\"JUSTIFY\">En esta oportunidad, el funcionario provincial luego de trasladar los saludos correspondientes del gobernador Sergio Zillioto y del ministro, Ricardo Moralejo, record\u00f3 su paso por el municipio de La Adela, \u201cvengo de trabajar en el sector productivo de una Municipalidad, por ello conozco lo que es llevar adelante un sue\u00f1o, un proyecto y poder acompa\u00f1ar a los emprendedores\u201d.<br \/>\nSe\u00f1al\u00f3 a los beneficiarios que pudieron acceder a \u201cun cr\u00e9dito blando, con 0% tasa de inter\u00e9s, con un buen per\u00edodo de gracia y mucho plazo para lograr devolver estos montos\u201d.<\/p>\n<p lang=\"es-ES\" align=\"JUSTIFY\">De todas maneras destac\u00f3 que al tratarse de fondos descentralizados, esto conlleva un trabajo conjunto entre el municipio y en este caso el Ministerio de la Producci\u00f3n \u201cque puede potenciar el trabajo de ustedes\u201d. Y remarc\u00f3 que estas acciones se llevan a cabo no s\u00f3lo en esta l\u00ednea de Desarrollo Productivo, sino en todas las l\u00edneas que tiene el Ministerio, \u201choy d\u00eda cuenta con muchas herramientas para aprovechar, y eso porque tenemos tanto un Gobernador como un ministro de la Producci\u00f3n que conocen mucho el sector productivo, por ello su apoyo\u201d.<\/p>\n<p lang=\"es-ES\" align=\"JUSTIFY\">Tonellotto record\u00f3 que en el transcurso del presente a\u00f1o llevan entregados en Ingeniero Luiggi y su zona de influencia, 120 millones de pesos a tasa subsidiada. Sumado a ello mencion\u00f3 entre otros beneficios que \u201cen esta localidad hay 7 empresas que est\u00e1n trabajando en la operatoria Compre Pampeano, adem\u00e1s es una localidad muy activa y participativa tanto en las rondas de negocios como en las exposiciones fuera de la provincia y tambi\u00e9n est\u00e1 la plataforma virtual donde ustedes pueden promocionar todos sus productos de manera totalmente gratuita, se trata de una herramienta comercial de la cual participan muchos comercios locales\u201d.<\/p>\n<p lang=\"es-ES\" align=\"JUSTIFY\">Con este resumen el subsecretario dio a entender a los emprendedores que \u201ca medida que vayan creciendo sus negocios, el Ministerio cuenta con distintas herramientas para acompa\u00f1arlos, en cada una de las etapas\u201d, por ello reiter\u00f3 el pedido de acercamiento al municipio \u201cy vamos a encontrar distintas posibilidades que puedan hacer crecer sus negocios, ya sea en la parte productiva, en la presentaci\u00f3n del packaging, o en algunos aspectos comerciales\u201d.<\/p>\n<p lang=\"es-ES\" align=\"JUSTIFY\">Como corolario de este incentivo, el funcionario provincial trajo a colaci\u00f3n \u201cun slogan que siempre dice el ministro Moralejo\u201d, \u201clas empresas tienen que ser competitivas y esto hace que vendan, y si venden y generan ingresos, por ende podr\u00e1n seguir creciendo\u201d.<\/p>\n<p lang=\"es-ES\" align=\"JUSTIFY\"><img decoding=\"async\" src=\"https:\/\/apn.lapampa.gob.ar\/images\/multimedia\/132188_resize-of-img_20201201_110500.jpg\" \/><\/p>\n<p lang=\"es-ES\" align=\"JUSTIFY\">Finalmente felicit\u00f3 a los emprendedores \u201cpor asumir el riesgo de emprender para seguir creciendo, por generar movimiento econ\u00f3mico, lo que implica pensar en el bienestar de la localidad\u201d.<\/p>\n<p lang=\"es-ES\" align=\"JUSTIFY\"><strong>Ingeniero Luiggi<\/strong><br \/>\nPor su parte la jefa comunal, record\u00f3 el inicio de la Ley de Descentralizaci\u00f3n bajo la gobernaci\u00f3n de Carlos Verna, oportunidad en la que\u00a0dijo, \u00abacompa\u00f1\u00e9 la sanci\u00f3n de la misma como diputada provincial, y en ese momento ya est\u00e1bamos convencidos de que iba a significar esto que hacemos hoy ac\u00e1, dar respuestas, dar posibilidades de llevar adelante proyectos, sue\u00f1os\u201d.<\/p>\n<p lang=\"es-ES\" align=\"JUSTIFY\">Luego record\u00f3 que desde el Ministerio de Desarrollo Social donde se desempe\u00f1\u00f3\u00a0anteriormente, tambi\u00e9n pasaron otras l\u00edneas y otros programas que forman parte de esta misma Ley. \u201cY al momento de implementarla, la propuesta inclu\u00eda la posibilidad de que los intendentes y jefes comunales, tan pr\u00f3ximos a la gente, puedan a trav\u00e9s de recursos econ\u00f3micos dar respuestas, en este caso concreto proyectos productivos, en otros casos soluciones habitacionales, la red terciaria o proyectos de econom\u00eda social o de participaci\u00f3n comunitaria\u201d.<\/p>\n<p lang=\"es-ES\" align=\"JUSTIFY\">Y enfatiz\u00f3 en que se trata de una Ley compartida por distintos Ministerios, con lo cual ha sido una norma muy innovadora\u201d.<br \/>\nRespecto de esta entrega sostuvo que \u201ceste mill\u00f3n 200 mil pesos, nos permite darles respuestas a ustedes que se han acercado con sus proyectos, en algunos casos ya tienen una historia, y otros vienen con una idea, a los cuales es muy satisfactorio poder darles este aporte econ\u00f3mico\u201d.<\/p>\n<p lang=\"es-ES\" align=\"JUSTIFY\">Para continuar en este camino la intendenta solicit\u00f3 a los beneficiarios que paguen las cuotas \u201cporque ese recupero para nosotros es importante, nos permite seguir sosteniendo y dando respuestas a la gente, tienen 6 meses de gracia y 0% inter\u00e9s\u201d.<br \/>\nPor ello felicit\u00f3 a los beneficiarios \u201cpor seguir apostando a nuestra localidad y porque son el motor de la econom\u00eda local, y sabemos lo que significa hoy llevar adelante un proyecto\u201d.<\/p>\n<p lang=\"es-ES\" align=\"JUSTIFY\">Finalmente agradeci\u00f3 al Gobierno de La Pampa, a trav\u00e9s del Ministerio de la Producci\u00f3n, por posibilitar este mecanismo de aportes que llegan directamente a los emprendedores locales.<\/p>\n<\/div>\n<div class=\"oasis-despues-del-contenido\" id=\"oasis-3611643106\"><img loading=\"lazy\" decoding=\"async\" src=\"https:\/\/oasisfm935.com.ar\/site\/wp-content\/uploads\/2020\/08\/47806202-8741-49f2-a5c9-d2f930e5baa1.jpg\" alt=\"\"  srcset=\"https:\/\/oasisfm935.com.ar\/site\/wp-content\/uploads\/2020\/08\/47806202-8741-49f2-a5c9-d2f930e5baa1.jpg 1080w, https:\/\/oasisfm935.com.ar\/site\/wp-content\/uploads\/2020\/08\/47806202-8741-49f2-a5c9-d2f930e5baa1-300x300.jpg 300w, https:\/\/oasisfm935.com.ar\/site\/wp-content\/uploads\/2020\/08\/47806202-8741-49f2-a5c9-d2f930e5baa1-1024x1024.jpg 1024w, https:\/\/oasisfm935.com.ar\/site\/wp-content\/uploads\/2020\/08\/47806202-8741-49f2-a5c9-d2f930e5baa1-150x150.jpg 150w, https:\/\/oasisfm935.com.ar\/site\/wp-content\/uploads\/2020\/08\/47806202-8741-49f2-a5c9-d2f930e5baa1-768x768.jpg 768w\" sizes=\"(max-width: 1080px) 100vw, 1080px\" class=\"no-lazyload\" width=\"1080\" height=\"1080\"  style=\"display: inline-block;\" \/><\/div>","protected":false},"excerpt":{"rendered":"<p>A trav\u00e9s del Ministerio de la Producci\u00f3n se entregaron hoy 8 cr\u00e9ditos de Desarrollo Productivo a emprendedores de la localidad de Ingeniero<\/p>\n","protected":false},"author":4,"featured_media":8314,"comment_status":"closed","ping_status":"open","sticky":false,"template":"","format":"standard","meta":{"colormag_page_layout":"default_layout","footnotes":""},"categories":[2],"tags":[],"class_list":["post-8313","post","type-post","status-publish","format-standard","has-post-thumbnail","hentry","category-noticias"],"_links":{"self":[{"href":"https:\/\/oasisfm935.com.ar\/site\/wp-json\/wp\/v2\/posts\/8313","targetHints":{"allow":["GET"]}}],"collection":[{"href":"https:\/\/oasisfm935.com.ar\/site\/wp-json\/wp\/v2\/posts"}],"about":[{"href":"https:\/\/oasisfm935.com.ar\/site\/wp-json\/wp\/v2\/types\/post"}],"author":[{"embeddable":true,"href":"https:\/\/oasisfm935.com.ar\/site\/wp-json\/wp\/v2\/users\/4"}],"replies":[{"embeddable":true,"href":"https:\/\/oasisfm935.com.ar\/site\/wp-json\/wp\/v2\/comments?post=8313"}],"version-history":[{"count":2,"href":"https:\/\/oasisfm935.com.ar\/site\/wp-json\/wp\/v2\/posts\/8313\/revisions"}],"predecessor-version":[{"id":8316,"href":"https:\/\/oasisfm935.com.ar\/site\/wp-json\/wp\/v2\/posts\/8313\/revisions\/8316"}],"wp:featuredmedia":[{"embeddable":true,"href":"https:\/\/oasisfm935.com.ar\/site\/wp-json\/wp\/v2\/media\/8314"}],"wp:attachment":[{"href":"https:\/\/oasisfm935.com.ar\/site\/wp-json\/wp\/v2\/media?parent=8313"}],"wp:term":[{"taxonomy":"category","embeddable":true,"href":"https:\/\/oasisfm935.com.ar\/site\/wp-json\/wp\/v2\/categories?post=8313"},{"taxonomy":"post_tag","embeddable":true,"href":"https:\/\/oasisfm935.com.ar\/site\/wp-json\/wp\/v2\/tags?post=8313"}],"curies":[{"name":"wp","href":"https:\/\/api.w.org\/{rel}","templated":true}]}}