{"id":833,"date":"2019-02-27T11:22:27","date_gmt":"2019-02-27T14:22:27","guid":{"rendered":"http:\/\/oasisfm935.com\/site\/?p=833"},"modified":"2019-02-27T14:08:25","modified_gmt":"2019-02-27T17:08:25","slug":"suspendieron-al-obrero-que-enfrento-a-macri","status":"publish","type":"post","link":"https:\/\/oasisfm935.com.ar\/site\/suspendieron-al-obrero-que-enfrento-a-macri\/","title":{"rendered":"Suspendieron al obrero que enfrent\u00f3 a Macri"},"content":{"rendered":"<p>Dante, el obrero que ayer se anim\u00f3 a increpar al presidente Mauricio Macri y le pidi\u00f3 que \u201chaga algo\u201d para mejorar la situaci\u00f3n que est\u00e1n atravesando los argentinos, no fue esta ma\u00f1ana a trabajar. Horas despu\u00e9s de que el gasista reclamara al mandatario que frenara el ajuste que afecta a los trabajadores, sus compa\u00f1eros denuncian que la empresa lo cit\u00f3 en una oficina y lo suspendi\u00f3 por tiempo indeterminado. El Gobierno y la UOCRA desmintieron esa informaci\u00f3n y aseguran que sigue con sus tareas.<\/p>\n<p>Los compa\u00f1eros de Dante le contaron a la radio AM750 lo sucedido y dejaron en claro que no quer\u00edan salir al aire por miedo a las represalias. Ayer el hombre hab\u00eda dejado mal parado el gobierno, que no pudo esta vez cuidar al detalle la imagen del mandatario cuando el trabajador se acerc\u00f3 a pedirle a cara a cara Macri que cambie el rumbo.<\/p>\n<p>Una vez que se dio a conocer la informaci\u00f3n, el Gobierno desminti\u00f3 la suspensi\u00f3n del obrero. En una confusa declaraci\u00f3n, el secretario de Vivienda Iv\u00e1n Kerr aclar\u00f3 que \u201cen ning\u00fan momento\u201d la empresa contratista lo suspendi\u00f3, seg\u00fan pudo saber tras comunicarse con Santiago Riva, el presidente de la compa\u00f1\u00eda constructora. Sin embargo, r\u00e1pidamente intent\u00f3 despegar al gobierno de la posible decisi\u00f3n. \u201cNo es un obrero que pertenezca a una obra de Procrear. Es un obrero que pertenece a una jard\u00edn que est\u00e1 construyendo el Gobierno de la Ciudad dentro del predio de procrear\u201d, puntualiz\u00f3 Kerr. De acuerdo al secretario, Dante trabaja para una \u201cempresa subcontratista\u201d de Riva de la que desconoce el nombre.<\/p>\n<p>Tras la recorrida del Presidente por las obras de un emprendimiento del programa ProCrear, Dante se acerc\u00f3 a Macri cuando se sacaba la t\u00edpica foto con un grupo de trabajadores y le dijo: \u201cSoy un laburante, vivo d\u00eda a d\u00eda, todos los d\u00edas a las 5 de la ma\u00f1ana me levanto\u201d. \u201cSabe que estamos decayendo, la gente est\u00e1 decayendo\u201d, le se\u00f1al\u00f3.<\/p>\n<p>Seg\u00fan revel\u00f3 el programa de V\u00edctor Hugo Morales en AM750, a todos los trabajadores que se fotografiaron con Macri los hab\u00edan preparado previamente con vestimenta y cascos nuevos. Precisamente, el casco azul de Dante desentonaba con los amarillos que ten\u00edan los obreros que estaban al lado del mandatario.<\/p>\n<p>\u201cFueron prolijamente vestidos, les dieron ropa nueva, cascos nuevos, los posicionaron detr\u00e1s de Mauricio Macri y en ese momento es cuando Dante lo interpela al presidente\u201d, contaron en el programa La Ma\u00f1ana con V\u00edctor Hugo. La informaci\u00f3n la obtuvieron de los mismos compa\u00f1eros de Dante, aunque aclararon que ellos \u201ctienen mucho miedo de hablar y no quieren exponerse\u201d. Todos son trabajadores de distintas \u00e1reas de la construcci\u00f3n que forman parte del proyecto inmobiliario de 10 edificios de 7 pisos.<\/p>\n<p>Ayer la realidad sobrepas\u00f3 los guiones del equipo de Cambiemos. A pesar de que el equipo de Macri intent\u00f3 frenar a Dante, el gasista logr\u00f3 enfrentarlo respetuosamente. \u201cNo entiendo, tratemos de hacer r\u00e1pido las cosas. Estamos peor, haga algo\u201d, respondi\u00f3 ante las justificaciones del mandatario, quien luego le dio un abrazo para que dejara de hablar. \u201cHagan algo, la concha de mi hermana\u201d, se retir\u00f3 Dante.<\/p>\n<div class=\"oasis-despues-del-contenido\" id=\"oasis-687279870\"><img loading=\"lazy\" decoding=\"async\" src=\"https:\/\/oasisfm935.com.ar\/site\/wp-content\/uploads\/2020\/08\/47806202-8741-49f2-a5c9-d2f930e5baa1.jpg\" alt=\"\"  srcset=\"https:\/\/oasisfm935.com.ar\/site\/wp-content\/uploads\/2020\/08\/47806202-8741-49f2-a5c9-d2f930e5baa1.jpg 1080w, https:\/\/oasisfm935.com.ar\/site\/wp-content\/uploads\/2020\/08\/47806202-8741-49f2-a5c9-d2f930e5baa1-300x300.jpg 300w, https:\/\/oasisfm935.com.ar\/site\/wp-content\/uploads\/2020\/08\/47806202-8741-49f2-a5c9-d2f930e5baa1-1024x1024.jpg 1024w, https:\/\/oasisfm935.com.ar\/site\/wp-content\/uploads\/2020\/08\/47806202-8741-49f2-a5c9-d2f930e5baa1-150x150.jpg 150w, https:\/\/oasisfm935.com.ar\/site\/wp-content\/uploads\/2020\/08\/47806202-8741-49f2-a5c9-d2f930e5baa1-768x768.jpg 768w\" sizes=\"(max-width: 1080px) 100vw, 1080px\" class=\"no-lazyload\" width=\"1080\" height=\"1080\"  style=\"display: inline-block;\" \/><\/div>","protected":false},"excerpt":{"rendered":"<p>Dante, el obrero que ayer se anim\u00f3 a increpar al presidente Mauricio Macri y le pidi\u00f3 que \u201chaga algo\u201d para mejorar la<\/p>\n","protected":false},"author":4,"featured_media":834,"comment_status":"closed","ping_status":"open","sticky":false,"template":"","format":"standard","meta":{"colormag_page_layout":"default_layout","footnotes":""},"categories":[2],"tags":[],"class_list":["post-833","post","type-post","status-publish","format-standard","has-post-thumbnail","hentry","category-noticias"],"_links":{"self":[{"href":"https:\/\/oasisfm935.com.ar\/site\/wp-json\/wp\/v2\/posts\/833","targetHints":{"allow":["GET"]}}],"collection":[{"href":"https:\/\/oasisfm935.com.ar\/site\/wp-json\/wp\/v2\/posts"}],"about":[{"href":"https:\/\/oasisfm935.com.ar\/site\/wp-json\/wp\/v2\/types\/post"}],"author":[{"embeddable":true,"href":"https:\/\/oasisfm935.com.ar\/site\/wp-json\/wp\/v2\/users\/4"}],"replies":[{"embeddable":true,"href":"https:\/\/oasisfm935.com.ar\/site\/wp-json\/wp\/v2\/comments?post=833"}],"version-history":[{"count":3,"href":"https:\/\/oasisfm935.com.ar\/site\/wp-json\/wp\/v2\/posts\/833\/revisions"}],"predecessor-version":[{"id":843,"href":"https:\/\/oasisfm935.com.ar\/site\/wp-json\/wp\/v2\/posts\/833\/revisions\/843"}],"wp:featuredmedia":[{"embeddable":true,"href":"https:\/\/oasisfm935.com.ar\/site\/wp-json\/wp\/v2\/media\/834"}],"wp:attachment":[{"href":"https:\/\/oasisfm935.com.ar\/site\/wp-json\/wp\/v2\/media?parent=833"}],"wp:term":[{"taxonomy":"category","embeddable":true,"href":"https:\/\/oasisfm935.com.ar\/site\/wp-json\/wp\/v2\/categories?post=833"},{"taxonomy":"post_tag","embeddable":true,"href":"https:\/\/oasisfm935.com.ar\/site\/wp-json\/wp\/v2\/tags?post=833"}],"curies":[{"name":"wp","href":"https:\/\/api.w.org\/{rel}","templated":true}]}}