{"id":839,"date":"2019-02-27T13:55:08","date_gmt":"2019-02-27T16:55:08","guid":{"rendered":"http:\/\/oasisfm935.com\/site\/?p=839"},"modified":"2019-02-27T13:55:08","modified_gmt":"2019-02-27T16:55:08","slug":"la-corte-ordeno-a-la-justicia-pampeana-averiguar-si-skanska-pago-coimas-en-el-acueducto","status":"publish","type":"post","link":"https:\/\/oasisfm935.com.ar\/site\/la-corte-ordeno-a-la-justicia-pampeana-averiguar-si-skanska-pago-coimas-en-el-acueducto\/","title":{"rendered":"La Corte orden\u00f3 a la Justicia pampeana averiguar si Skanska pag\u00f3 coimas en el Acueducto"},"content":{"rendered":"<ul>\n<li>La\u00a0<strong>Corte Suprema de Justicia de la Naci\u00f3n<\/strong>\u00a0orden\u00f3 en las \u00faltimas horas al\u00a0<strong>Juzgado Penal 5 de Santa Rosa<\/strong>que retome la investigaci\u00f3n por la<strong>\u201ccausa de las valijitas\u201d<\/strong>: debe establecer si las empresas\u00a0<strong>Skanska<\/strong>\u00a0y\u00a0<strong>Techint<\/strong>\u00a0pagaron<strong>\u00a0coimas a funcionarios pampeanos<\/strong>\u00a0luego de obtener la licitaci\u00f3n para terminar el\u00a0<strong>Acueducto del R\u00edo Colorado<\/strong>, seg\u00fan una resoluci\u00f3n a la que accedi\u00f3\u00a0<strong>Diario Textual<\/strong>.\n<p>Este delito se habr\u00eda cometido hace casi dos d\u00e9cadas: en 2000, las empresas Skanska y Techint se hab\u00edan quedado con la terminaci\u00f3n del acueducto que hab\u00eda abandonado Am\u00e9rico Gualtieri.<\/p>\n<p>El pago lo realizaban ambas empresas, siempre seg\u00fan un audio de 90 minutos que se conoci\u00f3 en 2007.<strong>En esa escucha, un auditor interno de Skanska dej\u00f3 probado c\u00f3mo la constructora administraba el pago de coimas en la Argentina. Incluso en un allanamiento en Skanska, donde se encontr\u00f3 ese revelador audio, se hall\u00f3 un documento titulado \u201cInforme Final La Pampa\u201d.<\/strong><\/p>\n<p>En el trascurso de esos 90 minutos, el auditor<strong>\u00a0Claudio Corrizo<\/strong>\u00a0dialoga con el entonces gerente comercial de Skanska,\u00a0<strong>Javier Azc\u00e1rate<\/strong>, sobre las operaciones y pagos de sobornos en diferentes puntos del pa\u00eds y Latinoam\u00e9rica.<\/p>\n<p>Seg\u00fan consta en el expediente, la transcripci\u00f3n de la conversaci\u00f3n es la siguiente: \u201cCorizo y Azc\u00e1rate conversan sobre las operaciones en La Pampa, donde particip\u00f3 el Grupo Techint juntando el dinero para el pago de sobornos, seg\u00fan los propios dichos de Azc\u00e1rate: los encargados eran Carlos Bacher (CEO de Techint Ingenier\u00eda) y H\u00e9ctor Zabaleta (director financiero del holding). Explica que era indistinto que el dinero para el pago de sobornos a funcionarios del gobierno de La Pampa (\u2018la valija\u2019) lo lleve Techint o lo lleve Skanska\u201d.<\/p>\n<p>&nbsp;<\/p>\n<p><strong>Las idas y venidas de la causa<\/strong><\/p>\n<p>Los investigadores de ese momento decidieron denunciar el hecho en la Justicia de La Pampa, ya que se refer\u00eda a supuestos pagos a funcionarios provinciales y no nacionales. El entonces juez Carlos Flores -ya se jubil\u00f3- le tom\u00f3 declaraci\u00f3n a la mayor\u00eda de los mencionados. Pero luego la Justicia Federal de Capital Federal declar\u00f3 nula la grabaci\u00f3n y se archivaron varias causas, entre ellas la que se llevaba en La Pampa.<\/p>\n<p>Ya con el cambio de Gobierno nacional, en 2016 se declar\u00f3 que la grabaci\u00f3n ten\u00eda validez y, entonces, el Juzgado 5 reabri\u00f3 la causa. Pero en mayo de 2017 devolvi\u00f3 el expediente a la Justicia federal porte\u00f1a, sin ning\u00fan tipo de avance en la investigaci\u00f3n, y pidi\u00f3 que se investigue el hecho en Capital Federal.<\/p>\n<p>El fiscal Carlos Stornelli y el juez Sebasti\u00e1n Casanello rechazaron la competencia y devolvieron el expediente contra Skanska y Techint a La Pampa. El juzgado pampeano insisti\u00f3 en su incompetencia: dijo que, como hab\u00eda en el medio fondos nacionales, deb\u00eda investigar la Justicia Federal. As\u00ed tuvo que terciar la Corte Suprema de Justicia de la Naci\u00f3n.\u00a0<strong>Este martes, los magistrados del m\u00e1ximo organismo judicial dijeron que, en principio, debe investigar la Justicia provincial.<\/strong><\/p>\n<p>Seg\u00fan la resoluci\u00f3n firmada ayer, a la que accedi\u00f3 Diario Textual, se apoyaron en un dictamen del procurador\u00a0<strong>Eduardo Casal<\/strong>. \u201cEmana con suficiente nitidez de la resoluci\u00f3n del gobierno de la provincia de La Pampa -del 18 de julio de 2001-; del contrato de fojas 96\/97 -fechado el 24 de junio de ese mismo a\u00f1o y del acta de recepci\u00f3n provisoria de las obras -que data del 30 de junio de 2005- que, si bien, entre otras, result\u00f3 adjudicada la uni\u00f3n transitoria de empresas Skanska \u2013 Techint para la ejecuci\u00f3n de los emprendimientos acordados con la Comisi\u00f3n T\u00e9cnica Acueducto R\u00edo Colorado, esa contrataci\u00f3n -tal como lo se\u00f1ala espec\u00edficamente el fiscal federal a fojas 524-\u00a0<strong>habr\u00eda tenido estricta naturaleza provincial<\/strong>, circunstancia que, sumada a los escasos elementos probatorios arrimados al legajo, impide formular a priori un juicio cierto acerca de la posibilidad de que el objeto procesal de esta causa se encuentre comprendido -como ya se dijo- en el de aqu\u00e9lla, de \u00edndole federal, tal como lo pretende el declinante\u201d, argument\u00f3 el procurador.<\/p>\n<p>&nbsp;<\/p>\n<p><strong>La grabaci\u00f3n<\/strong><\/p>\n<p>En el famoso audio, Azc\u00e1rate reconoci\u00f3 que, adem\u00e1s de las maniobras en los gasoductos del Norte y del Sur, se pagaron sobornos en La Pampa y en Per\u00fa. Y expres\u00f3 que, adem\u00e1s de Skanska, estuvo involucrada la empresa Techint.<\/p>\n<p>En el caso de La Pampa, siempre seg\u00fan las declaraciones de Azc\u00e1rate en esas escuchas, el dinero de los sobornos se lleg\u00f3 a trasladar en \u201cvalijitas\u201d. Y se involucr\u00f3 a un \u201cgober\u201d y a un \u201csecretario de Obras P\u00fablicas\u201d. Parte de la grabaci\u00f3n es la siguiente:<\/p>\n<p>Azc\u00e1rate \u2013 (\u2026.) Nosotros tuvimos problemas. Muchas veces le dec\u00edamos a La Pampa, \u201cche ponenos dos proveedores\u201d.<\/p>\n<div class=\"g g-1\">\n<div class=\"g-single a-4\">\n<p><ins class=\"adsbygoogle\" data-ad-client=\"ca-pub-8462277473027869\" data-ad-slot=\"2416895182\" data-ad-format=\"auto\"><\/ins><\/p>\n<\/div>\n<\/div>\n<p>Corizzo \u2013 Al proyecto le dec\u00edan.<\/p>\n<p>A \u2013 No.<\/p>\n<p>C \u2013 \u00bfA qui\u00e9n le dec\u00edan en La Pampa?<\/p>\n<p>A \u2013 Al gober\u2026, al cliente le dec\u00edamos.<\/p>\n<p>C \u2013 Al tipo que tra\u00eda.<\/p>\n<p>A \u2013 El secretario de Obras P\u00fablicas nos dec\u00eda: \u201cbueno, yo te voy a mandar a uno de estos que maneja cuatro empresas, dos empresas, no s\u00e9, y le pag\u00e1s a \u00e9se\u201d. OK. Y entonces cada uno hace la orden de compra para \u00e9ste \u00bfPor qu\u00e9? Porque s\u00ed.<\/p>\n<p>C \u2013 Bueno, \u00bfy qu\u00e9 pasaba? Hac\u00edas la orden de compra\u2026<\/p>\n<p>A \u2013 Como vos le pagabas a este tipo, te desentend\u00edas. Otras veces se te acababan. O sea, el cliente te dec\u00eda \u201cyo no tengo m\u00e1s. Yo ya te di los cuatro m\u00edos y ya te los mand\u00e9\u201d. Y ten\u00edas que salir a buscar.<\/p>\n<p>C \u2013 Ustedes. Cada uno por las suyas.<\/p>\n<p>A \u2013 A ver de d\u00f3nde carajo sac\u00e1bamos\u2026<\/p>\n<p>C \u2013 Y ac\u00e1 ven\u00eda la valijita.<\/p>\n<p>A \u2013 La valijita la consolid\u00e1bamos en Techint o la consolid\u00e1bamos nosotros, o la ven\u00edan a buscar de La Pampa o se la llev\u00e1bamos a La Pampa.<\/li>\n<\/ul>\n<div class=\"oasis-despues-del-contenido\" id=\"oasis-1797443174\"><img loading=\"lazy\" decoding=\"async\" src=\"https:\/\/oasisfm935.com.ar\/site\/wp-content\/uploads\/2020\/08\/47806202-8741-49f2-a5c9-d2f930e5baa1.jpg\" alt=\"\"  srcset=\"https:\/\/oasisfm935.com.ar\/site\/wp-content\/uploads\/2020\/08\/47806202-8741-49f2-a5c9-d2f930e5baa1.jpg 1080w, https:\/\/oasisfm935.com.ar\/site\/wp-content\/uploads\/2020\/08\/47806202-8741-49f2-a5c9-d2f930e5baa1-300x300.jpg 300w, https:\/\/oasisfm935.com.ar\/site\/wp-content\/uploads\/2020\/08\/47806202-8741-49f2-a5c9-d2f930e5baa1-1024x1024.jpg 1024w, https:\/\/oasisfm935.com.ar\/site\/wp-content\/uploads\/2020\/08\/47806202-8741-49f2-a5c9-d2f930e5baa1-150x150.jpg 150w, https:\/\/oasisfm935.com.ar\/site\/wp-content\/uploads\/2020\/08\/47806202-8741-49f2-a5c9-d2f930e5baa1-768x768.jpg 768w\" sizes=\"(max-width: 1080px) 100vw, 1080px\" class=\"no-lazyload\" width=\"1080\" height=\"1080\"  style=\"display: inline-block;\" \/><\/div>","protected":false},"excerpt":{"rendered":"<p>La\u00a0Corte Suprema de Justicia de la Naci\u00f3n\u00a0orden\u00f3 en las \u00faltimas horas al\u00a0Juzgado Penal 5 de Santa Rosaque retome la investigaci\u00f3n por la\u201ccausa<\/p>\n","protected":false},"author":4,"featured_media":840,"comment_status":"closed","ping_status":"open","sticky":false,"template":"","format":"standard","meta":{"colormag_page_layout":"default_layout","footnotes":""},"categories":[2],"tags":[],"class_list":["post-839","post","type-post","status-publish","format-standard","has-post-thumbnail","hentry","category-noticias"],"_links":{"self":[{"href":"https:\/\/oasisfm935.com.ar\/site\/wp-json\/wp\/v2\/posts\/839","targetHints":{"allow":["GET"]}}],"collection":[{"href":"https:\/\/oasisfm935.com.ar\/site\/wp-json\/wp\/v2\/posts"}],"about":[{"href":"https:\/\/oasisfm935.com.ar\/site\/wp-json\/wp\/v2\/types\/post"}],"author":[{"embeddable":true,"href":"https:\/\/oasisfm935.com.ar\/site\/wp-json\/wp\/v2\/users\/4"}],"replies":[{"embeddable":true,"href":"https:\/\/oasisfm935.com.ar\/site\/wp-json\/wp\/v2\/comments?post=839"}],"version-history":[{"count":1,"href":"https:\/\/oasisfm935.com.ar\/site\/wp-json\/wp\/v2\/posts\/839\/revisions"}],"predecessor-version":[{"id":841,"href":"https:\/\/oasisfm935.com.ar\/site\/wp-json\/wp\/v2\/posts\/839\/revisions\/841"}],"wp:featuredmedia":[{"embeddable":true,"href":"https:\/\/oasisfm935.com.ar\/site\/wp-json\/wp\/v2\/media\/840"}],"wp:attachment":[{"href":"https:\/\/oasisfm935.com.ar\/site\/wp-json\/wp\/v2\/media?parent=839"}],"wp:term":[{"taxonomy":"category","embeddable":true,"href":"https:\/\/oasisfm935.com.ar\/site\/wp-json\/wp\/v2\/categories?post=839"},{"taxonomy":"post_tag","embeddable":true,"href":"https:\/\/oasisfm935.com.ar\/site\/wp-json\/wp\/v2\/tags?post=839"}],"curies":[{"name":"wp","href":"https:\/\/api.w.org\/{rel}","templated":true}]}}