{"id":8392,"date":"2020-12-09T14:59:41","date_gmt":"2020-12-09T17:59:41","guid":{"rendered":"http:\/\/oasisfm935.com\/site\/?p=8392"},"modified":"2020-12-09T14:59:41","modified_gmt":"2020-12-09T17:59:41","slug":"pro-vida-de-verano-aprobaron-los-proyectos-en-19-pueblos-entre-ellos-ingeniero-luiggi","status":"publish","type":"post","link":"https:\/\/oasisfm935.com.ar\/site\/pro-vida-de-verano-aprobaron-los-proyectos-en-19-pueblos-entre-ellos-ingeniero-luiggi\/","title":{"rendered":"Pro Vida de Verano: aprobaron los proyectos en 19 pueblos, entre ellos Ingeniero Luiggi"},"content":{"rendered":"<p class=\"lead nota-detalle-bajada\">El Ministerio de Desarrollo Social inform\u00f3 que se ha evaluado conjuntamente con la Direcci\u00f3n de Epidemiolog\u00eda del Ministerio de Salud, los proyectos presentados por Municipios y Comisiones de Fomento en el marco de la implementaci\u00f3n del Plan Pro Vida Verano 2021.<\/p>\n<div class=\"nota-detalle-cuerpo\">El objetivo de solicitar y evaluar dichos proyectos es promover espacios seguros y el cuidado de todas las personas que participan del Plan. En este sentido, las propuestas municipales que contemplaron las pautas establecidas a nivel provincial y recibieron su aprobaci\u00f3n corresponden a las siguientes localidades:\u00a0Alta Italia, Arata,\u00a0Ataliva Roca,\u00a0Bernardo Larroud\u00e9,\u00a0Bernasconi,\u00a0Doblas,\u00a0Falucho,\u00a0General Campos,\u00a0Guatrach\u00e9,\u00a0Ingeniero Luiggi,\u00a0Intendente Alvear,\u00a0Jacinto Arauz,\u00a0Luan Toro,\u00a0Parera,\u00a0Puelches,\u00a0Rucanelo,\u00a0Santa Rosa,\u00a0Tel\u00e9n y\u00a0Victorica.<\/div>\n<footer>\n<div class=\"row\">\n<div class=\"col-md-12 col-xs-12\"><\/div>\n<\/div>\n<\/footer>\n<div class=\"oasis-despues-del-contenido\" id=\"oasis-2220471648\"><img loading=\"lazy\" decoding=\"async\" src=\"https:\/\/oasisfm935.com.ar\/site\/wp-content\/uploads\/2020\/08\/47806202-8741-49f2-a5c9-d2f930e5baa1.jpg\" alt=\"\"  srcset=\"https:\/\/oasisfm935.com.ar\/site\/wp-content\/uploads\/2020\/08\/47806202-8741-49f2-a5c9-d2f930e5baa1.jpg 1080w, https:\/\/oasisfm935.com.ar\/site\/wp-content\/uploads\/2020\/08\/47806202-8741-49f2-a5c9-d2f930e5baa1-300x300.jpg 300w, https:\/\/oasisfm935.com.ar\/site\/wp-content\/uploads\/2020\/08\/47806202-8741-49f2-a5c9-d2f930e5baa1-1024x1024.jpg 1024w, https:\/\/oasisfm935.com.ar\/site\/wp-content\/uploads\/2020\/08\/47806202-8741-49f2-a5c9-d2f930e5baa1-150x150.jpg 150w, https:\/\/oasisfm935.com.ar\/site\/wp-content\/uploads\/2020\/08\/47806202-8741-49f2-a5c9-d2f930e5baa1-768x768.jpg 768w\" sizes=\"(max-width: 1080px) 100vw, 1080px\" class=\"no-lazyload\" width=\"1080\" height=\"1080\"  style=\"display: inline-block;\" \/><\/div>","protected":false},"excerpt":{"rendered":"<p>El Ministerio de Desarrollo Social inform\u00f3 que se ha evaluado conjuntamente con la Direcci\u00f3n de Epidemiolog\u00eda del Ministerio de Salud, los proyectos<\/p>\n","protected":false},"author":4,"featured_media":8393,"comment_status":"closed","ping_status":"open","sticky":false,"template":"","format":"standard","meta":{"colormag_page_layout":"default_layout","footnotes":""},"categories":[2],"tags":[],"class_list":["post-8392","post","type-post","status-publish","format-standard","has-post-thumbnail","hentry","category-noticias"],"_links":{"self":[{"href":"https:\/\/oasisfm935.com.ar\/site\/wp-json\/wp\/v2\/posts\/8392","targetHints":{"allow":["GET"]}}],"collection":[{"href":"https:\/\/oasisfm935.com.ar\/site\/wp-json\/wp\/v2\/posts"}],"about":[{"href":"https:\/\/oasisfm935.com.ar\/site\/wp-json\/wp\/v2\/types\/post"}],"author":[{"embeddable":true,"href":"https:\/\/oasisfm935.com.ar\/site\/wp-json\/wp\/v2\/users\/4"}],"replies":[{"embeddable":true,"href":"https:\/\/oasisfm935.com.ar\/site\/wp-json\/wp\/v2\/comments?post=8392"}],"version-history":[{"count":1,"href":"https:\/\/oasisfm935.com.ar\/site\/wp-json\/wp\/v2\/posts\/8392\/revisions"}],"predecessor-version":[{"id":8394,"href":"https:\/\/oasisfm935.com.ar\/site\/wp-json\/wp\/v2\/posts\/8392\/revisions\/8394"}],"wp:featuredmedia":[{"embeddable":true,"href":"https:\/\/oasisfm935.com.ar\/site\/wp-json\/wp\/v2\/media\/8393"}],"wp:attachment":[{"href":"https:\/\/oasisfm935.com.ar\/site\/wp-json\/wp\/v2\/media?parent=8392"}],"wp:term":[{"taxonomy":"category","embeddable":true,"href":"https:\/\/oasisfm935.com.ar\/site\/wp-json\/wp\/v2\/categories?post=8392"},{"taxonomy":"post_tag","embeddable":true,"href":"https:\/\/oasisfm935.com.ar\/site\/wp-json\/wp\/v2\/tags?post=8392"}],"curies":[{"name":"wp","href":"https:\/\/api.w.org\/{rel}","templated":true}]}}