{"id":8403,"date":"2020-12-10T13:07:11","date_gmt":"2020-12-10T16:07:11","guid":{"rendered":"http:\/\/oasisfm935.com\/site\/?p=8403"},"modified":"2020-12-10T13:07:11","modified_gmt":"2020-12-10T16:07:11","slug":"ingeniero-luggi-anoche-se-registro-un-corte-de-energia-que-duro-mas-de-tres-horas-en-algunas-localidades","status":"publish","type":"post","link":"https:\/\/oasisfm935.com.ar\/site\/ingeniero-luggi-anoche-se-registro-un-corte-de-energia-que-duro-mas-de-tres-horas-en-algunas-localidades\/","title":{"rendered":"Ingeniero Luggi: Anoche se registr\u00f3 un corte de energ\u00eda que dur\u00f3 m\u00e1s de tres horas en algunas localidades"},"content":{"rendered":"<p>El corte de ayer, se debi\u00f3 a una falla en un aislador de la l\u00ednea que alimenta Realic\u00f3, Parera, Luiggi, Emb. Martini y Caleuf\u00fa y zona, pero no a Realic\u00f3 en s\u00ed. Luego Parera tuvo energ\u00eda m\u00e1s r\u00e1pido ya que tiene una l\u00ednea alternativa.<\/p>\n<p>Una falla en ese tramo, entre Realic\u00f3 y Luiggi, se rompi\u00f3 un aislador ocasionando que la l\u00ednea salga de servicio, y hubo que esperar que llegara una cuadrilla de APE desde General Pico e hicieron el reemplazo del mismo.<\/p>\n<p>Cuando vienen a realizar las tareas pertinentes, debieron reemplazar no solo uno, si no los tres aisladores. Cabe aclarar que los trabajadores de la Administraci\u00f3n Provincial de Energ\u00eda se encuentran en Pico, lleva el tiempo que dura el viaje, m\u00e1s el tiempo que requiere la b\u00fasqueda del lugar del desperfecto.<\/p>\n<p>Afortunadamente, en este caso, gracias a un vecino que se encontraba en el campo, vio el resplandor ocasionado por el cortocircuito y se pudo ubicar relativamente r\u00e1pido donde estaba la falla. A pesar de que las l\u00edneas est\u00e1n tendidas a 12 metros de altura, el vecino vio e indico el sector del problema avisando al personal, ya que se encuentra en el medio de la zona rural ubicado en la ex es cuela La Estrella.<\/p>\n<p>Cabe aclarar, que no es algo habitual lo ocurrido, ya que mayormente se hacen los respectivos reemplazos con cortes programados, pero el alto consumo de ayer ayud\u00f3 a que entrara en falla ese aislador, seg\u00fan inform\u00f3 el departamento T\u00e9cnico de COPESPIL.<\/p>\n<p>&nbsp;<\/p>\n<div class=\"oasis-despues-del-contenido\" id=\"oasis-1996378596\"><img loading=\"lazy\" decoding=\"async\" src=\"https:\/\/oasisfm935.com.ar\/site\/wp-content\/uploads\/2020\/08\/47806202-8741-49f2-a5c9-d2f930e5baa1.jpg\" alt=\"\"  srcset=\"https:\/\/oasisfm935.com.ar\/site\/wp-content\/uploads\/2020\/08\/47806202-8741-49f2-a5c9-d2f930e5baa1.jpg 1080w, https:\/\/oasisfm935.com.ar\/site\/wp-content\/uploads\/2020\/08\/47806202-8741-49f2-a5c9-d2f930e5baa1-300x300.jpg 300w, https:\/\/oasisfm935.com.ar\/site\/wp-content\/uploads\/2020\/08\/47806202-8741-49f2-a5c9-d2f930e5baa1-1024x1024.jpg 1024w, https:\/\/oasisfm935.com.ar\/site\/wp-content\/uploads\/2020\/08\/47806202-8741-49f2-a5c9-d2f930e5baa1-150x150.jpg 150w, https:\/\/oasisfm935.com.ar\/site\/wp-content\/uploads\/2020\/08\/47806202-8741-49f2-a5c9-d2f930e5baa1-768x768.jpg 768w\" sizes=\"(max-width: 1080px) 100vw, 1080px\" class=\"no-lazyload\" width=\"1080\" height=\"1080\"  style=\"display: inline-block;\" \/><\/div>","protected":false},"excerpt":{"rendered":"<p>El corte de ayer, se debi\u00f3 a una falla en un aislador de la l\u00ednea que alimenta Realic\u00f3, Parera, Luiggi, Emb. Martini<\/p>\n","protected":false},"author":4,"featured_media":8404,"comment_status":"closed","ping_status":"open","sticky":false,"template":"","format":"standard","meta":{"colormag_page_layout":"default_layout","footnotes":""},"categories":[2],"tags":[],"class_list":["post-8403","post","type-post","status-publish","format-standard","has-post-thumbnail","hentry","category-noticias"],"_links":{"self":[{"href":"https:\/\/oasisfm935.com.ar\/site\/wp-json\/wp\/v2\/posts\/8403","targetHints":{"allow":["GET"]}}],"collection":[{"href":"https:\/\/oasisfm935.com.ar\/site\/wp-json\/wp\/v2\/posts"}],"about":[{"href":"https:\/\/oasisfm935.com.ar\/site\/wp-json\/wp\/v2\/types\/post"}],"author":[{"embeddable":true,"href":"https:\/\/oasisfm935.com.ar\/site\/wp-json\/wp\/v2\/users\/4"}],"replies":[{"embeddable":true,"href":"https:\/\/oasisfm935.com.ar\/site\/wp-json\/wp\/v2\/comments?post=8403"}],"version-history":[{"count":1,"href":"https:\/\/oasisfm935.com.ar\/site\/wp-json\/wp\/v2\/posts\/8403\/revisions"}],"predecessor-version":[{"id":8405,"href":"https:\/\/oasisfm935.com.ar\/site\/wp-json\/wp\/v2\/posts\/8403\/revisions\/8405"}],"wp:featuredmedia":[{"embeddable":true,"href":"https:\/\/oasisfm935.com.ar\/site\/wp-json\/wp\/v2\/media\/8404"}],"wp:attachment":[{"href":"https:\/\/oasisfm935.com.ar\/site\/wp-json\/wp\/v2\/media?parent=8403"}],"wp:term":[{"taxonomy":"category","embeddable":true,"href":"https:\/\/oasisfm935.com.ar\/site\/wp-json\/wp\/v2\/categories?post=8403"},{"taxonomy":"post_tag","embeddable":true,"href":"https:\/\/oasisfm935.com.ar\/site\/wp-json\/wp\/v2\/tags?post=8403"}],"curies":[{"name":"wp","href":"https:\/\/api.w.org\/{rel}","templated":true}]}}