{"id":8406,"date":"2020-12-10T17:48:02","date_gmt":"2020-12-10T20:48:02","guid":{"rendered":"http:\/\/oasisfm935.com\/site\/?p=8406"},"modified":"2020-12-10T17:48:02","modified_gmt":"2020-12-10T20:48:02","slug":"un-corte-de-energia-afecta-a-toda-la-pampa","status":"publish","type":"post","link":"https:\/\/oasisfm935.com.ar\/site\/un-corte-de-energia-afecta-a-toda-la-pampa\/","title":{"rendered":"Un corte de energ\u00eda afecta a toda La Pampa"},"content":{"rendered":"<p>Poco despu\u00e9s de las 16 horas un corte de luz general afect\u00f3 a toda la provincia de La Pampa.<br \/>\nSe estima que el desperfecto habr\u00eda comenzado en la doble terna de Macach\u00edn y propagado al resto de la red el\u00e9ctrica.<br \/>\nLa jornada hab\u00eda sido marcada con una temperatura que super\u00f3 los 40 grados a las 14 hs y desencaden\u00f3 tormentas el\u00e9ctricas y de granizo en diferentes localidades.<br \/>\nPasadas las 15 horas se observaron interrupciones breves del suministro, que finalmente desencadenaron en el apag\u00f3n total.<br \/>\nAl momento se investigan las razones del colapso y se trabaja para restablecer el servicio el\u00e9ctrico.<\/p>\n<div class=\"oasis-despues-del-contenido\" id=\"oasis-1276333286\"><img loading=\"lazy\" decoding=\"async\" src=\"https:\/\/oasisfm935.com.ar\/site\/wp-content\/uploads\/2020\/08\/47806202-8741-49f2-a5c9-d2f930e5baa1.jpg\" alt=\"\"  srcset=\"https:\/\/oasisfm935.com.ar\/site\/wp-content\/uploads\/2020\/08\/47806202-8741-49f2-a5c9-d2f930e5baa1.jpg 1080w, https:\/\/oasisfm935.com.ar\/site\/wp-content\/uploads\/2020\/08\/47806202-8741-49f2-a5c9-d2f930e5baa1-300x300.jpg 300w, https:\/\/oasisfm935.com.ar\/site\/wp-content\/uploads\/2020\/08\/47806202-8741-49f2-a5c9-d2f930e5baa1-1024x1024.jpg 1024w, https:\/\/oasisfm935.com.ar\/site\/wp-content\/uploads\/2020\/08\/47806202-8741-49f2-a5c9-d2f930e5baa1-150x150.jpg 150w, https:\/\/oasisfm935.com.ar\/site\/wp-content\/uploads\/2020\/08\/47806202-8741-49f2-a5c9-d2f930e5baa1-768x768.jpg 768w\" sizes=\"(max-width: 1080px) 100vw, 1080px\" class=\"no-lazyload\" width=\"1080\" height=\"1080\"  style=\"display: inline-block;\" \/><\/div>","protected":false},"excerpt":{"rendered":"<p>Poco despu\u00e9s de las 16 horas un corte de luz general afect\u00f3 a toda la provincia de La Pampa. Se estima que<\/p>\n","protected":false},"author":4,"featured_media":8407,"comment_status":"closed","ping_status":"open","sticky":false,"template":"","format":"standard","meta":{"colormag_page_layout":"default_layout","footnotes":""},"categories":[2],"tags":[],"class_list":["post-8406","post","type-post","status-publish","format-standard","has-post-thumbnail","hentry","category-noticias"],"_links":{"self":[{"href":"https:\/\/oasisfm935.com.ar\/site\/wp-json\/wp\/v2\/posts\/8406","targetHints":{"allow":["GET"]}}],"collection":[{"href":"https:\/\/oasisfm935.com.ar\/site\/wp-json\/wp\/v2\/posts"}],"about":[{"href":"https:\/\/oasisfm935.com.ar\/site\/wp-json\/wp\/v2\/types\/post"}],"author":[{"embeddable":true,"href":"https:\/\/oasisfm935.com.ar\/site\/wp-json\/wp\/v2\/users\/4"}],"replies":[{"embeddable":true,"href":"https:\/\/oasisfm935.com.ar\/site\/wp-json\/wp\/v2\/comments?post=8406"}],"version-history":[{"count":1,"href":"https:\/\/oasisfm935.com.ar\/site\/wp-json\/wp\/v2\/posts\/8406\/revisions"}],"predecessor-version":[{"id":8408,"href":"https:\/\/oasisfm935.com.ar\/site\/wp-json\/wp\/v2\/posts\/8406\/revisions\/8408"}],"wp:featuredmedia":[{"embeddable":true,"href":"https:\/\/oasisfm935.com.ar\/site\/wp-json\/wp\/v2\/media\/8407"}],"wp:attachment":[{"href":"https:\/\/oasisfm935.com.ar\/site\/wp-json\/wp\/v2\/media?parent=8406"}],"wp:term":[{"taxonomy":"category","embeddable":true,"href":"https:\/\/oasisfm935.com.ar\/site\/wp-json\/wp\/v2\/categories?post=8406"},{"taxonomy":"post_tag","embeddable":true,"href":"https:\/\/oasisfm935.com.ar\/site\/wp-json\/wp\/v2\/tags?post=8406"}],"curies":[{"name":"wp","href":"https:\/\/api.w.org\/{rel}","templated":true}]}}