{"id":8410,"date":"2020-12-10T18:39:01","date_gmt":"2020-12-10T21:39:01","guid":{"rendered":"http:\/\/oasisfm935.com\/site\/?p=8410"},"modified":"2020-12-10T18:39:01","modified_gmt":"2020-12-10T21:39:01","slug":"la-pampa-un-tornado-azoto-a-la-localidad-de-ataliva-roca","status":"publish","type":"post","link":"https:\/\/oasisfm935.com.ar\/site\/la-pampa-un-tornado-azoto-a-la-localidad-de-ataliva-roca\/","title":{"rendered":"La Pampa: Un tornado azot\u00f3 a la localidad de Ataliva Roca"},"content":{"rendered":"<div class=\"o9v6fnle cxmmr5t8 oygrvhab hcukyx3x c1et5uql ii04i59q\">\n<div dir=\"auto\">Un tornado azot\u00f3 a la localidad de Ataliva Roca, ubicada al sur de la ciudad de Santa Rosa, y provoc\u00f3 algunos da\u00f1os materiales de importancia.<\/div>\n<\/div>\n<div dir=\"auto\"><img decoding=\"async\" src=\"https:\/\/scontent-otp1-1.xx.fbcdn.net\/v\/t1.0-9\/130127706_3810727145617953_6904964707280506235_n.jpg?_nc_cat=110&amp;ccb=2&amp;_nc_sid=8bfeb9&amp;_nc_eui2=AeHux2bY2JBwW8GGDmQbmb3suqF5NwT91Ay6oXk3BP3UDBgE067XIlUmginFC2XVEopzLnj88NugtVTBj-M2ql9G&amp;_nc_ohc=kPOaKqFKSrAAX-1g8xB&amp;_nc_oc=AQkisgFfwrDETTz9IhZxZ-IdWZNX52AwTDei3kfBBCWctMhpeEXQBUcj3LZAxB-2uE0&amp;_nc_ht=scontent-otp1-1.xx&amp;oh=47ba81cbcf4390368123fab41e3db43f&amp;oe=5FF706C8\" alt=\"La imagen puede contener: cielo y exterior\" \/><\/div>\n<div class=\"o9v6fnle cxmmr5t8 oygrvhab hcukyx3x c1et5uql ii04i59q\">\n<div dir=\"auto\">Seg\u00fan detall\u00f3 el intendente local, Gustavo Barreiro, a Gu\u00eda en La Pampa, los fuertes vientos volaron el techo de la terminal, los andariveles de los colectivos, volte\u00f3 algunas paredes y bastantes plantas y columnas de luz.<a href=\"http:\/\/oasisfm935.com\/site\/wp-content\/uploads\/2020\/12\/130249481_3810727335617934_4532360689359302210_n.jpg\"><img loading=\"lazy\" decoding=\"async\" class=\"alignnone size-full wp-image-8411\" src=\"http:\/\/oasisfm935.com\/site\/wp-content\/uploads\/2020\/12\/130249481_3810727335617934_4532360689359302210_n.jpg\" alt=\"\" width=\"607\" height=\"539\" srcset=\"https:\/\/oasisfm935.com.ar\/site\/wp-content\/uploads\/2020\/12\/130249481_3810727335617934_4532360689359302210_n.jpg 607w, https:\/\/oasisfm935.com.ar\/site\/wp-content\/uploads\/2020\/12\/130249481_3810727335617934_4532360689359302210_n-300x266.jpg 300w\" sizes=\"auto, (max-width: 607px) 100vw, 607px\" \/><\/a><\/div>\n<div dir=\"auto\"><\/div>\n<\/div>\n<div class=\"o9v6fnle cxmmr5t8 oygrvhab hcukyx3x c1et5uql ii04i59q\">\n<div dir=\"auto\">\u00abTambi\u00e9n se han volado techos de algunas casas, y da\u00f1os por el estilo que, de a poco, nos vamos enterando. Gracias a Dios, otra vez tuvimos suerte y no hubo heridos ni personas lastimadas\u00bb, expres\u00f3 el jefe comunal.<\/div>\n<div dir=\"auto\"><\/div>\n<div dir=\"auto\"><img decoding=\"async\" src=\"https:\/\/scontent-otp1-1.xx.fbcdn.net\/v\/t1.0-9\/130239042_3810726822284652_3600794318132612830_o.jpg?_nc_cat=106&amp;ccb=2&amp;_nc_sid=8bfeb9&amp;_nc_eui2=AeF11vKUABdR8l3mEtLeCd5dbfthpNz3EORt-2Gk3PcQ5NatJ1T3V-n1s19i29Dx_VtPKkxQm4qRDlKShrzIvFBE&amp;_nc_ohc=q4olZ9ba68wAX9j16O5&amp;_nc_ht=scontent-otp1-1.xx&amp;oh=a1f193dfc887d9d3feaa9101d4c18cf4&amp;oe=5FF7BBD8\" alt=\"La imagen puede contener: \u00e1rbol, exterior, agua y naturaleza\" \/><\/div>\n<\/div>\n<div class=\"o9v6fnle cxmmr5t8 oygrvhab hcukyx3x c1et5uql ii04i59q\">\n<div dir=\"auto\">Realmente tuvieron suerte los atalivenses ya que las chapas del techo de la terminal volaron aproximadamente 100 metros y llegaron a cruzar una avenida. \u00abSon unas chapas inmensas\u00bb, manifest\u00f3 Barreiro.<\/div>\n<\/div>\n<div dir=\"auto\"><a href=\"http:\/\/oasisfm935.com\/site\/wp-content\/uploads\/2020\/12\/130968309_3810727512284583_3276803800825828816_n.jpg\"><img loading=\"lazy\" decoding=\"async\" class=\"alignnone size-full wp-image-8412\" src=\"http:\/\/oasisfm935.com\/site\/wp-content\/uploads\/2020\/12\/130968309_3810727512284583_3276803800825828816_n.jpg\" alt=\"\" width=\"672\" height=\"649\" srcset=\"https:\/\/oasisfm935.com.ar\/site\/wp-content\/uploads\/2020\/12\/130968309_3810727512284583_3276803800825828816_n.jpg 672w, https:\/\/oasisfm935.com.ar\/site\/wp-content\/uploads\/2020\/12\/130968309_3810727512284583_3276803800825828816_n-300x290.jpg 300w\" sizes=\"auto, (max-width: 672px) 100vw, 672px\" \/><\/a><\/div>\n<div class=\"o9v6fnle cxmmr5t8 oygrvhab hcukyx3x c1et5uql ii04i59q\">\n<div dir=\"auto\">Pocos a\u00f1os atr\u00e1s, Ataliva hab\u00eda sufrido otro tornado que da\u00f1\u00f3 seriamente la infraestructura del Polideportivo local y una zona donde hay instalados varios invernaderos. Esta vez, esos lugares se salvaron.<\/div>\n<\/div>\n<div dir=\"auto\">\u00a0fuente: Gu\u00edaenlapampa<\/div>\n<div class=\"oasis-despues-del-contenido\" id=\"oasis-1164960170\"><img loading=\"lazy\" decoding=\"async\" src=\"https:\/\/oasisfm935.com.ar\/site\/wp-content\/uploads\/2020\/08\/47806202-8741-49f2-a5c9-d2f930e5baa1.jpg\" alt=\"\"  srcset=\"https:\/\/oasisfm935.com.ar\/site\/wp-content\/uploads\/2020\/08\/47806202-8741-49f2-a5c9-d2f930e5baa1.jpg 1080w, https:\/\/oasisfm935.com.ar\/site\/wp-content\/uploads\/2020\/08\/47806202-8741-49f2-a5c9-d2f930e5baa1-300x300.jpg 300w, https:\/\/oasisfm935.com.ar\/site\/wp-content\/uploads\/2020\/08\/47806202-8741-49f2-a5c9-d2f930e5baa1-1024x1024.jpg 1024w, https:\/\/oasisfm935.com.ar\/site\/wp-content\/uploads\/2020\/08\/47806202-8741-49f2-a5c9-d2f930e5baa1-150x150.jpg 150w, https:\/\/oasisfm935.com.ar\/site\/wp-content\/uploads\/2020\/08\/47806202-8741-49f2-a5c9-d2f930e5baa1-768x768.jpg 768w\" sizes=\"(max-width: 1080px) 100vw, 1080px\" class=\"no-lazyload\" width=\"1080\" height=\"1080\"  style=\"display: inline-block;\" \/><\/div>","protected":false},"excerpt":{"rendered":"<p>Un tornado azot\u00f3 a la localidad de Ataliva Roca, ubicada al sur de la ciudad de Santa Rosa, y provoc\u00f3 algunos da\u00f1os<\/p>\n","protected":false},"author":4,"featured_media":8413,"comment_status":"closed","ping_status":"open","sticky":false,"template":"","format":"standard","meta":{"colormag_page_layout":"default_layout","footnotes":""},"categories":[2],"tags":[],"class_list":["post-8410","post","type-post","status-publish","format-standard","has-post-thumbnail","hentry","category-noticias"],"_links":{"self":[{"href":"https:\/\/oasisfm935.com.ar\/site\/wp-json\/wp\/v2\/posts\/8410","targetHints":{"allow":["GET"]}}],"collection":[{"href":"https:\/\/oasisfm935.com.ar\/site\/wp-json\/wp\/v2\/posts"}],"about":[{"href":"https:\/\/oasisfm935.com.ar\/site\/wp-json\/wp\/v2\/types\/post"}],"author":[{"embeddable":true,"href":"https:\/\/oasisfm935.com.ar\/site\/wp-json\/wp\/v2\/users\/4"}],"replies":[{"embeddable":true,"href":"https:\/\/oasisfm935.com.ar\/site\/wp-json\/wp\/v2\/comments?post=8410"}],"version-history":[{"count":1,"href":"https:\/\/oasisfm935.com.ar\/site\/wp-json\/wp\/v2\/posts\/8410\/revisions"}],"predecessor-version":[{"id":8414,"href":"https:\/\/oasisfm935.com.ar\/site\/wp-json\/wp\/v2\/posts\/8410\/revisions\/8414"}],"wp:featuredmedia":[{"embeddable":true,"href":"https:\/\/oasisfm935.com.ar\/site\/wp-json\/wp\/v2\/media\/8413"}],"wp:attachment":[{"href":"https:\/\/oasisfm935.com.ar\/site\/wp-json\/wp\/v2\/media?parent=8410"}],"wp:term":[{"taxonomy":"category","embeddable":true,"href":"https:\/\/oasisfm935.com.ar\/site\/wp-json\/wp\/v2\/categories?post=8410"},{"taxonomy":"post_tag","embeddable":true,"href":"https:\/\/oasisfm935.com.ar\/site\/wp-json\/wp\/v2\/tags?post=8410"}],"curies":[{"name":"wp","href":"https:\/\/api.w.org\/{rel}","templated":true}]}}