{"id":8423,"date":"2020-12-12T13:13:01","date_gmt":"2020-12-12T16:13:01","guid":{"rendered":"http:\/\/oasisfm935.com\/site\/?p=8423"},"modified":"2020-12-12T13:13:01","modified_gmt":"2020-12-12T16:13:01","slug":"la-pampa-preocupa-el-aumento-de-casos-y-el-relajamiento-social-en-general-pico","status":"publish","type":"post","link":"https:\/\/oasisfm935.com.ar\/site\/la-pampa-preocupa-el-aumento-de-casos-y-el-relajamiento-social-en-general-pico\/","title":{"rendered":"La Pampa: Preocupa el aumento de casos y el relajamiento social en General Pico"},"content":{"rendered":"<p class=\"lead nota-detalle-bajada\">Este s\u00e1bado por la ma\u00f1ana se replic\u00f3 la B\u00fasqueda Activa de casos positivos de COVID-19 en barrio Este, de la ciudad de General Pico. Las autoridades notaron un incremento de casos y expresaron su preocupaci\u00f3n ante el relajamiento social e incumplimiento de las medidas preventivas.<\/p>\n<div class=\"nota-detalle-cuerpo\">El coordinador del programa, Javier Herrad\u00f3n, coment\u00f3 a la Agencia Provincial de Noticias que el trabajo es todos los d\u00edas de la semana, \u201cpreferimos salir a la calle, a la sociedad y buscar el virus dentro de cada uno de los barrios, esta semana nos toc\u00f3 el barrio Este y los resultados son m\u00e1s que evidentes porque hay m\u00e1s de 20 personas esper\u00e1ndonos (para los testeos)\u201d.<\/div>\n<div class=\"nota-detalle-cuerpo\">\nEste incremento en las personas que se acercan por consultas es una buena se\u00f1al en relaci\u00f3n a la toma de conciencia, pero, de acuerdo a los dichos de Herrad\u00f3n, marcan cierto relajamiento en la sociedad, \u201clo que lleva a que muchos de ellos est\u00e9n infectados, tengan s\u00edntomas y algunos tengan miedo, prefiero que no tengan miedo y que se cuiden, vemos que el distanciamiento en la sociedad de General Pico no est\u00e1 ocurriendo, no est\u00e1n usando barbijo ni las medidas b\u00e1sicas de prevenci\u00f3n, le pido a la sociedad que se cuide, tuvimos un caso muy exponencial de los casos positivos y eso nos va a llevar a otra situaci\u00f3n epidemiol\u00f3gica, empecemos a respetarnos un poco entre todos y a utilizar los medios de prevenci\u00f3n\u201d.<\/div>\n<div class=\"nota-detalle-cuerpo\">\nDurante la B\u00fasqueda Activa de ayer fueron 13 los positivos y tambi\u00e9n aument\u00f3 el n\u00famero de testeos, se ven\u00eda con unos 20 a 30 y ayer fueron 48, coment\u00f3 el coordinador, \u201cel relajamiento existi\u00f3, existe y quiero instar a la gente a que revea el relajamiento porque si nosotros no nos cuidamos va a cambiar la situaci\u00f3n epidemiol\u00f3gica. Esto no lo vamos a parar con rebeld\u00eda, lo vamos a parar con respeto mutuo y cumpliendo las medidas\u201d.<\/div>\n<div class=\"nota-detalle-cuerpo\">\n\u201cEstamos trabajando 16, 18 y hasta 20 horas por d\u00eda y la gente tiene que entender que a esto lo vamos a frenar entre todos, este virus no mide estrato social, no mide la econom\u00eda de cada uno, no piensa ni dice a este infecto y a este no, el que se descuid\u00f3 termina infectado\u201d, continu\u00f3 muy preocupado Herrad\u00f3n, quien a modo de ejemplo expuso lo que ocurre en Europa con la segunda ola de contagios.<\/div>\n<div class=\"nota-detalle-cuerpo\">\n\u201cAyer estuve viendo una fiesta de egresados, hab\u00eda unas 100 personas y ninguna con barbijo, este estatus epidemiol\u00f3gico lo vamos a cuidar entre todos, si nadie cumple con las reglas esto se va a desbarrancar\u201d, concluy\u00f3.<\/div>\n<div class=\"oasis-despues-del-contenido\" id=\"oasis-3983354910\"><img loading=\"lazy\" decoding=\"async\" src=\"https:\/\/oasisfm935.com.ar\/site\/wp-content\/uploads\/2020\/08\/47806202-8741-49f2-a5c9-d2f930e5baa1.jpg\" alt=\"\"  srcset=\"https:\/\/oasisfm935.com.ar\/site\/wp-content\/uploads\/2020\/08\/47806202-8741-49f2-a5c9-d2f930e5baa1.jpg 1080w, https:\/\/oasisfm935.com.ar\/site\/wp-content\/uploads\/2020\/08\/47806202-8741-49f2-a5c9-d2f930e5baa1-300x300.jpg 300w, https:\/\/oasisfm935.com.ar\/site\/wp-content\/uploads\/2020\/08\/47806202-8741-49f2-a5c9-d2f930e5baa1-1024x1024.jpg 1024w, https:\/\/oasisfm935.com.ar\/site\/wp-content\/uploads\/2020\/08\/47806202-8741-49f2-a5c9-d2f930e5baa1-150x150.jpg 150w, https:\/\/oasisfm935.com.ar\/site\/wp-content\/uploads\/2020\/08\/47806202-8741-49f2-a5c9-d2f930e5baa1-768x768.jpg 768w\" sizes=\"(max-width: 1080px) 100vw, 1080px\" class=\"no-lazyload\" width=\"1080\" height=\"1080\"  style=\"display: inline-block;\" \/><\/div>","protected":false},"excerpt":{"rendered":"<p>Este s\u00e1bado por la ma\u00f1ana se replic\u00f3 la B\u00fasqueda Activa de casos positivos de COVID-19 en barrio Este, de la ciudad de<\/p>\n","protected":false},"author":4,"featured_media":8424,"comment_status":"closed","ping_status":"open","sticky":false,"template":"","format":"standard","meta":{"colormag_page_layout":"default_layout","footnotes":""},"categories":[2],"tags":[],"class_list":["post-8423","post","type-post","status-publish","format-standard","has-post-thumbnail","hentry","category-noticias"],"_links":{"self":[{"href":"https:\/\/oasisfm935.com.ar\/site\/wp-json\/wp\/v2\/posts\/8423","targetHints":{"allow":["GET"]}}],"collection":[{"href":"https:\/\/oasisfm935.com.ar\/site\/wp-json\/wp\/v2\/posts"}],"about":[{"href":"https:\/\/oasisfm935.com.ar\/site\/wp-json\/wp\/v2\/types\/post"}],"author":[{"embeddable":true,"href":"https:\/\/oasisfm935.com.ar\/site\/wp-json\/wp\/v2\/users\/4"}],"replies":[{"embeddable":true,"href":"https:\/\/oasisfm935.com.ar\/site\/wp-json\/wp\/v2\/comments?post=8423"}],"version-history":[{"count":1,"href":"https:\/\/oasisfm935.com.ar\/site\/wp-json\/wp\/v2\/posts\/8423\/revisions"}],"predecessor-version":[{"id":8425,"href":"https:\/\/oasisfm935.com.ar\/site\/wp-json\/wp\/v2\/posts\/8423\/revisions\/8425"}],"wp:featuredmedia":[{"embeddable":true,"href":"https:\/\/oasisfm935.com.ar\/site\/wp-json\/wp\/v2\/media\/8424"}],"wp:attachment":[{"href":"https:\/\/oasisfm935.com.ar\/site\/wp-json\/wp\/v2\/media?parent=8423"}],"wp:term":[{"taxonomy":"category","embeddable":true,"href":"https:\/\/oasisfm935.com.ar\/site\/wp-json\/wp\/v2\/categories?post=8423"},{"taxonomy":"post_tag","embeddable":true,"href":"https:\/\/oasisfm935.com.ar\/site\/wp-json\/wp\/v2\/tags?post=8423"}],"curies":[{"name":"wp","href":"https:\/\/api.w.org\/{rel}","templated":true}]}}