{"id":8426,"date":"2020-12-13T12:19:09","date_gmt":"2020-12-13T15:19:09","guid":{"rendered":"http:\/\/oasisfm935.com\/site\/?p=8426"},"modified":"2020-12-13T12:19:09","modified_gmt":"2020-12-13T15:19:09","slug":"la-pampa-covid-el-gobierno-provincial-pide-un-pacto-de-cuidado-para-las-fiestas","status":"publish","type":"post","link":"https:\/\/oasisfm935.com.ar\/site\/la-pampa-covid-el-gobierno-provincial-pide-un-pacto-de-cuidado-para-las-fiestas\/","title":{"rendered":"La Pampa Covid: el Gobierno Provincial pide un \u201cpacto\u201d de cuidado para las Fiestas."},"content":{"rendered":"<p>Las autoridades apelan a que\u00a0<strong>\u201cla responsabilidad social sea el gran acuerdo para estas Fiestas\u201d.\u00a0<\/strong>Y reitera los puntos medulares de la lucha contra el coronavirus.<\/p>\n<p>El Gobierno de La Pampa a trav\u00e9s de las redes sociales oficiales y la del gobernador Sergio Ziliotto convoc\u00f3 a un \u201cpacto\u201d para las fiestas de fin de a\u00f1o en la provincia.<\/p>\n<p>Con hashtags en las redes sociales y publicidad en la prensa gr\u00e1fica, el gobierno pidi\u00f3 que<strong>\u00a0\u201cla responsabilidad social sea el gran acuerdo para estas Fiestas\u201d<\/strong>, en los aspectos mas visibles de la campa\u00f1a gubernamental.<\/p>\n<p>La convocatoria reitera los puntos medulares de la lucha contra el coronavirus:<strong>\u00a0barbijo, lavado de manos con alcohol en gel, distancia social y saludos con los codos o los pu\u00f1os como \u00abgesto de amor\u00bb.<\/strong><\/p>\n<p>Otra consigna es \u201ccuidarnos es la mejor manera de celebrar. Pensemos en un pr\u00f3ximo encuentro; el mundo es otro\u201d.<\/p>\n<p>Esto se combina con algunas conductas de las familias que restringen visitas y salidas, con el objetivo de que una medida de aislamiento o un convertirse en un contacto estrecho, frustre el encuentro familiar esperado para Navidad y Fin de a\u00f1o.<\/p>\n<p>En la cuenta de Twitter del gobernador Ziliotto adem\u00e1s se incluyeron recomendaciones espec\u00edficas.<\/p>\n<p>\u00abQue los festejos de Navidad y A\u00f1o Nuevo no nos relajen la conciencia sobre los cuidados que debemos tener ante una pandemia que no cesa\u00bb, se\u00f1al\u00f3 el mandatario.<\/p>\n<p>Pidi\u00f3 que se limiten en los d\u00edas previos, las reuniones familiares y sociales, m\u00e1s aun si en las fiestas se compartir\u00e1 la reuni\u00f3n con personas mayores de 60 a\u00f1os.<\/p>\n<p>Otra recomendaci\u00f3n es que las reuniones sean al aire libre. Y en caso de no disponer de espacios para ello, ventilar los lugares de reuni\u00f3n.<\/p>\n<p>En el armado de las mesas, el consejo es agrupar por familias o grupos convivientes. En ning\u00fan caso, quienes tengan fiebre de 37,5\u00baC, dolor de garganta, diarrea o v\u00f3mitos, dolor muscular o p\u00e9rdida de olfato o gusto, deben participar de las reuniones familiares.<\/p>\n<div class=\"oasis-despues-del-contenido\" id=\"oasis-2894770000\"><img loading=\"lazy\" decoding=\"async\" src=\"https:\/\/oasisfm935.com.ar\/site\/wp-content\/uploads\/2020\/08\/47806202-8741-49f2-a5c9-d2f930e5baa1.jpg\" alt=\"\"  srcset=\"https:\/\/oasisfm935.com.ar\/site\/wp-content\/uploads\/2020\/08\/47806202-8741-49f2-a5c9-d2f930e5baa1.jpg 1080w, https:\/\/oasisfm935.com.ar\/site\/wp-content\/uploads\/2020\/08\/47806202-8741-49f2-a5c9-d2f930e5baa1-300x300.jpg 300w, https:\/\/oasisfm935.com.ar\/site\/wp-content\/uploads\/2020\/08\/47806202-8741-49f2-a5c9-d2f930e5baa1-1024x1024.jpg 1024w, https:\/\/oasisfm935.com.ar\/site\/wp-content\/uploads\/2020\/08\/47806202-8741-49f2-a5c9-d2f930e5baa1-150x150.jpg 150w, https:\/\/oasisfm935.com.ar\/site\/wp-content\/uploads\/2020\/08\/47806202-8741-49f2-a5c9-d2f930e5baa1-768x768.jpg 768w\" sizes=\"(max-width: 1080px) 100vw, 1080px\" class=\"no-lazyload\" width=\"1080\" height=\"1080\"  style=\"display: inline-block;\" \/><\/div>","protected":false},"excerpt":{"rendered":"<p>Las autoridades apelan a que\u00a0\u201cla responsabilidad social sea el gran acuerdo para estas Fiestas\u201d.\u00a0Y reitera los puntos medulares de la lucha contra<\/p>\n","protected":false},"author":4,"featured_media":8427,"comment_status":"closed","ping_status":"open","sticky":false,"template":"","format":"standard","meta":{"colormag_page_layout":"default_layout","footnotes":""},"categories":[2],"tags":[],"class_list":["post-8426","post","type-post","status-publish","format-standard","has-post-thumbnail","hentry","category-noticias"],"_links":{"self":[{"href":"https:\/\/oasisfm935.com.ar\/site\/wp-json\/wp\/v2\/posts\/8426","targetHints":{"allow":["GET"]}}],"collection":[{"href":"https:\/\/oasisfm935.com.ar\/site\/wp-json\/wp\/v2\/posts"}],"about":[{"href":"https:\/\/oasisfm935.com.ar\/site\/wp-json\/wp\/v2\/types\/post"}],"author":[{"embeddable":true,"href":"https:\/\/oasisfm935.com.ar\/site\/wp-json\/wp\/v2\/users\/4"}],"replies":[{"embeddable":true,"href":"https:\/\/oasisfm935.com.ar\/site\/wp-json\/wp\/v2\/comments?post=8426"}],"version-history":[{"count":1,"href":"https:\/\/oasisfm935.com.ar\/site\/wp-json\/wp\/v2\/posts\/8426\/revisions"}],"predecessor-version":[{"id":8428,"href":"https:\/\/oasisfm935.com.ar\/site\/wp-json\/wp\/v2\/posts\/8426\/revisions\/8428"}],"wp:featuredmedia":[{"embeddable":true,"href":"https:\/\/oasisfm935.com.ar\/site\/wp-json\/wp\/v2\/media\/8427"}],"wp:attachment":[{"href":"https:\/\/oasisfm935.com.ar\/site\/wp-json\/wp\/v2\/media?parent=8426"}],"wp:term":[{"taxonomy":"category","embeddable":true,"href":"https:\/\/oasisfm935.com.ar\/site\/wp-json\/wp\/v2\/categories?post=8426"},{"taxonomy":"post_tag","embeddable":true,"href":"https:\/\/oasisfm935.com.ar\/site\/wp-json\/wp\/v2\/tags?post=8426"}],"curies":[{"name":"wp","href":"https:\/\/api.w.org\/{rel}","templated":true}]}}