{"id":8433,"date":"2020-12-14T21:07:48","date_gmt":"2020-12-15T00:07:48","guid":{"rendered":"http:\/\/oasisfm935.com\/site\/?p=8433"},"modified":"2020-12-14T21:07:48","modified_gmt":"2020-12-15T00:07:48","slug":"la-pampa-se-disparo-la-curva-de-contagios-y-hay-alarma-en-salud-189-positivos","status":"publish","type":"post","link":"https:\/\/oasisfm935.com.ar\/site\/la-pampa-se-disparo-la-curva-de-contagios-y-hay-alarma-en-salud-189-positivos\/","title":{"rendered":"La Pampa: Se dispar\u00f3 la curva de contagios y hay alarma en Salud: 189 positivos"},"content":{"rendered":"<p><strong>El dato sorprendi\u00f3 a las autoridades sanitarias de la provincia<\/strong>. La confirmaci\u00f3n de la cantidad de contagios fue la base para suspender el Festival de las Calles en Santa Rosa y los encuentros sociales en General Acha.\u00a0<strong>Adem\u00e1s, hubo tres fallecimientos y La Pampa super\u00f3 las 100 muertes<\/strong>.<\/p>\n<p>Con un nivel de positividad alarmante, La Pampa registr\u00f3 este lunes 189 casos positivos de 483 muestras analizadas en los laboratorios de la Direcci\u00f3n de Epidemiolo\u00eda y de los hospitales Gobernador Centeno y Lucio Molas, como as\u00ed tambi\u00e9n en los diferentes Centros de Salud.<\/p>\n<p>De ese total, 99 son en Santa Rosa, 8 en General Pico, 30 en General Acha, 17 en Realic\u00f3, 9 en Toay, 5 en Quem\u00fa Quem\u00fa, 4 en Winifreda, 4 en Castex, 3 en Trenel, 2 en Victorica, 2 en Rancul, 1 en General San Mart\u00edn, 1 en Luiggi, 1 en Santa Isabel, 1 en Falucho, 1 en Macach\u00edn y 1 en Lonquimay.<\/p>\n<p>Adem\u00e1s, seg\u00fan se dio a conocer en el \u00faltimo reporte del Ministerio de Salud, hubo tres nuevos fallecimientos y la provincia pas\u00f3 la barrera de las 100 muertes desde que se desat\u00f3 la pandemia del coronavirus.\u00a0<strong>Las nuevas v\u00edctimas son una mujer de Alpachiri, de 88 a\u00f1os, y dos hombres de General Pico: uno de 75 y otro de 62 a\u00f1os de edad<\/strong>.<\/p>\n<p>\u00abUn caso confirmado como positivo para la localidad de Santa Rosa, en el transcurso de la investigaci\u00f3n, se determin\u00f3 que reside en Alpachiri. Tambi\u00e9n es importante aclarar que los casos positivos de la localidad de Rancul se hab\u00edan confirmado en el d\u00eda de ayer una vez cerrado el parte diario, por tal motivo se informan en el d\u00eda de hoy\u00bb, aclar\u00f3 el mismo escrito oficial.<\/p>\n<p>Desde Salud tambi\u00e9n se\u00f1alaron que la estrategia de b\u00fasqueda activa con diagn\u00f3stico por ant\u00edgenos ya lleva entrevistados 28.804 ciudadanos.<\/p>\n<p>\u00abDe un total de 264 muestras analizadas por test de ant\u00edgenos en el d\u00eda, 121 resultaron positivas. Esas personas fueron autom\u00e1ticamente aisladas, al igual que sus contactos estrechos que est\u00e1n en seguimiento. Los diagn\u00f3sticos negativos ser\u00e1n analizados por la t\u00e9cnica de PCR\u00bb, se indic\u00f3.<\/p>\n<p><strong>1241 casos activos<\/strong><\/p>\n<p>Desde el inicio de la pandemia, en La Pampa se registraron un total 7097 casos positivos: 1241 permanecen activos, 101 fallecieron y 5755 ya se recuperaron. Entre estos \u00faltimos se encuentran, 17 personas de Santa Rosa, 10 de General Pico, 4 de 25 de Mayo, 3 de Toay, 5 de Realic\u00f3, 2 en Parera, 2 en Monte Nievas, 3 en Luiggi, 7 en Winifreda, 1 en General Campos, 3 en Alta Italia, 1 en Alvear, 2 en La Maruja, 1 en Santa Teresa, 1 en Trenel y 2 en Quehu\u00e9, que recibieron el alta en la jornada de este lunes.<\/p>\n<p>Los casos confirmados activos est\u00e1n distribuidos de la siguiente manera: 661 en la ciudad de Santa Rosa, 163 en General Pico, 67 en General Acha, 62 en Realic\u00f3, 53 en Toay, 34 en 25 de mayo, 31 en Alpachiri, 16 en Parera, 16 en Colonia Bar\u00f3n, 17 en Victorica, 10 en Monte Nievas, 13 en Lonquimay, 11 en Guatrach\u00e9, 8 en Luiggi, 15 en Quem\u00fa Quem\u00fa, 6 en Winifreda, 6 en Macach\u00edn, 9 en Castex, 1 en La Maruja, 4 en Catril\u00f3, 3 en Puel\u00e9n, 3 en Alvear, 5 en Trenel, 7 en General Campos, 3 en Anguil, 3 en Alta Italia, 2 en Santa Teresa, 1 en Tel\u00e9n, 3 en Santa Isabel, 1 en El Durazno, 1 en Villa Mirasol, 1 en Dorila, 1 en General San Mart\u00edn, 2 en Rancul, 1 en Falucho y 1 en Jacinto Arauz.<\/p>\n<p>Hasta este lunes se encuentran aisladas un total de 4473 personas en toda la provincia. Adem\u00e1s, hay 64 pacientes internados. De ese total, 16 est\u00e1n en General Pico -13 en modulares y 3 en terapia intensiva- y otros 26 en el CEAR y los modulares de Santa Rosa: 16 en cl\u00ednica m\u00e9dica, 5 en terapia intensiva y 5 en modulares.<\/p>\n<p>Y hay otras cinco personas internadas en el Hospital Evita, seis en General Acha, tres en Alpachiri, dos en Colonia Bar\u00f3n, y uno en Macach\u00edn, 25 de Mayo, Doblas, Catril\u00f3, Quem\u00fa Quem\u00fa y Winifreda.<\/p>\n<div class=\"oasis-despues-del-contenido\" id=\"oasis-1001717350\"><img loading=\"lazy\" decoding=\"async\" src=\"https:\/\/oasisfm935.com.ar\/site\/wp-content\/uploads\/2020\/08\/47806202-8741-49f2-a5c9-d2f930e5baa1.jpg\" alt=\"\"  srcset=\"https:\/\/oasisfm935.com.ar\/site\/wp-content\/uploads\/2020\/08\/47806202-8741-49f2-a5c9-d2f930e5baa1.jpg 1080w, https:\/\/oasisfm935.com.ar\/site\/wp-content\/uploads\/2020\/08\/47806202-8741-49f2-a5c9-d2f930e5baa1-300x300.jpg 300w, https:\/\/oasisfm935.com.ar\/site\/wp-content\/uploads\/2020\/08\/47806202-8741-49f2-a5c9-d2f930e5baa1-1024x1024.jpg 1024w, https:\/\/oasisfm935.com.ar\/site\/wp-content\/uploads\/2020\/08\/47806202-8741-49f2-a5c9-d2f930e5baa1-150x150.jpg 150w, https:\/\/oasisfm935.com.ar\/site\/wp-content\/uploads\/2020\/08\/47806202-8741-49f2-a5c9-d2f930e5baa1-768x768.jpg 768w\" sizes=\"(max-width: 1080px) 100vw, 1080px\" class=\"no-lazyload\" width=\"1080\" height=\"1080\"  style=\"display: inline-block;\" \/><\/div>","protected":false},"excerpt":{"rendered":"<p>El dato sorprendi\u00f3 a las autoridades sanitarias de la provincia. La confirmaci\u00f3n de la cantidad de contagios fue la base para suspender<\/p>\n","protected":false},"author":4,"featured_media":8305,"comment_status":"closed","ping_status":"open","sticky":false,"template":"","format":"standard","meta":{"colormag_page_layout":"default_layout","footnotes":""},"categories":[2],"tags":[],"class_list":["post-8433","post","type-post","status-publish","format-standard","has-post-thumbnail","hentry","category-noticias"],"_links":{"self":[{"href":"https:\/\/oasisfm935.com.ar\/site\/wp-json\/wp\/v2\/posts\/8433","targetHints":{"allow":["GET"]}}],"collection":[{"href":"https:\/\/oasisfm935.com.ar\/site\/wp-json\/wp\/v2\/posts"}],"about":[{"href":"https:\/\/oasisfm935.com.ar\/site\/wp-json\/wp\/v2\/types\/post"}],"author":[{"embeddable":true,"href":"https:\/\/oasisfm935.com.ar\/site\/wp-json\/wp\/v2\/users\/4"}],"replies":[{"embeddable":true,"href":"https:\/\/oasisfm935.com.ar\/site\/wp-json\/wp\/v2\/comments?post=8433"}],"version-history":[{"count":1,"href":"https:\/\/oasisfm935.com.ar\/site\/wp-json\/wp\/v2\/posts\/8433\/revisions"}],"predecessor-version":[{"id":8434,"href":"https:\/\/oasisfm935.com.ar\/site\/wp-json\/wp\/v2\/posts\/8433\/revisions\/8434"}],"wp:featuredmedia":[{"embeddable":true,"href":"https:\/\/oasisfm935.com.ar\/site\/wp-json\/wp\/v2\/media\/8305"}],"wp:attachment":[{"href":"https:\/\/oasisfm935.com.ar\/site\/wp-json\/wp\/v2\/media?parent=8433"}],"wp:term":[{"taxonomy":"category","embeddable":true,"href":"https:\/\/oasisfm935.com.ar\/site\/wp-json\/wp\/v2\/categories?post=8433"},{"taxonomy":"post_tag","embeddable":true,"href":"https:\/\/oasisfm935.com.ar\/site\/wp-json\/wp\/v2\/tags?post=8433"}],"curies":[{"name":"wp","href":"https:\/\/api.w.org\/{rel}","templated":true}]}}