{"id":844,"date":"2019-02-27T14:11:43","date_gmt":"2019-02-27T17:11:43","guid":{"rendered":"http:\/\/oasisfm935.com\/site\/?p=844"},"modified":"2019-02-27T14:11:43","modified_gmt":"2019-02-27T17:11:43","slug":"marino-declino-su-postulacion-a-la-vicepresidencia-primera-del-senado","status":"publish","type":"post","link":"https:\/\/oasisfm935.com.ar\/site\/marino-declino-su-postulacion-a-la-vicepresidencia-primera-del-senado\/","title":{"rendered":"Marino declin\u00f3 su postulaci\u00f3n a la Vicepresidencia Primera del Senado"},"content":{"rendered":"<p class=\"x_MsoNormal\"><i>Con una nota presentada ante la Presidencia de la C\u00e1mara Alta, el senador nacional Juan Carlos Marino rechaz\u00f3 el ofrecimiento de continuar como Vicepresidente Primero del Senado. En la misma misiva, agradeci\u00f3 a los miembros del Interbloque por el apoyo y reiter\u00f3 su inocencia en la denuncia que pesa en su contra.<\/i><\/p>\n<p class=\"x_MsoNormal\">Este mi\u00e9rcoles durante la Sesi\u00f3n Preparatoria en la que la C\u00e1mara Alta renov\u00f3 sus autoridades, el senador nacional Juan Carlos Marino rechaz\u00f3 el ofrecimiento de continuar ejerciendo la Vicepresidencia Primera del Senado.<\/p>\n<p class=\"x_MsoNormal\">En una nota dirigida a Gabriela Michetti, el legislador agradeci\u00f3 el apoyo de sus pares del Interbloque Cambiemos quienes pretend\u00edan renovarlo en el cargo pero rechaz\u00f3 el ofrecimiento y expres\u00f3: \u201cComo todos ustedes saben, me encuentro atravesando un proceso judicial por una denuncia que realizaron en mi contra. Tal como lo expres\u00e9 en su momento, quiero reiterar mi inocencia en relaci\u00f3n a la misma. Soy un hombre de la democracia y respeto profundamente la divisi\u00f3n de poderes, por eso me ajust\u00e9 a derecho desde el primer momento y voy a esperar y respetar el desenlace judicial que, no dudo, demostrar\u00e1 mi inocencia. Pero hasta que eso suceda, considero prudente no aceptar la postulaci\u00f3n con la que me est\u00e1n honrando nuevamente\u201d, sostuvo el pampeano.<\/p>\n<div class=\"oasis-despues-del-contenido\" id=\"oasis-635733331\"><img loading=\"lazy\" decoding=\"async\" src=\"https:\/\/oasisfm935.com.ar\/site\/wp-content\/uploads\/2020\/08\/47806202-8741-49f2-a5c9-d2f930e5baa1.jpg\" alt=\"\"  srcset=\"https:\/\/oasisfm935.com.ar\/site\/wp-content\/uploads\/2020\/08\/47806202-8741-49f2-a5c9-d2f930e5baa1.jpg 1080w, https:\/\/oasisfm935.com.ar\/site\/wp-content\/uploads\/2020\/08\/47806202-8741-49f2-a5c9-d2f930e5baa1-300x300.jpg 300w, https:\/\/oasisfm935.com.ar\/site\/wp-content\/uploads\/2020\/08\/47806202-8741-49f2-a5c9-d2f930e5baa1-1024x1024.jpg 1024w, https:\/\/oasisfm935.com.ar\/site\/wp-content\/uploads\/2020\/08\/47806202-8741-49f2-a5c9-d2f930e5baa1-150x150.jpg 150w, https:\/\/oasisfm935.com.ar\/site\/wp-content\/uploads\/2020\/08\/47806202-8741-49f2-a5c9-d2f930e5baa1-768x768.jpg 768w\" sizes=\"(max-width: 1080px) 100vw, 1080px\" class=\"no-lazyload\" width=\"1080\" height=\"1080\"  style=\"display: inline-block;\" \/><\/div>","protected":false},"excerpt":{"rendered":"<p>Con una nota presentada ante la Presidencia de la C\u00e1mara Alta, el senador nacional Juan Carlos Marino rechaz\u00f3 el ofrecimiento de continuar<\/p>\n","protected":false},"author":4,"featured_media":822,"comment_status":"closed","ping_status":"open","sticky":false,"template":"","format":"standard","meta":{"colormag_page_layout":"default_layout","footnotes":""},"categories":[2],"tags":[],"class_list":["post-844","post","type-post","status-publish","format-standard","has-post-thumbnail","hentry","category-noticias"],"_links":{"self":[{"href":"https:\/\/oasisfm935.com.ar\/site\/wp-json\/wp\/v2\/posts\/844","targetHints":{"allow":["GET"]}}],"collection":[{"href":"https:\/\/oasisfm935.com.ar\/site\/wp-json\/wp\/v2\/posts"}],"about":[{"href":"https:\/\/oasisfm935.com.ar\/site\/wp-json\/wp\/v2\/types\/post"}],"author":[{"embeddable":true,"href":"https:\/\/oasisfm935.com.ar\/site\/wp-json\/wp\/v2\/users\/4"}],"replies":[{"embeddable":true,"href":"https:\/\/oasisfm935.com.ar\/site\/wp-json\/wp\/v2\/comments?post=844"}],"version-history":[{"count":1,"href":"https:\/\/oasisfm935.com.ar\/site\/wp-json\/wp\/v2\/posts\/844\/revisions"}],"predecessor-version":[{"id":845,"href":"https:\/\/oasisfm935.com.ar\/site\/wp-json\/wp\/v2\/posts\/844\/revisions\/845"}],"wp:featuredmedia":[{"embeddable":true,"href":"https:\/\/oasisfm935.com.ar\/site\/wp-json\/wp\/v2\/media\/822"}],"wp:attachment":[{"href":"https:\/\/oasisfm935.com.ar\/site\/wp-json\/wp\/v2\/media?parent=844"}],"wp:term":[{"taxonomy":"category","embeddable":true,"href":"https:\/\/oasisfm935.com.ar\/site\/wp-json\/wp\/v2\/categories?post=844"},{"taxonomy":"post_tag","embeddable":true,"href":"https:\/\/oasisfm935.com.ar\/site\/wp-json\/wp\/v2\/tags?post=844"}],"curies":[{"name":"wp","href":"https:\/\/api.w.org\/{rel}","templated":true}]}}