{"id":8449,"date":"2020-12-15T20:53:43","date_gmt":"2020-12-15T23:53:43","guid":{"rendered":"http:\/\/oasisfm935.com\/site\/?p=8449"},"modified":"2020-12-15T20:54:37","modified_gmt":"2020-12-15T23:54:37","slug":"covid-19-en-la-pampa-168-nuevos-contagios-1-de-ellos-en-ingeniero-luiggi","status":"publish","type":"post","link":"https:\/\/oasisfm935.com.ar\/site\/covid-19-en-la-pampa-168-nuevos-contagios-1-de-ellos-en-ingeniero-luiggi\/","title":{"rendered":"Covid 19 en La Pampa: 168 nuevos contagios, 1 de ellos en Ingeniero Luiggi."},"content":{"rendered":"<p>La nueva v\u00edctima de la pandemia es\u00a0<strong>un hombre de 83 a\u00f1os, oriundo de General Acha<\/strong>. De los nuevos contagios, 72 fueron en Santa Rosa y 41 en General Pico.<\/p>\n<p>El Ministerio de Salud dio a conocer que en las \u00faltimas 24 horas se produjo una muerte y otros 168 nuevos casos positivos como consecuencia de la pandemia del coronavirus en la provincia.<\/p>\n<p>El nuevo fallecimiento, que eleva la cifra de v\u00edctimas a 102 personas, es un hombre de 83 a\u00f1os de General Acha.\u00a0<strong>En relaci\u00f3n a los nuevos contagios, los mismos surgieron tras el an\u00e1lisis de un n\u00famero alto e muestras: 753<\/strong>.<\/p>\n<p>De los 168 positivos,\u00a0<strong>72 residen en Santa Rosa, 41 en General Pico, 15 en 25 de Mayo, 11 en Realic\u00f3, 9 en General Acha, 8 en Toay, 3 en Victorica, 3 en Castex, 2 en San Mart\u00edn, 1 en Santa Teresa, 1 en Winifreda, 1 en Luiggi y 1 en La Maruja<\/strong>.<\/p>\n<p>\u00abDe los nuevos casos, 75 se encontraban aislados por ser considerados contactos estrechos. Debido a la rapidez del diagn\u00f3stico por ant\u00edgenos (en media hora se otorga el resultado), a\u00fan se contin\u00faa desarrollando la investigaci\u00f3n epidemiol\u00f3gica de 93 casos\u00bb, indic\u00f3 un comunicado de prensa oficial.<\/p>\n<p>Tambi\u00e9n se aclar\u00f3 que \u00abun caso confirmado como positivo para la localidad de Santa Rosa, en el transcurso de la investigaci\u00f3n, se determin\u00f3 que reside en 25 de Mayo\u00bb.<\/p>\n<p>Adem\u00e1s, se dio a conocer que la estrategia de b\u00fasqueda activa con diagn\u00f3stico por ant\u00edgenos lleva entrevistados 29.287 ciudadanos. \u00abEl rastrillaje en terreno se est\u00e1 llevando a cabo en residencias de adultos mayores como parte de una acci\u00f3n preventiva, debido a que es la poblaci\u00f3n m\u00e1s vulnerable a esta enfermedad. Por este motivo en la localidad de Anguil se visit\u00f3 una Residencia donde se recordaron las medidas de prevenci\u00f3n y se realizaron 15 test r\u00e1pidos, entre personal y residentes, resultando todos negativos\u00bb, destac\u00f3 el reporte sanitario de este martes.<\/p>\n<p>En la b\u00fasqueda activa llevada a cabo en General Pico, se realizaron 91 test r\u00e1pidos de los cuales 22 resultaron positivos.<\/p>\n<p><strong>1.363 casos activos<\/strong><\/p>\n<p>Desde el inicio de la pandemia, en La Pampa se registraron un total 7265 casos positivos: 1363 permanecen activos, 102 fallecieron y 5800 ya se recuperaron. Entre estos \u00faltimos se encuentran, 16 personas de Santa Rosa, 6 de General Pico, 3 de Toay, 2 de Realic\u00f3, 5 en Luiggi, 2 en General Campos, 3 en Alpachiri, 2 en Colonia Bar\u00f3n, 1 en Guatrach\u00e9, 2 en Acha, 2 en Castex y 1 en Anguil que recibieron el alta en la jornada de este martes.<\/p>\n<p>Los casos confirmados activos est\u00e1n distribuidos de la siguiente manera: 716 en la ciudad de Santa Rosa, 198 en General Pico, 73 en General Acha, 71 en Realic\u00f3, 58 en Toay, 50 en 25 de mayo, 28 en Alpachiri, 16 en Parera, 14 en Colonia Bar\u00f3n, 20 en Victorica, 10 en Monte Nievas, 13 en Lonquimay, 10 en Guatrach\u00e9, 4 en Luiggi, 15 en Quem\u00fa Quem\u00fa, 7 en Winifreda, 6 en Macach\u00edn, 10 en Castex, 2 en La Maruja, 4 en Catril\u00f3, 3 en Puel\u00e9n, 3 en Alvear, 5 en Trenel, 5 en General Campos, 2 en Anguil, 3 en Alta Italia, 3 en Santa Teresa, 1 en Tel\u00e9n, 3 en Santa Isabel, 1 en El Durazno, 1 en Villa Mirasol, 1 en Dorila, 3 en General San Mart\u00edn, 2 en Rancul, 1 en Falucho y 1 en Jacinto Arauz.<\/p>\n<p>Hasta este martes se encuentran aisladas un total de\u00a0<strong>4795 personas en toda la provincia. Adem\u00e1s, hay 63 personas internadas<\/strong>. De ese total 17 est\u00e1n en General Pico -14 en modulares y 3 en terapia intensiva- y otras 25 en el CEAR y los modulares de Santa Rosa: 12 en cl\u00ednica m\u00e9dica, 8 en terapia intensiva y 5 en modulares.<\/p>\n<p>Tambi\u00e9n hay seis pacientes internados en el Hospital Evita, cinco en General Acha, tres en Alpachiri y uno en\u00a0 Colonia Bar\u00f3n, Macach\u00edn, 25 de Mayo, Doblas, Catril\u00f3, Quem\u00fa Quem\u00fa y Winifreda.<\/p>\n<div class=\"oasis-despues-del-contenido\" id=\"oasis-2352938341\"><img loading=\"lazy\" decoding=\"async\" src=\"https:\/\/oasisfm935.com.ar\/site\/wp-content\/uploads\/2020\/08\/47806202-8741-49f2-a5c9-d2f930e5baa1.jpg\" alt=\"\"  srcset=\"https:\/\/oasisfm935.com.ar\/site\/wp-content\/uploads\/2020\/08\/47806202-8741-49f2-a5c9-d2f930e5baa1.jpg 1080w, https:\/\/oasisfm935.com.ar\/site\/wp-content\/uploads\/2020\/08\/47806202-8741-49f2-a5c9-d2f930e5baa1-300x300.jpg 300w, https:\/\/oasisfm935.com.ar\/site\/wp-content\/uploads\/2020\/08\/47806202-8741-49f2-a5c9-d2f930e5baa1-1024x1024.jpg 1024w, https:\/\/oasisfm935.com.ar\/site\/wp-content\/uploads\/2020\/08\/47806202-8741-49f2-a5c9-d2f930e5baa1-150x150.jpg 150w, https:\/\/oasisfm935.com.ar\/site\/wp-content\/uploads\/2020\/08\/47806202-8741-49f2-a5c9-d2f930e5baa1-768x768.jpg 768w\" sizes=\"(max-width: 1080px) 100vw, 1080px\" class=\"no-lazyload\" width=\"1080\" height=\"1080\"  style=\"display: inline-block;\" \/><\/div>","protected":false},"excerpt":{"rendered":"<p>La nueva v\u00edctima de la pandemia es\u00a0un hombre de 83 a\u00f1os, oriundo de General Acha. De los nuevos contagios, 72 fueron en<\/p>\n","protected":false},"author":4,"featured_media":8450,"comment_status":"closed","ping_status":"open","sticky":false,"template":"","format":"standard","meta":{"colormag_page_layout":"default_layout","footnotes":""},"categories":[2],"tags":[],"class_list":["post-8449","post","type-post","status-publish","format-standard","has-post-thumbnail","hentry","category-noticias"],"_links":{"self":[{"href":"https:\/\/oasisfm935.com.ar\/site\/wp-json\/wp\/v2\/posts\/8449","targetHints":{"allow":["GET"]}}],"collection":[{"href":"https:\/\/oasisfm935.com.ar\/site\/wp-json\/wp\/v2\/posts"}],"about":[{"href":"https:\/\/oasisfm935.com.ar\/site\/wp-json\/wp\/v2\/types\/post"}],"author":[{"embeddable":true,"href":"https:\/\/oasisfm935.com.ar\/site\/wp-json\/wp\/v2\/users\/4"}],"replies":[{"embeddable":true,"href":"https:\/\/oasisfm935.com.ar\/site\/wp-json\/wp\/v2\/comments?post=8449"}],"version-history":[{"count":1,"href":"https:\/\/oasisfm935.com.ar\/site\/wp-json\/wp\/v2\/posts\/8449\/revisions"}],"predecessor-version":[{"id":8451,"href":"https:\/\/oasisfm935.com.ar\/site\/wp-json\/wp\/v2\/posts\/8449\/revisions\/8451"}],"wp:featuredmedia":[{"embeddable":true,"href":"https:\/\/oasisfm935.com.ar\/site\/wp-json\/wp\/v2\/media\/8450"}],"wp:attachment":[{"href":"https:\/\/oasisfm935.com.ar\/site\/wp-json\/wp\/v2\/media?parent=8449"}],"wp:term":[{"taxonomy":"category","embeddable":true,"href":"https:\/\/oasisfm935.com.ar\/site\/wp-json\/wp\/v2\/categories?post=8449"},{"taxonomy":"post_tag","embeddable":true,"href":"https:\/\/oasisfm935.com.ar\/site\/wp-json\/wp\/v2\/tags?post=8449"}],"curies":[{"name":"wp","href":"https:\/\/api.w.org\/{rel}","templated":true}]}}