{"id":8459,"date":"2020-12-16T20:53:27","date_gmt":"2020-12-16T23:53:27","guid":{"rendered":"http:\/\/oasisfm935.com\/site\/?p=8459"},"modified":"2020-12-16T20:53:27","modified_gmt":"2020-12-16T23:53:27","slug":"por-primera-vez-la-provincia-de-la-pampa-supera-el-pico-diario-de-200-contagios","status":"publish","type":"post","link":"https:\/\/oasisfm935.com.ar\/site\/por-primera-vez-la-provincia-de-la-pampa-supera-el-pico-diario-de-200-contagios\/","title":{"rendered":"Por primera vez, la provincia de La Pampa supera el pico diario de 200 contagios"},"content":{"rendered":"<p><strong>ste mi\u00e9rcoles se registraron 227 casos positivos en todo el territorio<\/strong>. De ese total, 115 corresponden a Santa Rosa y 27 a la vecina localidad de Toay. Adem\u00e1s, un nuevo fallecimiento elev\u00f3 la cifra de v\u00edctimas fatales a 103.<\/p>\n<p>Por primera vez desde que se desat\u00f3 la pandemia del coronavirus, la provincia de La Pampa super\u00f3 los 200 contagios en una jornada. Este mi\u00e9rcoles, seg\u00fan inform\u00f3 el Ministerio de Salud, se registraron 227 casos positivos en todo el territorio y encendi\u00f3 una luz de alarma en las autoridades sanitarias.\u00a0<strong>\u00abEl\u00a0 Estado hace todo lo que tiene a mano&#8230;m\u00e1s que nunca dependemos de la responsabilidad social\u00bb<\/strong>, dijo -con preocupaci\u00f3n- una fuente de Casa de Gobierno.<\/p>\n<p>Adem\u00e1s, este mi\u00e9rcoles se registr\u00f3 un nuevo fallecimiento que elev\u00f3 las v\u00edctimas fatales a 103.\u00a0<strong>La muerte corresponde a un vecino de Santa Rosa de 68 a\u00f1os de edad<\/strong>.<\/p>\n<p>En las autoridades sanitarias tambi\u00e9n preocupa el bajo promedio de edad de algunos de los\u00a0<strong>pacientes en terapia intensiva:<\/strong>\u00a0entre los 7 internados en Santa Rosa, por ejemplo,\u00a0<strong>hay uno de 31 y otro de 41 a\u00f1os de edad<\/strong>.<\/p>\n<p>El alta n\u00famero de infectados surge del an\u00e1lisis de\u00a0741 muestras. De las 227 \u00abpositivos\u00bb,\u00a0<strong>115 residen en Santa Rosa, 28 en General Pico, 29 en General Acha, 27 en Toay, 6 en Realic\u00f3, 3 en Victorica, 3 en Tel\u00e9n, 3 en Castex, 3 en Bernasconi, 2 en Ataliva Roca, 1 en Parera, 1 en Quem\u00fa Quem\u00fa, 1 en Winifreda, 1 en Macah\u00edn, 1 en General Campos, 1 en Quehu\u00e9, 1 en Limay Mahuida y 1 en Chacharramendi<\/strong>.<\/p>\n<p>\u00abDe los casos confirmados en la tarde de hoy, 68 se encontraban aislados por ser considerados contactos estrechos. Debido a la rapidez del diagn\u00f3stico por ant\u00edgenos (en media hora se otorga el resultado), a\u00fan se contin\u00faa desarrollando la investigaci\u00f3n epidemiol\u00f3gica de 159 casos\u00bb, indic\u00f3 el parte sanitario.<\/p>\n<p>La estrategia de b\u00fasqueda activa con diagn\u00f3stico por ant\u00edgenos ya lleva entrevistados 30.379 ciudadanos.<\/p>\n<p><strong>1.545 casos activos<\/strong><\/p>\n<p>Desde el inicio de la pandemia, en La Pampa se registraron un total 7492 casos positivos: 1545 permanecen activos, 103 fallecieron y 5844 ya se recuperaron. Entre estos \u00faltimos se encuentran 14 personas de Santa Rosa, 5 de General Pico, 3 de Toay, 4 de Realic\u00f3, 2 en Luiggi, 1 en General Campos, 1 en Guatrach\u00e9, 4 en 25 de Mayo, 3 en Parera, 3 en Quem\u00fa Quem\u00fa, 2 en Lonquimay, 1 en Monte Nievas y 1 en Tel\u00e9n, que recibieron el alta en la jornada de este mi\u00e9rcoles.<\/p>\n<p>Los casos confirmados activos est\u00e1n distribuidos de la siguiente manera: 816 en la ciudad de Santa Rosa, 221 en General Pico, 102 en General Acha, 73 en Realic\u00f3, 82 en Toay, 46 en 25 de mayo, 28 en Alpachiri, 14 en Parera, 14 en Colonia Bar\u00f3n, 23 en Victorica, 9 en Monte Nievas, 11 en Lonquimay, 9 en Guatrach\u00e9, 2 en Luiggi, 13 en Quem\u00fa Quem\u00fa, 8 en Winifreda, 7 en Macach\u00edn, 13 en Castex, 2 en La Maruja, 4 en Catril\u00f3, 3 en Puel\u00e9n, 3 en Alvear, 5 en Trenel, 5 en General Campos, 2 en Anguil, 3 en Alta Italia, 3 en Santa Teresa, 3 en Tel\u00e9n, 3 en Santa Isabel, 1 en El Durazno, 1 en Villa Mirasol, 1 en Dorila, 3 en General San Mart\u00edn, 2 en Rancul, 1 en Falucho, 1 en Jacinto Arauz, 3 en Bernasconi, 2 en Ataliva Roca, 1 en Quehu\u00e9, 1 en Limay Mahuida, 1 en Chacharramendi.<\/p>\n<p>Hasta este mi\u00e9rcoles se encuentran aisladas un total de 5558 personas en toda la provincia. Adem\u00e1s, hay 65 personas internadas. De ese total, 18 se encuentran en General Pico -14 en modulares y 4 en terapia intensiva- y otras 27 en el CEAR y los modulares de Santa Rosa: 14 en cl\u00ednica m\u00e9dica, 7 en terapia intensiva y 6 en modulares.<\/p>\n<p>Tambi\u00e9n hay ocho pacientes internados en el Hospital Evita, cinco en General Acha, dos en Alpachiri y uno en\u00a0Colonia Bar\u00f3n, Macach\u00edn, 25 de Mayo, Doblas y Winifreda.<\/p>\n<div class=\"oasis-despues-del-contenido\" id=\"oasis-2071259798\"><img loading=\"lazy\" decoding=\"async\" src=\"https:\/\/oasisfm935.com.ar\/site\/wp-content\/uploads\/2020\/08\/47806202-8741-49f2-a5c9-d2f930e5baa1.jpg\" alt=\"\"  srcset=\"https:\/\/oasisfm935.com.ar\/site\/wp-content\/uploads\/2020\/08\/47806202-8741-49f2-a5c9-d2f930e5baa1.jpg 1080w, https:\/\/oasisfm935.com.ar\/site\/wp-content\/uploads\/2020\/08\/47806202-8741-49f2-a5c9-d2f930e5baa1-300x300.jpg 300w, https:\/\/oasisfm935.com.ar\/site\/wp-content\/uploads\/2020\/08\/47806202-8741-49f2-a5c9-d2f930e5baa1-1024x1024.jpg 1024w, https:\/\/oasisfm935.com.ar\/site\/wp-content\/uploads\/2020\/08\/47806202-8741-49f2-a5c9-d2f930e5baa1-150x150.jpg 150w, https:\/\/oasisfm935.com.ar\/site\/wp-content\/uploads\/2020\/08\/47806202-8741-49f2-a5c9-d2f930e5baa1-768x768.jpg 768w\" sizes=\"(max-width: 1080px) 100vw, 1080px\" class=\"no-lazyload\" width=\"1080\" height=\"1080\"  style=\"display: inline-block;\" \/><\/div>","protected":false},"excerpt":{"rendered":"<p>ste mi\u00e9rcoles se registraron 227 casos positivos en todo el territorio. De ese total, 115 corresponden a Santa Rosa y 27 a<\/p>\n","protected":false},"author":4,"featured_media":8139,"comment_status":"closed","ping_status":"open","sticky":false,"template":"","format":"standard","meta":{"colormag_page_layout":"default_layout","footnotes":""},"categories":[2],"tags":[],"class_list":["post-8459","post","type-post","status-publish","format-standard","has-post-thumbnail","hentry","category-noticias"],"_links":{"self":[{"href":"https:\/\/oasisfm935.com.ar\/site\/wp-json\/wp\/v2\/posts\/8459","targetHints":{"allow":["GET"]}}],"collection":[{"href":"https:\/\/oasisfm935.com.ar\/site\/wp-json\/wp\/v2\/posts"}],"about":[{"href":"https:\/\/oasisfm935.com.ar\/site\/wp-json\/wp\/v2\/types\/post"}],"author":[{"embeddable":true,"href":"https:\/\/oasisfm935.com.ar\/site\/wp-json\/wp\/v2\/users\/4"}],"replies":[{"embeddable":true,"href":"https:\/\/oasisfm935.com.ar\/site\/wp-json\/wp\/v2\/comments?post=8459"}],"version-history":[{"count":1,"href":"https:\/\/oasisfm935.com.ar\/site\/wp-json\/wp\/v2\/posts\/8459\/revisions"}],"predecessor-version":[{"id":8460,"href":"https:\/\/oasisfm935.com.ar\/site\/wp-json\/wp\/v2\/posts\/8459\/revisions\/8460"}],"wp:featuredmedia":[{"embeddable":true,"href":"https:\/\/oasisfm935.com.ar\/site\/wp-json\/wp\/v2\/media\/8139"}],"wp:attachment":[{"href":"https:\/\/oasisfm935.com.ar\/site\/wp-json\/wp\/v2\/media?parent=8459"}],"wp:term":[{"taxonomy":"category","embeddable":true,"href":"https:\/\/oasisfm935.com.ar\/site\/wp-json\/wp\/v2\/categories?post=8459"},{"taxonomy":"post_tag","embeddable":true,"href":"https:\/\/oasisfm935.com.ar\/site\/wp-json\/wp\/v2\/tags?post=8459"}],"curies":[{"name":"wp","href":"https:\/\/api.w.org\/{rel}","templated":true}]}}