{"id":846,"date":"2019-02-27T17:47:53","date_gmt":"2019-02-27T20:47:53","guid":{"rendered":"http:\/\/oasisfm935.com\/site\/?p=846"},"modified":"2019-02-27T17:47:53","modified_gmt":"2019-02-27T20:47:53","slug":"niegan-que-hayan-suspendido-al-obrero-que-cuestiono-a-macri","status":"publish","type":"post","link":"https:\/\/oasisfm935.com.ar\/site\/niegan-que-hayan-suspendido-al-obrero-que-cuestiono-a-macri\/","title":{"rendered":"Niegan que hayan suspendido al obrero que cuestion\u00f3 a Macri"},"content":{"rendered":"<p>El Gobierno nacional tuvo que salir a\u00a0<strong>desmentir que Dante, el\u00a0obrero de la construcci\u00f3n que el martes\u00a0cuestion\u00f3 a Mauricio Macri durante un acto, haya sido suspendido<\/strong>\u00a0de su trabajo y hasta lo hizo grabar un audio en el que descarta esa versi\u00f3n.<\/p>\n<p>El rumor sobre la suspensi\u00f3n de Dante de su trabajo en la construcci\u00f3n\u00a0de la obra urban\u00edstica Estaci\u00f3n Buenos Aires empez\u00f3 a circular esta ma\u00f1ana cuando\u00a0<strong>sus compa\u00f1eros informaron que no hab\u00eda aparecido en el lugar<\/strong>. La noticia lleg\u00f3 r\u00e1pidamente a algunos medios y oblig\u00f3 a la desmentida oficial.<\/p>\n<p>El encargado de hacerlo fue el secretario de Vivienda, Iv\u00e1n Kerr, quien en di\u00e1logo con C5N neg\u00f3 la suspensi\u00f3n del operario y calific\u00f3 como \u201ctotalmente falso\u201d que\u00a0desde el Gobierno se haya \u201ctomado alg\u00fan tipo de medida\u201d contra Dante.<strong>\u00a0\u201cEn ning\u00fan momento ni \u00e9l recibi\u00f3 ning\u00fan llamado del gobierno ni se adopt\u00f3 ninguna medida\u201d,<\/strong>\u00a0aclar\u00f3.<\/p>\n<p>No obstante, el llamado al obrero de parte del Gobierno s\u00ed existi\u00f3 ya que poco despu\u00e9s se supo que no fue a trabajar porque funcionarios nacionales lo visitaron en su casa, aparentemente con la idea de acordar una reuni\u00f3n con Macri o grabar alg\u00fan tipo de video para contrarrestar el que se viraliz\u00f3 ayer con las cr\u00edticas que le hizo al presidente, public\u00f3 La Pol\u00edtica On Line.<\/p>\n<p>\u201c<strong>No es como est\u00e1n diciendo algunos medios, no s\u00e9 qui\u00e9nes son y no me interesa. Yo no estoy suspendido en ning\u00fan momento.<\/strong>\u00a0Me vinieron a ver gente del Gobierno, se preocuparon de la situaci\u00f3n. Por favor les pido que desmientan todo lo que est\u00e1n diciendo en los medios porque no es as\u00ed\u201d, dice en el audio.<\/p>\n<p>\u201cNo los necesito ni a ustedes ni a ning\u00fan medio.<strong>\u00a0Por favor les pido que dejen de decir estupideces y desmientan ahora mismo.<\/strong>\u00a0Estoy en mi casa en una reuni\u00f3n con una gente del Gobierno que se preocup\u00f3 el se\u00f1or Presidente\u201d, completa el obrero.<\/p>\n<div class=\"oasis-despues-del-contenido\" id=\"oasis-2283351406\"><img loading=\"lazy\" decoding=\"async\" src=\"https:\/\/oasisfm935.com.ar\/site\/wp-content\/uploads\/2020\/08\/47806202-8741-49f2-a5c9-d2f930e5baa1.jpg\" alt=\"\"  srcset=\"https:\/\/oasisfm935.com.ar\/site\/wp-content\/uploads\/2020\/08\/47806202-8741-49f2-a5c9-d2f930e5baa1.jpg 1080w, https:\/\/oasisfm935.com.ar\/site\/wp-content\/uploads\/2020\/08\/47806202-8741-49f2-a5c9-d2f930e5baa1-300x300.jpg 300w, https:\/\/oasisfm935.com.ar\/site\/wp-content\/uploads\/2020\/08\/47806202-8741-49f2-a5c9-d2f930e5baa1-1024x1024.jpg 1024w, https:\/\/oasisfm935.com.ar\/site\/wp-content\/uploads\/2020\/08\/47806202-8741-49f2-a5c9-d2f930e5baa1-150x150.jpg 150w, https:\/\/oasisfm935.com.ar\/site\/wp-content\/uploads\/2020\/08\/47806202-8741-49f2-a5c9-d2f930e5baa1-768x768.jpg 768w\" sizes=\"(max-width: 1080px) 100vw, 1080px\" class=\"no-lazyload\" width=\"1080\" height=\"1080\"  style=\"display: inline-block;\" \/><\/div>","protected":false},"excerpt":{"rendered":"<p>El Gobierno nacional tuvo que salir a\u00a0desmentir que Dante, el\u00a0obrero de la construcci\u00f3n que el martes\u00a0cuestion\u00f3 a Mauricio Macri durante un acto,<\/p>\n","protected":false},"author":4,"featured_media":834,"comment_status":"closed","ping_status":"open","sticky":false,"template":"","format":"standard","meta":{"colormag_page_layout":"default_layout","footnotes":""},"categories":[2],"tags":[],"class_list":["post-846","post","type-post","status-publish","format-standard","has-post-thumbnail","hentry","category-noticias"],"_links":{"self":[{"href":"https:\/\/oasisfm935.com.ar\/site\/wp-json\/wp\/v2\/posts\/846","targetHints":{"allow":["GET"]}}],"collection":[{"href":"https:\/\/oasisfm935.com.ar\/site\/wp-json\/wp\/v2\/posts"}],"about":[{"href":"https:\/\/oasisfm935.com.ar\/site\/wp-json\/wp\/v2\/types\/post"}],"author":[{"embeddable":true,"href":"https:\/\/oasisfm935.com.ar\/site\/wp-json\/wp\/v2\/users\/4"}],"replies":[{"embeddable":true,"href":"https:\/\/oasisfm935.com.ar\/site\/wp-json\/wp\/v2\/comments?post=846"}],"version-history":[{"count":1,"href":"https:\/\/oasisfm935.com.ar\/site\/wp-json\/wp\/v2\/posts\/846\/revisions"}],"predecessor-version":[{"id":847,"href":"https:\/\/oasisfm935.com.ar\/site\/wp-json\/wp\/v2\/posts\/846\/revisions\/847"}],"wp:featuredmedia":[{"embeddable":true,"href":"https:\/\/oasisfm935.com.ar\/site\/wp-json\/wp\/v2\/media\/834"}],"wp:attachment":[{"href":"https:\/\/oasisfm935.com.ar\/site\/wp-json\/wp\/v2\/media?parent=846"}],"wp:term":[{"taxonomy":"category","embeddable":true,"href":"https:\/\/oasisfm935.com.ar\/site\/wp-json\/wp\/v2\/categories?post=846"},{"taxonomy":"post_tag","embeddable":true,"href":"https:\/\/oasisfm935.com.ar\/site\/wp-json\/wp\/v2\/tags?post=846"}],"curies":[{"name":"wp","href":"https:\/\/api.w.org\/{rel}","templated":true}]}}