{"id":8468,"date":"2020-12-17T19:14:15","date_gmt":"2020-12-17T22:14:15","guid":{"rendered":"http:\/\/oasisfm935.com\/site\/?p=8468"},"modified":"2020-12-17T19:15:33","modified_gmt":"2020-12-17T22:15:33","slug":"ingeniero-luiggi-los-ninos-de-la-escuela-76-tuvieron-un-emotivo-acto-de-egresados","status":"publish","type":"post","link":"https:\/\/oasisfm935.com.ar\/site\/ingeniero-luiggi-los-ninos-de-la-escuela-76-tuvieron-un-emotivo-acto-de-egresados\/","title":{"rendered":"Ingeniero Luiggi: Los ni\u00f1os de la Escuela 76 tuvieron un emotivo acto de egresados"},"content":{"rendered":"<p>Los estudiantes del sexto a\u00f1o tuvieron su acto al aire libre cumpliendo el protocolo establecido sin ning\u00fan inconveniente.<\/p>\n<p>La semana pasada, se realiz\u00f3 el Acto de Egresados en el patio de la Escuela Mart\u00edn Rodr\u00edguez en tres momentos, donde los chicos estuvieron acompa\u00f1ados solo por dos familiares y sus docentes. En este emotivo acto, los alumnos disfrutaron de su momento de graduaci\u00f3n con palabras alusivas y un sketch de las docentes.<\/p>\n<figure class=\"wp-block-image size-large\"><img loading=\"lazy\" decoding=\"async\" class=\"wp-image-57796 lazy-loaded\" src=\"https:\/\/zonalnoticias.com\/wp-content\/uploads\/2020\/12\/acto-egresados-escuela-76-2020.jpg\" alt=\"\" width=\"900\" height=\"675\" data-lazy-type=\"image\" data-src=\"https:\/\/zonalnoticias.com\/wp-content\/uploads\/2020\/12\/acto-egresados-escuela-76-2020.jpg\" data-srcset=\"\" \/><\/figure>\n<p><strong>Zonal Noticias<\/strong>\u00a0al respecto dialog\u00f3 con la directora Mar\u00eda Laura Zanoli quien sostuvo que\u00a0<strong>\u201cla escuela culmin\u00f3 con los tres actos programados. Se vivieron momentos muy emotivos y otros graciosos, con el aporte art\u00edstico de las se\u00f1os\u00bb.<\/strong><\/p>\n<blockquote class=\"wp-block-quote\"><p>\u201cDespu\u00e9s de un a\u00f1o cargado de tantas incertidumbres, finalmente pudimos dar un cierre como alumnos, familias y la instituci\u00f3n en general se merec\u00edan. Todos los docentes participaron de una manera u otra de la organizaci\u00f3n de los actos, que fueron nada m\u00e1s y nada menos que tres,\u201d dijo la directora.<\/p><\/blockquote>\n<figure class=\"wp-block-image\"><img decoding=\"async\" class=\"lazy-loaded\" src=\"https:\/\/scontent.frsa4-1.fna.fbcdn.net\/v\/t1.0-9\/131236149_10218595358537024_3290145766988229505_o.jpg?_nc_cat=107&amp;ccb=2&amp;_nc_sid=730e14&amp;_nc_eui2=AeHJXcDVW33Du4R2nCeBQIdlu6VZYTjZiVS7pVlhONmJVOeeX5LndaFxXw8FRPGdB1w&amp;_nc_ohc=HxkXIGkU6mQAX-w3gE2&amp;_nc_ht=scontent.frsa4-1.fna&amp;oh=8bd016fb91e5d56561b6367a63e30581&amp;oe=60017181\" alt=\"La imagen puede contener: una o varias personas, personas sentadas y exterior, texto que dice &quot;Alumno Alumno $ Alumno&quot;\" data-lazy-type=\"image\" data-src=\"https:\/\/scontent.frsa4-1.fna.fbcdn.net\/v\/t1.0-9\/131236149_10218595358537024_3290145766988229505_o.jpg?_nc_cat=107&amp;ccb=2&amp;_nc_sid=730e14&amp;_nc_eui2=AeHJXcDVW33Du4R2nCeBQIdlu6VZYTjZiVS7pVlhONmJVOeeX5LndaFxXw8FRPGdB1w&amp;_nc_ohc=HxkXIGkU6mQAX-w3gE2&amp;_nc_ht=scontent.frsa4-1.fna&amp;oh=8bd016fb91e5d56561b6367a63e30581&amp;oe=60017181\" \/><\/figure>\n<p><strong>\u201cEl trabajo en equipo, como siempre dio sus frutos. Las familias participaron de manera respetuosa de los protocolos establecidos, se vivi\u00f3 un hermoso clima de encuentro. Los ni\u00f1os tuvieron que privarse de los abrazos de las se\u00f1os al recibir la medalla y el diploma, pero igualmente disfrutaron de todos los momentos de encuentro,<\/strong>\u201d manifest\u00f3 Zanoli.<\/p>\n<p>\u201cNuevamente agradezco a todos los que hicieron posible que la Escuela siguiera su marcha y que est\u00e1 hermosa promoci\u00f3n de ni\u00f1os tuviera el ansiado acto de egreso,\u201d camin\u00f3 la docente.<\/p>\n<figure class=\"wp-block-image\"><img decoding=\"async\" class=\"lazy-loaded\" src=\"https:\/\/scontent.frsa4-1.fna.fbcdn.net\/v\/t1.0-9\/131291681_10218595355376945_2590808439302934823_o.jpg?_nc_cat=100&amp;ccb=2&amp;_nc_sid=730e14&amp;_nc_eui2=AeFkG1McP7DD_twHaA0yjUs_Q5ixX62ig49DmLFfraKDj_CA3q_3hxf2l2aYq44jjB0&amp;_nc_ohc=twd11_7HgNsAX_aDd3A&amp;_nc_ht=scontent.frsa4-1.fna&amp;oh=83cdae473b7afcb8c119607f45d9ba27&amp;oe=6000F971\" alt=\"La imagen puede contener: 1 persona, exterior\" data-lazy-type=\"image\" data-src=\"https:\/\/scontent.frsa4-1.fna.fbcdn.net\/v\/t1.0-9\/131291681_10218595355376945_2590808439302934823_o.jpg?_nc_cat=100&amp;ccb=2&amp;_nc_sid=730e14&amp;_nc_eui2=AeFkG1McP7DD_twHaA0yjUs_Q5ixX62ig49DmLFfraKDj_CA3q_3hxf2l2aYq44jjB0&amp;_nc_ohc=twd11_7HgNsAX_aDd3A&amp;_nc_ht=scontent.frsa4-1.fna&amp;oh=83cdae473b7afcb8c119607f45d9ba27&amp;oe=6000F971\" \/><figcaption><img decoding=\"async\" class=\"lazy-loaded\" src=\"https:\/\/scontent.frsa4-1.fna.fbcdn.net\/v\/t1.0-9\/131356180_10218595354656927_359367940494909870_o.jpg?_nc_cat=104&amp;ccb=2&amp;_nc_sid=730e14&amp;_nc_eui2=AeHZz7TJNoDZ8zrPLwJtGhW9CZPf-q3YVLwJk9_6rdhUvMOIJtWATpUh9Jy0EZ41Nng&amp;_nc_ohc=t4n24t91pL8AX9Th_Qz&amp;_nc_ht=scontent.frsa4-1.fna&amp;oh=1e774b9e41ff4253ba223549676eaef5&amp;oe=5FFF96D0\" alt=\"La imagen puede contener: 1 persona, de pie\" data-lazy-type=\"image\" data-src=\"https:\/\/scontent.frsa4-1.fna.fbcdn.net\/v\/t1.0-9\/131356180_10218595354656927_359367940494909870_o.jpg?_nc_cat=104&amp;ccb=2&amp;_nc_sid=730e14&amp;_nc_eui2=AeHZz7TJNoDZ8zrPLwJtGhW9CZPf-q3YVLwJk9_6rdhUvMOIJtWATpUh9Jy0EZ41Nng&amp;_nc_ohc=t4n24t91pL8AX9Th_Qz&amp;_nc_ht=scontent.frsa4-1.fna&amp;oh=1e774b9e41ff4253ba223549676eaef5&amp;oe=5FFF96D0\" \/><\/figcaption><\/figure>\n<div class=\"oasis-despues-del-contenido\" id=\"oasis-1620898063\"><img loading=\"lazy\" decoding=\"async\" src=\"https:\/\/oasisfm935.com.ar\/site\/wp-content\/uploads\/2020\/08\/47806202-8741-49f2-a5c9-d2f930e5baa1.jpg\" alt=\"\"  srcset=\"https:\/\/oasisfm935.com.ar\/site\/wp-content\/uploads\/2020\/08\/47806202-8741-49f2-a5c9-d2f930e5baa1.jpg 1080w, https:\/\/oasisfm935.com.ar\/site\/wp-content\/uploads\/2020\/08\/47806202-8741-49f2-a5c9-d2f930e5baa1-300x300.jpg 300w, https:\/\/oasisfm935.com.ar\/site\/wp-content\/uploads\/2020\/08\/47806202-8741-49f2-a5c9-d2f930e5baa1-1024x1024.jpg 1024w, https:\/\/oasisfm935.com.ar\/site\/wp-content\/uploads\/2020\/08\/47806202-8741-49f2-a5c9-d2f930e5baa1-150x150.jpg 150w, https:\/\/oasisfm935.com.ar\/site\/wp-content\/uploads\/2020\/08\/47806202-8741-49f2-a5c9-d2f930e5baa1-768x768.jpg 768w\" sizes=\"(max-width: 1080px) 100vw, 1080px\" class=\"no-lazyload\" width=\"1080\" height=\"1080\"  style=\"display: inline-block;\" \/><\/div>","protected":false},"excerpt":{"rendered":"<p>Los estudiantes del sexto a\u00f1o tuvieron su acto al aire libre cumpliendo el protocolo establecido sin ning\u00fan inconveniente. La semana pasada, se<\/p>\n","protected":false},"author":4,"featured_media":8469,"comment_status":"closed","ping_status":"open","sticky":false,"template":"","format":"standard","meta":{"colormag_page_layout":"default_layout","footnotes":""},"categories":[2],"tags":[],"class_list":["post-8468","post","type-post","status-publish","format-standard","has-post-thumbnail","hentry","category-noticias"],"_links":{"self":[{"href":"https:\/\/oasisfm935.com.ar\/site\/wp-json\/wp\/v2\/posts\/8468","targetHints":{"allow":["GET"]}}],"collection":[{"href":"https:\/\/oasisfm935.com.ar\/site\/wp-json\/wp\/v2\/posts"}],"about":[{"href":"https:\/\/oasisfm935.com.ar\/site\/wp-json\/wp\/v2\/types\/post"}],"author":[{"embeddable":true,"href":"https:\/\/oasisfm935.com.ar\/site\/wp-json\/wp\/v2\/users\/4"}],"replies":[{"embeddable":true,"href":"https:\/\/oasisfm935.com.ar\/site\/wp-json\/wp\/v2\/comments?post=8468"}],"version-history":[{"count":1,"href":"https:\/\/oasisfm935.com.ar\/site\/wp-json\/wp\/v2\/posts\/8468\/revisions"}],"predecessor-version":[{"id":8470,"href":"https:\/\/oasisfm935.com.ar\/site\/wp-json\/wp\/v2\/posts\/8468\/revisions\/8470"}],"wp:featuredmedia":[{"embeddable":true,"href":"https:\/\/oasisfm935.com.ar\/site\/wp-json\/wp\/v2\/media\/8469"}],"wp:attachment":[{"href":"https:\/\/oasisfm935.com.ar\/site\/wp-json\/wp\/v2\/media?parent=8468"}],"wp:term":[{"taxonomy":"category","embeddable":true,"href":"https:\/\/oasisfm935.com.ar\/site\/wp-json\/wp\/v2\/categories?post=8468"},{"taxonomy":"post_tag","embeddable":true,"href":"https:\/\/oasisfm935.com.ar\/site\/wp-json\/wp\/v2\/tags?post=8468"}],"curies":[{"name":"wp","href":"https:\/\/api.w.org\/{rel}","templated":true}]}}