{"id":8474,"date":"2020-12-17T21:00:58","date_gmt":"2020-12-18T00:00:58","guid":{"rendered":"http:\/\/oasisfm935.com\/site\/?p=8474"},"modified":"2020-12-17T21:00:58","modified_gmt":"2020-12-18T00:00:58","slug":"la-pampa-la-ola-de-contagios-no-para-de-crecer-262-casos-positivos","status":"publish","type":"post","link":"https:\/\/oasisfm935.com.ar\/site\/la-pampa-la-ola-de-contagios-no-para-de-crecer-262-casos-positivos\/","title":{"rendered":"La Pampa: La ola de contagios no para de crecer: 262 casos positivos"},"content":{"rendered":"<p>De los nuevos infectados en la provincia, que surgen tras el an\u00e1lisis de 904 muestras,\u00a0<strong>140 residen en Santa Rosa y 44 en General Pico<\/strong>. Adem\u00e1s, este jueves\u00a0<strong>se produjo la muerte de un hombre de 67 a\u00f1os de Alpachiri<\/strong>.<\/p>\n<p>Pese a la adverencia de las autoriades, la ola de contagios como consecuencia de la pandemia del coronavirus no para de crecer en la provincia. Este jueves, seg\u00fan report\u00f3 el Ministerio de Salud, se registraron 262 casos positivos y un fallecimiento.<\/p>\n<p>La muerte, que eleva el n\u00famero de v\u00edctimas a 104, corresponde a un vecino de Alpachiri de 67 a\u00f1os de edad.<\/p>\n<p>En relaci\u00f3n a los nuevos infectados, que surgen tras el an\u00e1lisis de 904 muestras, 140 residen en Santa Rosa, 44 en General Pico, 23 en General Acha, 10 en Realic\u00f3, 10 en 25 de Mayo, 6 en Toay, 5 en Parera, 3 en Cuchillo C\u00f3, 3 en Winifreda, 3 en Castex, 2 en Puel\u00e9n, 2 en Mauricio Mayer, 2 en General San Mart\u00edn, 1 en La Adela, 1 en Quem\u00fa Quem\u00fa, 1 en Macah\u00edn, 1 en Victorica, 1 en Luiggi, 1 en Anguil, 1 en Trenel, 1 en Quetrequ\u00e9n y 1 en Rol\u00f3n.<\/p>\n<p>\u00abDe los 262 casos confirmados en la tarde de hoy, 90 se encontraban aislados por ser considerados contactos estrechos. Debido a la rapidez del diagn\u00f3stico por ant\u00edgenos (en media hora se otorga el resultado), a\u00fan se contin\u00faa desarrollando la investigaci\u00f3n epidemiol\u00f3gica de 172 casos\u00bb, indic\u00f3 un comunicado de prensa oficial.<\/p>\n<p><strong>1.721 casos activos<\/strong><\/p>\n<p>Desde el inicio de la pandemia, en La Pampa se registraron un total 7754 casos positivos para COVID-19, de los cuales 1721 permanecen activos, 104 fallecieron y 5929 ya se recuperaron. Entre estos \u00faltimos se encuentran, 35 personas de Santa Rosa, 10 de General Pico, 2 de Realic\u00f3, 1 en General Campos, 4 en Guatrach\u00e9, 11 en 25 de Mayo, 2 en Quem\u00fa Quem\u00fa, 1 en Monte Nievas, 4 en Acha, 6 en Alpachiri, 3 en Victorica, 2 en Colonia Bar\u00f3n, 1 en Anguil, 1 en La Maruja, 1 en el Durazno y 1 en Villa Mirasol, que recibieron el alta en la jornada de este jueves.<\/p>\n<p>Los casos confirmados activos est\u00e1n distribuidos de la siguiente manera: 921 en la ciudad de Santa Rosa, 255 en General Pico, 121 en General Acha, 81 en Realic\u00f3, 88 en Toay, 45 en 25 de mayo, 21 en Alpachiri, 19 en Parera, 12 en Colonia Bar\u00f3n, 21 en Victorica, 8 en Monte Nievas, 11 en Lonquimay, 5 en Guatrach\u00e9, 3 en Luiggi, 12 en Quem\u00fa Quem\u00fa, 11 en Winifreda, 8 en Macach\u00edn, 16 en Castex, 1 en La Maruja, 4 en Catril\u00f3, 5 en Puel\u00e9n, 3 en Alvear, 6 en Trenel, 4 en General Campos, 2 en Anguil, 3 en Alta Italia, 3 en Santa Teresa, 3 en Tel\u00e9n, 3 en Santa Isabel, 1 en Dorila, 5 en General San Mart\u00edn, 2 en Rancul, 1 en Falucho, 1 en Jacinto Arauz, 3 en Cuchillo C\u00f3, 3 en Bernasconi, 2 en Mauricio Mayer, 2 en Ataliva Roca, 1 en Quehu\u00e9, 1 en Limay Mahuida, 1 en Chacharramendi, 1 en Quetrequ\u00e9n, 1 en La Adela, 1 en Rol\u00f3n.<\/p>\n<p>Hasta este jueves se encuentran aisladas un total de 6413 personas en toda la provincia. Adem\u00e1s, hay 67 personas internadas. De ese total, 15 est\u00e1n en General Pico -11 en modulares y 4 en terapia intensiva- y otras 29 en el CEAR y los modulares de Santa Rosa: 12 en cl\u00ednica m\u00e9dica, 6 en terapia intensiva y 11 en modulares.<\/p>\n<p>Tambi\u00e9n hay ocho pacientes internados en el Hospital Evita, cinco en General Acha, tres en Colonia Bar\u00f3n, dos en Toay y uno en Macach\u00edn, 25 de Mayo, Alpachiri, Winifreda y Trenel.<\/p>\n<div class=\"oasis-despues-del-contenido\" id=\"oasis-151079522\"><img loading=\"lazy\" decoding=\"async\" src=\"https:\/\/oasisfm935.com.ar\/site\/wp-content\/uploads\/2020\/08\/47806202-8741-49f2-a5c9-d2f930e5baa1.jpg\" alt=\"\"  srcset=\"https:\/\/oasisfm935.com.ar\/site\/wp-content\/uploads\/2020\/08\/47806202-8741-49f2-a5c9-d2f930e5baa1.jpg 1080w, https:\/\/oasisfm935.com.ar\/site\/wp-content\/uploads\/2020\/08\/47806202-8741-49f2-a5c9-d2f930e5baa1-300x300.jpg 300w, https:\/\/oasisfm935.com.ar\/site\/wp-content\/uploads\/2020\/08\/47806202-8741-49f2-a5c9-d2f930e5baa1-1024x1024.jpg 1024w, https:\/\/oasisfm935.com.ar\/site\/wp-content\/uploads\/2020\/08\/47806202-8741-49f2-a5c9-d2f930e5baa1-150x150.jpg 150w, https:\/\/oasisfm935.com.ar\/site\/wp-content\/uploads\/2020\/08\/47806202-8741-49f2-a5c9-d2f930e5baa1-768x768.jpg 768w\" sizes=\"(max-width: 1080px) 100vw, 1080px\" class=\"no-lazyload\" width=\"1080\" height=\"1080\"  style=\"display: inline-block;\" \/><\/div>","protected":false},"excerpt":{"rendered":"<p>De los nuevos infectados en la provincia, que surgen tras el an\u00e1lisis de 904 muestras,\u00a0140 residen en Santa Rosa y 44 en<\/p>\n","protected":false},"author":4,"featured_media":8305,"comment_status":"closed","ping_status":"open","sticky":false,"template":"","format":"standard","meta":{"colormag_page_layout":"default_layout","footnotes":""},"categories":[2],"tags":[],"class_list":["post-8474","post","type-post","status-publish","format-standard","has-post-thumbnail","hentry","category-noticias"],"_links":{"self":[{"href":"https:\/\/oasisfm935.com.ar\/site\/wp-json\/wp\/v2\/posts\/8474","targetHints":{"allow":["GET"]}}],"collection":[{"href":"https:\/\/oasisfm935.com.ar\/site\/wp-json\/wp\/v2\/posts"}],"about":[{"href":"https:\/\/oasisfm935.com.ar\/site\/wp-json\/wp\/v2\/types\/post"}],"author":[{"embeddable":true,"href":"https:\/\/oasisfm935.com.ar\/site\/wp-json\/wp\/v2\/users\/4"}],"replies":[{"embeddable":true,"href":"https:\/\/oasisfm935.com.ar\/site\/wp-json\/wp\/v2\/comments?post=8474"}],"version-history":[{"count":1,"href":"https:\/\/oasisfm935.com.ar\/site\/wp-json\/wp\/v2\/posts\/8474\/revisions"}],"predecessor-version":[{"id":8475,"href":"https:\/\/oasisfm935.com.ar\/site\/wp-json\/wp\/v2\/posts\/8474\/revisions\/8475"}],"wp:featuredmedia":[{"embeddable":true,"href":"https:\/\/oasisfm935.com.ar\/site\/wp-json\/wp\/v2\/media\/8305"}],"wp:attachment":[{"href":"https:\/\/oasisfm935.com.ar\/site\/wp-json\/wp\/v2\/media?parent=8474"}],"wp:term":[{"taxonomy":"category","embeddable":true,"href":"https:\/\/oasisfm935.com.ar\/site\/wp-json\/wp\/v2\/categories?post=8474"},{"taxonomy":"post_tag","embeddable":true,"href":"https:\/\/oasisfm935.com.ar\/site\/wp-json\/wp\/v2\/tags?post=8474"}],"curies":[{"name":"wp","href":"https:\/\/api.w.org\/{rel}","templated":true}]}}