{"id":8477,"date":"2020-12-18T08:55:02","date_gmt":"2020-12-18T11:55:02","guid":{"rendered":"http:\/\/oasisfm935.com\/site\/?p=8477"},"modified":"2020-12-18T08:55:02","modified_gmt":"2020-12-18T11:55:02","slug":"ingeniero-luiggi-cortes-en-el-servicio-electrico-en-diferentes-localidades-entre-ellas-luiggi-y-emb-martini","status":"publish","type":"post","link":"https:\/\/oasisfm935.com.ar\/site\/ingeniero-luiggi-cortes-en-el-servicio-electrico-en-diferentes-localidades-entre-ellas-luiggi-y-emb-martini\/","title":{"rendered":"Ingeniero Luiggi: Cortes en el servicio el\u00e9ctrico en diferentes localidades entre ellas Luiggi y Emb Martini."},"content":{"rendered":"<p>La Administraci\u00f3n Provincial de Energ\u00eda (APE) inform\u00f3 que el d\u00eda domingo 20 de diciembre se realizar\u00e1n cortes del suministro el\u00e9ctrico en las localidades de Macach\u00edn, Miguel Riglos, Anchorena, Doblas, Rol\u00f3n, Ingeniero Luiggi, Embajador Martini y zonas aleda\u00f1as por tareas de mantenimiento y optimizaci\u00f3n del servicio el\u00e9ctrico.<\/p>\n<p>El domingo 20 de diciembre entre las 5:30 y 10:30, se realizar\u00e1 un corte de suministro el\u00e9ctrico en las localidades de Macach\u00edn, Miguel Riglos, Anchorena, Doblas, Rol\u00f3n, Ingeniero Luiggi,\u00a0 Embajador Martini y zonas aleda\u00f1as.<\/p>\n<p>Durante este corte, personal de la APE realizar\u00e1 tareas de mantenimiento en la l\u00ednea a\u00e9rea de media tensi\u00f3n de 33 kV Macach\u00edn (Transener) &#8211; Macach\u00edn. Espec\u00edficamente, se realizar\u00e1n trabajos preventivos en posibles puntos de fallas detectadas durante relevamientos de rutina en los \u00faltimos meses.<\/p>\n<p>Debido a los protocolos de operaci\u00f3n adoptados por la empresa Transener hace que los horarios efectivos del corte y reposici\u00f3n puedan diferir m\u00ednimamente del especificado.<\/p>\n<p>Se informa adem\u00e1s que las localidades de General Campos y Alpachiri ser\u00e1n provistas de energ\u00eda el\u00e9ctrica durante el corte desde la ET Guatrach\u00e9, para lo cual se ver\u00e1n afectadas por cortes de 10 minutos aproximadamente para realizar las maniobras respectivas tanto al inicio como al final de los trabajos.<\/p>\n<p><strong>Repotenciaci\u00f3n de Subestaci\u00f3n Transformadora 33\/13,2 kV &#8211; Ingeniero Luiggi<\/strong><\/p>\n<p><em>A su vez el domingo 20 de diciembre se proceder\u00e1 a la instalaci\u00f3n de un transformador de potencia 33\/13,2 kV con regulaci\u00f3n autom\u00e1tica en la Subestaci\u00f3n Transformadora Ingeniero Luiggi, con lo cual se contar\u00e1 con una potencia instalada y disponible de 8 MVA.<\/em><\/p>\n<p>Como tareas asociadas al reemplazo de transformadores, tambi\u00e9n se reemplazar\u00e1n los transformadores de intensidad, acorde al nuevo transformador de potencia y se ajustar\u00e1n protecciones y setos de equipamiento para adecuarlos a la nueva potencia instalada.<br \/>\nEsta repotenciaci\u00f3n en la subestaci\u00f3n Ingeniero Luiggi permitir\u00e1 mejorar la calidad de servicio a todos los usuarios alimentados desde dicha subestaci\u00f3n.<br \/>\nA ra\u00edz de estas acciones se informa que el d\u00eda domingo 20 en el horario de 7 a 11, se realizar\u00e1 un corte en el servicio el\u00e9ctrico en las localidades de Ingeniero Luiggi, Embajador Martini y zonas aleda\u00f1as.<\/p>\n<div class=\"oasis-despues-del-contenido\" id=\"oasis-1710549876\"><img loading=\"lazy\" decoding=\"async\" src=\"https:\/\/oasisfm935.com.ar\/site\/wp-content\/uploads\/2020\/08\/47806202-8741-49f2-a5c9-d2f930e5baa1.jpg\" alt=\"\"  srcset=\"https:\/\/oasisfm935.com.ar\/site\/wp-content\/uploads\/2020\/08\/47806202-8741-49f2-a5c9-d2f930e5baa1.jpg 1080w, https:\/\/oasisfm935.com.ar\/site\/wp-content\/uploads\/2020\/08\/47806202-8741-49f2-a5c9-d2f930e5baa1-300x300.jpg 300w, https:\/\/oasisfm935.com.ar\/site\/wp-content\/uploads\/2020\/08\/47806202-8741-49f2-a5c9-d2f930e5baa1-1024x1024.jpg 1024w, https:\/\/oasisfm935.com.ar\/site\/wp-content\/uploads\/2020\/08\/47806202-8741-49f2-a5c9-d2f930e5baa1-150x150.jpg 150w, https:\/\/oasisfm935.com.ar\/site\/wp-content\/uploads\/2020\/08\/47806202-8741-49f2-a5c9-d2f930e5baa1-768x768.jpg 768w\" sizes=\"(max-width: 1080px) 100vw, 1080px\" class=\"no-lazyload\" width=\"1080\" height=\"1080\"  style=\"display: inline-block;\" \/><\/div>","protected":false},"excerpt":{"rendered":"<p>La Administraci\u00f3n Provincial de Energ\u00eda (APE) inform\u00f3 que el d\u00eda domingo 20 de diciembre se realizar\u00e1n cortes del suministro el\u00e9ctrico en las<\/p>\n","protected":false},"author":4,"featured_media":8478,"comment_status":"closed","ping_status":"open","sticky":false,"template":"","format":"standard","meta":{"colormag_page_layout":"default_layout","footnotes":""},"categories":[2],"tags":[],"class_list":["post-8477","post","type-post","status-publish","format-standard","has-post-thumbnail","hentry","category-noticias"],"_links":{"self":[{"href":"https:\/\/oasisfm935.com.ar\/site\/wp-json\/wp\/v2\/posts\/8477","targetHints":{"allow":["GET"]}}],"collection":[{"href":"https:\/\/oasisfm935.com.ar\/site\/wp-json\/wp\/v2\/posts"}],"about":[{"href":"https:\/\/oasisfm935.com.ar\/site\/wp-json\/wp\/v2\/types\/post"}],"author":[{"embeddable":true,"href":"https:\/\/oasisfm935.com.ar\/site\/wp-json\/wp\/v2\/users\/4"}],"replies":[{"embeddable":true,"href":"https:\/\/oasisfm935.com.ar\/site\/wp-json\/wp\/v2\/comments?post=8477"}],"version-history":[{"count":1,"href":"https:\/\/oasisfm935.com.ar\/site\/wp-json\/wp\/v2\/posts\/8477\/revisions"}],"predecessor-version":[{"id":8479,"href":"https:\/\/oasisfm935.com.ar\/site\/wp-json\/wp\/v2\/posts\/8477\/revisions\/8479"}],"wp:featuredmedia":[{"embeddable":true,"href":"https:\/\/oasisfm935.com.ar\/site\/wp-json\/wp\/v2\/media\/8478"}],"wp:attachment":[{"href":"https:\/\/oasisfm935.com.ar\/site\/wp-json\/wp\/v2\/media?parent=8477"}],"wp:term":[{"taxonomy":"category","embeddable":true,"href":"https:\/\/oasisfm935.com.ar\/site\/wp-json\/wp\/v2\/categories?post=8477"},{"taxonomy":"post_tag","embeddable":true,"href":"https:\/\/oasisfm935.com.ar\/site\/wp-json\/wp\/v2\/tags?post=8477"}],"curies":[{"name":"wp","href":"https:\/\/api.w.org\/{rel}","templated":true}]}}