{"id":848,"date":"2019-02-28T17:59:56","date_gmt":"2019-02-28T20:59:56","guid":{"rendered":"http:\/\/oasisfm935.com\/site\/?p=848"},"modified":"2019-02-28T17:59:56","modified_gmt":"2019-02-28T20:59:56","slug":"ctera-anuncio-un-paro-de-72-horas","status":"publish","type":"post","link":"https:\/\/oasisfm935.com.ar\/site\/ctera-anuncio-un-paro-de-72-horas\/","title":{"rendered":"CTERA anunci\u00f3 un paro de 72 horas"},"content":{"rendered":"<p>Las clases no arrancar\u00e1n la pr\u00f3xima semana, despu\u00e9s que el gremio docente nacional anunciara hoy un paro para los d\u00edas 6 y 7 y la adhesi\u00f3n al paro interncional de mujeres del 8 de marzo.<\/p>\n<p>Por la falta de acuerdo salarial en varias provincias, el sindicato de docentes nacionales mayoritario, la CTERA, anunci\u00f3 hoy un paro por 72 horas para el mi\u00e9rcoles 6, jueves 7 y viernes 8 de marzo pr\u00f3ximos, con lo cual no se iniciar\u00e1n las clases en la fecha prevista.<\/p>\n<p>CTERA, confederaci\u00f3n en la que est\u00e1n agrupados el principal gremio de docentes bonaerenses, Suteba, y porte\u00f1os, UTE, defini\u00f3 la medida durante la realizaci\u00f3n de un plenario.\u00a0<strong>Tambi\u00e9n se descuenta que se sumar\u00e1 UTELPa y los dem\u00e1s gremios docentes en La Pampa.<\/strong><\/p>\n<p>En el plenario de este jueves estuvo presente la secretaria general de UTELPa, Lilia L\u00f3pez.<\/p>\n<p>De esta forma, el ciclo lectivo comenzar\u00eda reci\u00e9n el lunes 11 de marzo en los principales distritos del pa\u00eds.<\/p>\n<p>La medida de fuerza afecta a unos 4 millones de alumnos que van a la primaria en escuelas p\u00fablicas y m\u00e1s 1,2 millones de chicos que empiezan en el jard\u00edn.<\/p>\n<p>Mientras Ctera anunci\u00f3 esta medida, los otros gremios nacionales dijeron que no har\u00e1n paro.<\/p>\n<p>Previamente, el Gobierno cit\u00f3 a los gremios docentes nacionales en medio del conflicto por las paritarias.<\/p>\n<p>Se anunci\u00f3 una mejora del salario b\u00e1sico por el adelantamiento del aumento del m\u00ednimo vital y m\u00f3vil, pero Ctera no concurre a las reuniones con el Gobierno.<\/p>\n<p>El Gobierno elev\u00f3 a $ 15 mil el salario inicial de los docentes en todo el pa\u00eds y adelant\u00f3 el aumento para marzo.<\/p>\n<p>A la medida de fuerza tambi\u00e9n se sum\u00f3 el Sindicato Argentino de Docentes Privados (SADOP), que convoc\u00f3 a un paro por 48 horas el 6 y 7 de marzo, para exigir la urgente convocatoria a la Paritaria Federal Docente, en el marco del art\u00edculo 10 de la Ley 26.075.<\/p>\n<p>Adem\u00e1s, convoca a movilizar al Ministerio de Educaci\u00f3n el 6 de marzo.<\/p>\n<div class=\"oasis-despues-del-contenido\" id=\"oasis-233325518\"><img loading=\"lazy\" decoding=\"async\" src=\"https:\/\/oasisfm935.com.ar\/site\/wp-content\/uploads\/2020\/08\/47806202-8741-49f2-a5c9-d2f930e5baa1.jpg\" alt=\"\"  srcset=\"https:\/\/oasisfm935.com.ar\/site\/wp-content\/uploads\/2020\/08\/47806202-8741-49f2-a5c9-d2f930e5baa1.jpg 1080w, https:\/\/oasisfm935.com.ar\/site\/wp-content\/uploads\/2020\/08\/47806202-8741-49f2-a5c9-d2f930e5baa1-300x300.jpg 300w, https:\/\/oasisfm935.com.ar\/site\/wp-content\/uploads\/2020\/08\/47806202-8741-49f2-a5c9-d2f930e5baa1-1024x1024.jpg 1024w, https:\/\/oasisfm935.com.ar\/site\/wp-content\/uploads\/2020\/08\/47806202-8741-49f2-a5c9-d2f930e5baa1-150x150.jpg 150w, https:\/\/oasisfm935.com.ar\/site\/wp-content\/uploads\/2020\/08\/47806202-8741-49f2-a5c9-d2f930e5baa1-768x768.jpg 768w\" sizes=\"(max-width: 1080px) 100vw, 1080px\" class=\"no-lazyload\" width=\"1080\" height=\"1080\"  style=\"display: inline-block;\" \/><\/div>","protected":false},"excerpt":{"rendered":"<p>Las clases no arrancar\u00e1n la pr\u00f3xima semana, despu\u00e9s que el gremio docente nacional anunciara hoy un paro para los d\u00edas 6 y<\/p>\n","protected":false},"author":4,"featured_media":849,"comment_status":"closed","ping_status":"open","sticky":false,"template":"","format":"standard","meta":{"colormag_page_layout":"default_layout","footnotes":""},"categories":[2],"tags":[],"class_list":["post-848","post","type-post","status-publish","format-standard","has-post-thumbnail","hentry","category-noticias"],"_links":{"self":[{"href":"https:\/\/oasisfm935.com.ar\/site\/wp-json\/wp\/v2\/posts\/848","targetHints":{"allow":["GET"]}}],"collection":[{"href":"https:\/\/oasisfm935.com.ar\/site\/wp-json\/wp\/v2\/posts"}],"about":[{"href":"https:\/\/oasisfm935.com.ar\/site\/wp-json\/wp\/v2\/types\/post"}],"author":[{"embeddable":true,"href":"https:\/\/oasisfm935.com.ar\/site\/wp-json\/wp\/v2\/users\/4"}],"replies":[{"embeddable":true,"href":"https:\/\/oasisfm935.com.ar\/site\/wp-json\/wp\/v2\/comments?post=848"}],"version-history":[{"count":1,"href":"https:\/\/oasisfm935.com.ar\/site\/wp-json\/wp\/v2\/posts\/848\/revisions"}],"predecessor-version":[{"id":850,"href":"https:\/\/oasisfm935.com.ar\/site\/wp-json\/wp\/v2\/posts\/848\/revisions\/850"}],"wp:featuredmedia":[{"embeddable":true,"href":"https:\/\/oasisfm935.com.ar\/site\/wp-json\/wp\/v2\/media\/849"}],"wp:attachment":[{"href":"https:\/\/oasisfm935.com.ar\/site\/wp-json\/wp\/v2\/media?parent=848"}],"wp:term":[{"taxonomy":"category","embeddable":true,"href":"https:\/\/oasisfm935.com.ar\/site\/wp-json\/wp\/v2\/categories?post=848"},{"taxonomy":"post_tag","embeddable":true,"href":"https:\/\/oasisfm935.com.ar\/site\/wp-json\/wp\/v2\/tags?post=848"}],"curies":[{"name":"wp","href":"https:\/\/api.w.org\/{rel}","templated":true}]}}