{"id":8484,"date":"2020-12-18T21:27:06","date_gmt":"2020-12-19T00:27:06","guid":{"rendered":"http:\/\/oasisfm935.com\/site\/?p=8484"},"modified":"2020-12-18T21:27:06","modified_gmt":"2020-12-19T00:27:06","slug":"covid-19-195-casos-y-cuatro-muertes-en-la-pampa","status":"publish","type":"post","link":"https:\/\/oasisfm935.com.ar\/site\/covid-19-195-casos-y-cuatro-muertes-en-la-pampa\/","title":{"rendered":"Covid-19: 195 casos  y cuatro muertes en La Pampa"},"content":{"rendered":"<p>La pandemia del coronavirus sigue golpeando fuerte en la provincia: este viernes se cobr\u00f3 cuatro vidas y se produjeron 195 contagios.<\/p>\n<p>Los nuevos fallecimientos, que elevan la cifra de v\u00edctimas fatales a 108, corresponden a un hombre de 87 y otro de 81 a\u00f1os de Santa Rosa, una mujer de 78 a\u00f1os de Alpachiri y otra de 76 a\u00f1os de Monte Nievas.<\/p>\n<p>El Gobierno de la provincia de La Pampa a trav\u00e9s del Ministerio de Salud comunica que en horas de la tarde del d\u00eda 18 de diciembre, se finaliz\u00f3 con el procesamiento de 674 muestras analizadas en los laboratorios de la Direcci\u00f3n de Epidemiolo\u00eda y del hospital Gobernador Centeno y Lucio Molas, como as\u00ed tambi\u00e9n en los diferentes Centros de Salud que analizan test de an\u00edgenos,<\/p>\n<p>De las cuales 195 casos positivas -tras el an\u00e1lisis de 674 muestras, 312 test r\u00e1pidos y 362 PCR- 74 residen en Santa Rosa, 28 en General Pico, 23 en General Acha, 12 en 25 de Mayo, 11 en Toay, 7 en Realic\u00f3, 7 en General San Mart\u00edn, 6 en Victorica, 5 en Castex, 4 en Quem\u00fa Quem\u00fa, 3 en Chacharramendi, 3 en Guatrach\u00e9, 3 en Lonquimay, 2 en Winifreda, 2 en Catril\u00f3, 1 en Mauricio Mayer, 1 en Luiggi, 1 en General Campos, 1 en Anguil y 1 en Caleuf\u00fa<\/p>\n<p>\u00abEl caso que hab\u00eda sido confirmado para la localidad de Quetrequ\u00e9n, en el transcurso de la investigaci\u00f3n se determin\u00f3 que reside en Realic\u00f3. De igual modo sucedi\u00f3 con las localidades de Guatrach\u00e9 y Mauricio Mayer, que finalizaron el d\u00eda de ayer con 13 y 4 casos confirmados respectivamente\u00bb, aclar\u00f3 el reporte sanitario de este viernes.<\/p>\n<p>La estrategia de b\u00fasqueda activa con diagn\u00f3stico por ant\u00edgenos lleva entrevistados 31.145 ciudadanos. De un total de 312 muestras analizadas por test de ant\u00edgenos en el d\u00eda, 99 resultaron positivas.<\/p>\n<p>\u00abEsas personas fueron autom\u00e1ticamente aisladas, al igual que sus contactos estrechos que est\u00e1n en seguimiento. Los diagn\u00f3sticos negativos ser\u00e1n analizados por la t\u00e9cnica de PCR\u00bb, indic\u00f3 el mismo escrito oficial.<\/p>\n<p><strong>1786 casos activos<\/strong><\/p>\n<p>Desde el inicio de la pandemia, en La Pampa se registraron un total de 7949 casos positivos: 1786 permanecen activos, 108 fallecieron y 6055 ya se recuperaron. Entre estos \u00faltimos se encuentran, 51 personas de Santa Rosa, 35 de General Pico, 2 de Realic\u00f3, 1 en General Campos, 4 en Guatrach\u00e9, 11 en 25 de Mayo, 2 en Quem\u00fa Quem\u00fa, 1 en Monte Nievas, 4 en Acha, 6 en Alpachiri, 3 en Victorica, 2 en Colonia Bar\u00f3n, 1 en Anguil, 1 en La Maruja, 1 en el Durazno y 1 en Villa Mirasol que recibieron el alta en la jornada de este viernes.<\/p>\n<p>Los casos confirmados activos est\u00e1n distribuidos de la siguiente manera: 936 en la ciudad de Santa Rosa, 248 en General Pico, 139 en General Acha, 82 en Realic\u00f3, 87 en Toay, 57 en 25 de mayo, 13 en Alpachiri, 14 en Parera, 8 en Colonia Bar\u00f3n, 27 en Victorica, 7 en Monte Nievas, 14 en Lonquimay, 16 en Guatrach\u00e9, 4 en Luiggi, 16 en Quem\u00fa Quem\u00fa, 13 en Winifreda, 8 en Macach\u00edn, 21 en Castex, 1 en La Maruja, 5 en Catril\u00f3, 5 en Puel\u00e9n, 2 en Alvear, 5 en Trenel, 5 en General Campos, 2 en Anguil, 3 en Alta Italia, 3 en Santa Teresa, 3 en Tel\u00e9n, 3 en Santa Isabel, 1 en Dorila, 12 en General San Mart\u00edn, 2 en Rancul, 1 en Falucho, 1 en Jacinto Arauz, 3 en Cuchillo C\u00f3, 3 en Bernasconi, 5 en Mauricio Mayer, 2 en Ataliva Roca, 1 en Quehu\u00e9, 1 en Limay Mahuida, 4 en Chacharramendi, 1 en La Adela, 1 en Rol\u00f3n y 1 en Caleuf\u00fa<\/p>\n<p>Al d\u00eda de la fecha se encuentran aisladas un total de 6891 personas en toda la provincia y hay 67 pacientes internados. De ese total, 17 est\u00e1n en General Pico -12 en modulares y 5 en terapia intensiva- y otros 33 en el CEAR los modulares de Santa Rosa: 12 en cl\u00ednica m\u00e9dica, 7 en terapia intensiva y 14 en modulares.<\/p>\n<p>Tambi\u00e9n hay cinco personas internadas en el Hospital Evita, tres en General Acha, dos en Colonia Bar\u00f3n, y una en\u00a0 Macach\u00edn, 25 de Mayo, Toay, Alpachiri, Winifreda, Trenel y Alvear.<\/p>\n<div class=\"oasis-despues-del-contenido\" id=\"oasis-577639386\"><img loading=\"lazy\" decoding=\"async\" src=\"https:\/\/oasisfm935.com.ar\/site\/wp-content\/uploads\/2020\/08\/47806202-8741-49f2-a5c9-d2f930e5baa1.jpg\" alt=\"\"  srcset=\"https:\/\/oasisfm935.com.ar\/site\/wp-content\/uploads\/2020\/08\/47806202-8741-49f2-a5c9-d2f930e5baa1.jpg 1080w, https:\/\/oasisfm935.com.ar\/site\/wp-content\/uploads\/2020\/08\/47806202-8741-49f2-a5c9-d2f930e5baa1-300x300.jpg 300w, https:\/\/oasisfm935.com.ar\/site\/wp-content\/uploads\/2020\/08\/47806202-8741-49f2-a5c9-d2f930e5baa1-1024x1024.jpg 1024w, https:\/\/oasisfm935.com.ar\/site\/wp-content\/uploads\/2020\/08\/47806202-8741-49f2-a5c9-d2f930e5baa1-150x150.jpg 150w, https:\/\/oasisfm935.com.ar\/site\/wp-content\/uploads\/2020\/08\/47806202-8741-49f2-a5c9-d2f930e5baa1-768x768.jpg 768w\" sizes=\"(max-width: 1080px) 100vw, 1080px\" class=\"no-lazyload\" width=\"1080\" height=\"1080\"  style=\"display: inline-block;\" \/><\/div>","protected":false},"excerpt":{"rendered":"<p>La pandemia del coronavirus sigue golpeando fuerte en la provincia: este viernes se cobr\u00f3 cuatro vidas y se produjeron 195 contagios. Los<\/p>\n","protected":false},"author":4,"featured_media":8215,"comment_status":"closed","ping_status":"open","sticky":false,"template":"","format":"standard","meta":{"colormag_page_layout":"default_layout","footnotes":""},"categories":[2],"tags":[],"class_list":["post-8484","post","type-post","status-publish","format-standard","has-post-thumbnail","hentry","category-noticias"],"_links":{"self":[{"href":"https:\/\/oasisfm935.com.ar\/site\/wp-json\/wp\/v2\/posts\/8484","targetHints":{"allow":["GET"]}}],"collection":[{"href":"https:\/\/oasisfm935.com.ar\/site\/wp-json\/wp\/v2\/posts"}],"about":[{"href":"https:\/\/oasisfm935.com.ar\/site\/wp-json\/wp\/v2\/types\/post"}],"author":[{"embeddable":true,"href":"https:\/\/oasisfm935.com.ar\/site\/wp-json\/wp\/v2\/users\/4"}],"replies":[{"embeddable":true,"href":"https:\/\/oasisfm935.com.ar\/site\/wp-json\/wp\/v2\/comments?post=8484"}],"version-history":[{"count":1,"href":"https:\/\/oasisfm935.com.ar\/site\/wp-json\/wp\/v2\/posts\/8484\/revisions"}],"predecessor-version":[{"id":8485,"href":"https:\/\/oasisfm935.com.ar\/site\/wp-json\/wp\/v2\/posts\/8484\/revisions\/8485"}],"wp:featuredmedia":[{"embeddable":true,"href":"https:\/\/oasisfm935.com.ar\/site\/wp-json\/wp\/v2\/media\/8215"}],"wp:attachment":[{"href":"https:\/\/oasisfm935.com.ar\/site\/wp-json\/wp\/v2\/media?parent=8484"}],"wp:term":[{"taxonomy":"category","embeddable":true,"href":"https:\/\/oasisfm935.com.ar\/site\/wp-json\/wp\/v2\/categories?post=8484"},{"taxonomy":"post_tag","embeddable":true,"href":"https:\/\/oasisfm935.com.ar\/site\/wp-json\/wp\/v2\/tags?post=8484"}],"curies":[{"name":"wp","href":"https:\/\/api.w.org\/{rel}","templated":true}]}}