{"id":8486,"date":"2020-12-19T10:18:01","date_gmt":"2020-12-19T13:18:01","guid":{"rendered":"http:\/\/oasisfm935.com\/site\/?p=8486"},"modified":"2020-12-19T10:18:01","modified_gmt":"2020-12-19T13:18:01","slug":"ingeniero-luggi-corte-en-el-transito-por-el-primer-paseo-eco-productivo-luiggi","status":"publish","type":"post","link":"https:\/\/oasisfm935.com.ar\/site\/ingeniero-luggi-corte-en-el-transito-por-el-primer-paseo-eco-productivo-luiggi\/","title":{"rendered":"Ingeniero Luggi: Corte en el tr\u00e1nsito por el Primer Paseo Eco Productivo Luiggi."},"content":{"rendered":"<p>&#x26a0;&#xfe0f;Comunicado&#x26a0;&#xfe0f;<br \/>\nResoluci\u00f3n Municipal 400\/20<\/p>\n<p>El domingo 20\/12 desde las 10 hs hasta las 23 hs. PERMANERA CERRADA la calle Juan Jos\u00e9 Castelli intersecci\u00f3n Estanislao Ceballos y Juan Jos\u00e9 Castelli intersecci\u00f3n Juan\u00a0Jos\u00e9 Pas\u00f3.<\/p>\n<p>El motivo de este corte en el tr\u00e1nsito es para el desarrollo del Primer Paseo Eco Productivo Luiggi.<\/p>\n<p>Esperamos a que pasen a disfrutar de este espacio de artesanos y emprendedores donde se cumplir\u00e1n los protocolos.<\/p>\n<p>&nbsp;<\/p>\n<div class=\"oasis-despues-del-contenido\" id=\"oasis-4171538987\"><img loading=\"lazy\" decoding=\"async\" src=\"https:\/\/oasisfm935.com.ar\/site\/wp-content\/uploads\/2020\/08\/47806202-8741-49f2-a5c9-d2f930e5baa1.jpg\" alt=\"\"  srcset=\"https:\/\/oasisfm935.com.ar\/site\/wp-content\/uploads\/2020\/08\/47806202-8741-49f2-a5c9-d2f930e5baa1.jpg 1080w, https:\/\/oasisfm935.com.ar\/site\/wp-content\/uploads\/2020\/08\/47806202-8741-49f2-a5c9-d2f930e5baa1-300x300.jpg 300w, https:\/\/oasisfm935.com.ar\/site\/wp-content\/uploads\/2020\/08\/47806202-8741-49f2-a5c9-d2f930e5baa1-1024x1024.jpg 1024w, https:\/\/oasisfm935.com.ar\/site\/wp-content\/uploads\/2020\/08\/47806202-8741-49f2-a5c9-d2f930e5baa1-150x150.jpg 150w, https:\/\/oasisfm935.com.ar\/site\/wp-content\/uploads\/2020\/08\/47806202-8741-49f2-a5c9-d2f930e5baa1-768x768.jpg 768w\" sizes=\"(max-width: 1080px) 100vw, 1080px\" class=\"no-lazyload\" width=\"1080\" height=\"1080\"  style=\"display: inline-block;\" \/><\/div>","protected":false},"excerpt":{"rendered":"<p>&#x26a0;&#xfe0f;Comunicado&#x26a0;&#xfe0f; Resoluci\u00f3n Municipal 400\/20 El domingo 20\/12 desde las 10 hs hasta las 23 hs. PERMANERA CERRADA la calle Juan Jos\u00e9 Castelli<\/p>\n","protected":false},"author":4,"featured_media":8487,"comment_status":"closed","ping_status":"open","sticky":false,"template":"","format":"standard","meta":{"colormag_page_layout":"default_layout","footnotes":""},"categories":[2],"tags":[],"class_list":["post-8486","post","type-post","status-publish","format-standard","has-post-thumbnail","hentry","category-noticias"],"_links":{"self":[{"href":"https:\/\/oasisfm935.com.ar\/site\/wp-json\/wp\/v2\/posts\/8486","targetHints":{"allow":["GET"]}}],"collection":[{"href":"https:\/\/oasisfm935.com.ar\/site\/wp-json\/wp\/v2\/posts"}],"about":[{"href":"https:\/\/oasisfm935.com.ar\/site\/wp-json\/wp\/v2\/types\/post"}],"author":[{"embeddable":true,"href":"https:\/\/oasisfm935.com.ar\/site\/wp-json\/wp\/v2\/users\/4"}],"replies":[{"embeddable":true,"href":"https:\/\/oasisfm935.com.ar\/site\/wp-json\/wp\/v2\/comments?post=8486"}],"version-history":[{"count":1,"href":"https:\/\/oasisfm935.com.ar\/site\/wp-json\/wp\/v2\/posts\/8486\/revisions"}],"predecessor-version":[{"id":8488,"href":"https:\/\/oasisfm935.com.ar\/site\/wp-json\/wp\/v2\/posts\/8486\/revisions\/8488"}],"wp:featuredmedia":[{"embeddable":true,"href":"https:\/\/oasisfm935.com.ar\/site\/wp-json\/wp\/v2\/media\/8487"}],"wp:attachment":[{"href":"https:\/\/oasisfm935.com.ar\/site\/wp-json\/wp\/v2\/media?parent=8486"}],"wp:term":[{"taxonomy":"category","embeddable":true,"href":"https:\/\/oasisfm935.com.ar\/site\/wp-json\/wp\/v2\/categories?post=8486"},{"taxonomy":"post_tag","embeddable":true,"href":"https:\/\/oasisfm935.com.ar\/site\/wp-json\/wp\/v2\/tags?post=8486"}],"curies":[{"name":"wp","href":"https:\/\/api.w.org\/{rel}","templated":true}]}}