{"id":8492,"date":"2020-12-21T10:44:48","date_gmt":"2020-12-21T13:44:48","guid":{"rendered":"http:\/\/oasisfm935.com\/site\/?p=8492"},"modified":"2020-12-21T10:44:48","modified_gmt":"2020-12-21T13:44:48","slug":"ingeniero-luiggi-primeras-egresadas-del-profesorado-de-nivel-inicial-en-la-extension-aulica","status":"publish","type":"post","link":"https:\/\/oasisfm935.com.ar\/site\/ingeniero-luiggi-primeras-egresadas-del-profesorado-de-nivel-inicial-en-la-extension-aulica\/","title":{"rendered":"Ingeniero Luiggi: Primeras egresadas del Profesorado de Nivel Inicial en la Extensi\u00f3n \u00c1ulica."},"content":{"rendered":"<p>Catorce estudiantes de la carrera de la Extensi\u00f3n \u00c1ulica de Ingeniero Luiggi se convirtieron en profesoras de Nivel Inicial, y otras once se recibir\u00e1n en el mes de febrero cuando rindan sus \u00faltimas materias.<\/p>\n<p><strong>Zonal Noticias<\/strong>\u00a0entrevist\u00f3 a\u00a0<strong>Ana Carolina Manso, Coordinadora de la Extensi\u00f3n \u00c1ulica Ingeniero Luiggi (ISFD de Colonia Bar\u00f3n)<\/strong>\u00a0quien coment\u00f3 \u00abestamos muy contentas porque entre el jueves y viernes se recibieron las primeras 14 egresadas de la carrera y en febrero se recibir\u00e1n otras 11 estudiantes\u00bb.<\/p>\n<p>La oferta acad\u00e9mica reuni\u00f3 a estudiantes de varias localidades de la zona como Alta Italia, Embajador Martini, Arata, Caleuf\u00fa, Parera, Buena Esperanza (San luis) y por supuesto Ingeniero Luiggi.<\/p>\n<p>Manso explic\u00f3 \u00ab<strong>para nosotros implica un hecho hist\u00f3rico en la localidad porque es la primera vez que se dicta de manera presencial e\u00a0<\/strong><strong>ininterrumpida una carrera de Nivel Superior, por lo cual para nosotros es un gran logro local\u00bb.<\/strong><\/p>\n<p>La carrera fue gestionada ante el Ministerio de Educaci\u00f3n y especialmente ante la Direcci\u00f3n de Nivel Superior a trav\u00e9s del exintendente Oscar Zanoli y\u00a0<strong>\u00abla verdad que fue todo un desaf\u00edo, porque es la primera vez que en la localidad existi\u00f3 una carrera de cursada presencial, con todo lo que ello implica\u00bb.<\/strong><\/p>\n<p><img decoding=\"async\" src=\"https:\/\/zonalnoticias.com\/wp-content\/uploads\/2020\/12\/extension-aulica-egresadas-tapa-esta-1024x472.jpg\" \/><\/p>\n<p>La coordinadora destac\u00f3 \u00absiempre tuvimos mucho acompa\u00f1amiento del municipio, inicialmente funcionamos en la Escuela Mariano Moreno pero por las inundaciones luego nos trasladamos al Auditorio Municipal para seguir cursando all\u00ed y solucionado el problema en la Mariano Moreno, pudimos regresar all\u00ed donde hoy felizmente pudimos culminar el cursado de la carrera\u00bb.<\/p>\n<p><strong>Estudiar el pandemia<\/strong><\/p>\n<blockquote class=\"wp-block-quote\"><p>En cuanto a este a\u00f1o tan at\u00edpico, Manso expres\u00f3: \u00abA nosotros nos implic\u00f3 reacomodarnos a los requerimientos y luego a los protocolos que hab\u00eda que cumplir, desde marzo a septiembre no pudimos contar con clases presenciales pero igualmente cada docente en la unidad curricular que dict\u00f3 , se agiorn\u00f3 y fue buscando estrategias para poder llegar a cada una de las alumnas con el dictado de clases virtuales a trav\u00e9s de distintas plataformas, la creaci\u00f3n de grupos de WhatsApp y la utilizaci\u00f3n del Aula Virtual que tenemos todos los institutos de Formaci\u00f3n Docente de la provincia y el pa\u00eds\u00bb.<\/p>\n<p><strong>\u00abCada docente fue buscando la mejor estrategia que se adecuaba a los saberes y tem\u00e1ticas que deb\u00eda trabajar\u00bb,\u00a0<\/strong>coment\u00f3.<\/p>\n<p>La coordinadora Ana Carolina Manso dej\u00f3 en claro que \u00ab<strong>nuestra formaci\u00f3n docentes est\u00e1 cimentada en un dise\u00f1o curricular jurisdiccional, a partir del cual cada docente debe abordar determinados temas, conceptos, teor\u00edas y trabajar con determinadas habilidades y capacidades\u00bb.<\/strong><\/p>\n<p>\u00abEn este sentido nosotros tomamos como base el dise\u00f1o curricular y\u00a0<strong>adem\u00e1s sumamos experiencias formativas a partir de lo que suced\u00eda en las Salas de Nivel Inicial del Norte pampeano<\/strong>, por lo que sumamos experiencias vinculadas a la alfabetizaci\u00f3n, el arte, el arte visual, el lenguaje musical, la expresi\u00f3n corporal, entre otras actividades, como para contextualizar la formaci\u00f3n de nuestras futuras docentes\u00bb, indic\u00f3.<\/p>\n<p>\u00abFue as\u00ed que cerramos un ciclo lectivo muy especial, con la alegr\u00eda que contamos con 14 nuevas profesoras de Nivel Inicial en el norte pampeano y sabiendo que en febrero contaremos con 11 m\u00e1s cuando rindan su \u00faltimo final\u00bb, expres\u00f3 satisfecha la coordinadora.<\/p>\n<p><img decoding=\"async\" src=\"https:\/\/zonalnoticias.com\/wp-content\/uploads\/2020\/12\/extension-aulica-egresadas-tapa.png\" \/><\/p>\n<p><strong>N\u00f3mina de estudiantes recibidas:<\/strong><\/p>\n<p>Karen Brito<\/p>\n<p>Carla Calder\u00f3n<\/p>\n<p>Joana Gil<\/p>\n<p>Mar\u00eda Claudia Gim\u00e9nez<\/p>\n<p>Paula Gra\u00f1a<\/p>\n<p>Roxana Guerra<\/p>\n<p>Valentina Incola<\/p>\n<p>Luc\u00eda Liria<\/p>\n<p>Luciana Mattio<\/p>\n<p>Antonela Palavecino<\/p>\n<p>Mar\u00eda Quiroga<\/p>\n<p>Macarena Rodriguez Ramonda<\/p>\n<p>Eleonora Serassio<\/p>\n<p>Miriam Tapia<\/p>\n<p><img decoding=\"async\" src=\"https:\/\/zonalnoticias.com\/wp-content\/uploads\/2020\/12\/extension-aulica-egresadas.png\" \/><\/p>\n<p><strong>Nueva oferta<\/strong><\/p>\n<p>Con respecto a la posibilidad de sumar alguna oferta educativa en la localidad a partir de esta primera carrera a t\u00e9rmino, explic\u00f3 \u00ab<strong>seguiremos trabajando en lo que es Formaci\u00f3n Docente Continua con trayectos formativos, en este caso el primero que ya tenemos dise\u00f1ado es para docentes de Nivel Inicial\u00bb.<\/strong><\/p>\n<p>En relaci\u00f3n a la posibilidad de que se dicte una nueva carrera en Ingeniero Luiggi, inform\u00f3: \u00abno tenemos informaci\u00f3n confirmada por parte de las autoridades competentes, pero s\u00ed sabemos de las gestiones del diputado Oscar Zanoli para poder conseguir otra carrera\u00bb.<\/p><\/blockquote>\n<p>fuente zonal noticias<\/p>\n<div class=\"oasis-despues-del-contenido\" id=\"oasis-596782442\"><img loading=\"lazy\" decoding=\"async\" src=\"https:\/\/oasisfm935.com.ar\/site\/wp-content\/uploads\/2020\/08\/47806202-8741-49f2-a5c9-d2f930e5baa1.jpg\" alt=\"\"  srcset=\"https:\/\/oasisfm935.com.ar\/site\/wp-content\/uploads\/2020\/08\/47806202-8741-49f2-a5c9-d2f930e5baa1.jpg 1080w, https:\/\/oasisfm935.com.ar\/site\/wp-content\/uploads\/2020\/08\/47806202-8741-49f2-a5c9-d2f930e5baa1-300x300.jpg 300w, https:\/\/oasisfm935.com.ar\/site\/wp-content\/uploads\/2020\/08\/47806202-8741-49f2-a5c9-d2f930e5baa1-1024x1024.jpg 1024w, https:\/\/oasisfm935.com.ar\/site\/wp-content\/uploads\/2020\/08\/47806202-8741-49f2-a5c9-d2f930e5baa1-150x150.jpg 150w, https:\/\/oasisfm935.com.ar\/site\/wp-content\/uploads\/2020\/08\/47806202-8741-49f2-a5c9-d2f930e5baa1-768x768.jpg 768w\" sizes=\"(max-width: 1080px) 100vw, 1080px\" class=\"no-lazyload\" width=\"1080\" height=\"1080\"  style=\"display: inline-block;\" \/><\/div>","protected":false},"excerpt":{"rendered":"<p>Catorce estudiantes de la carrera de la Extensi\u00f3n \u00c1ulica de Ingeniero Luiggi se convirtieron en profesoras de Nivel Inicial, y otras once<\/p>\n","protected":false},"author":4,"featured_media":8493,"comment_status":"closed","ping_status":"open","sticky":false,"template":"","format":"standard","meta":{"colormag_page_layout":"default_layout","footnotes":""},"categories":[2],"tags":[],"class_list":["post-8492","post","type-post","status-publish","format-standard","has-post-thumbnail","hentry","category-noticias"],"_links":{"self":[{"href":"https:\/\/oasisfm935.com.ar\/site\/wp-json\/wp\/v2\/posts\/8492","targetHints":{"allow":["GET"]}}],"collection":[{"href":"https:\/\/oasisfm935.com.ar\/site\/wp-json\/wp\/v2\/posts"}],"about":[{"href":"https:\/\/oasisfm935.com.ar\/site\/wp-json\/wp\/v2\/types\/post"}],"author":[{"embeddable":true,"href":"https:\/\/oasisfm935.com.ar\/site\/wp-json\/wp\/v2\/users\/4"}],"replies":[{"embeddable":true,"href":"https:\/\/oasisfm935.com.ar\/site\/wp-json\/wp\/v2\/comments?post=8492"}],"version-history":[{"count":1,"href":"https:\/\/oasisfm935.com.ar\/site\/wp-json\/wp\/v2\/posts\/8492\/revisions"}],"predecessor-version":[{"id":8494,"href":"https:\/\/oasisfm935.com.ar\/site\/wp-json\/wp\/v2\/posts\/8492\/revisions\/8494"}],"wp:featuredmedia":[{"embeddable":true,"href":"https:\/\/oasisfm935.com.ar\/site\/wp-json\/wp\/v2\/media\/8493"}],"wp:attachment":[{"href":"https:\/\/oasisfm935.com.ar\/site\/wp-json\/wp\/v2\/media?parent=8492"}],"wp:term":[{"taxonomy":"category","embeddable":true,"href":"https:\/\/oasisfm935.com.ar\/site\/wp-json\/wp\/v2\/categories?post=8492"},{"taxonomy":"post_tag","embeddable":true,"href":"https:\/\/oasisfm935.com.ar\/site\/wp-json\/wp\/v2\/tags?post=8492"}],"curies":[{"name":"wp","href":"https:\/\/api.w.org\/{rel}","templated":true}]}}