{"id":8496,"date":"2020-12-21T12:18:44","date_gmt":"2020-12-21T15:18:44","guid":{"rendered":"http:\/\/oasisfm935.com\/site\/?p=8496"},"modified":"2020-12-21T14:27:04","modified_gmt":"2020-12-21T17:27:04","slug":"la-pampa-amplian-el-horario-y-la-cantidad-de-personas-al-aire-libre-para-el-24-y-31","status":"publish","type":"post","link":"https:\/\/oasisfm935.com.ar\/site\/la-pampa-amplian-el-horario-y-la-cantidad-de-personas-al-aire-libre-para-el-24-y-31\/","title":{"rendered":"La Pampa: Proh\u00edben los encuentros sociales hasta el 8 de Enero, excepto los d\u00edas 24 y 25 de diciembre y 31 y 1 de Enero"},"content":{"rendered":"<p class=\"lead nota-detalle-bajada\">De manera excepcional, los d\u00edas \u00a024 y 31 el horario ser\u00e1 hasta las 2 de la ma\u00f1ana mientras que el 25 y el 1\u00ba de enero, todos d\u00edas de semana, ser\u00e1 hasta las 24 hs. \u00a0 As\u00ed, como ocurre en la actualidad, se mantendr\u00e1 la habilitaci\u00f3n s\u00f3lo 2 d\u00edas por semana para el encuentro familiar y social.<\/p>\n<div class=\"nota-detalle-cuerpo\">Asimismo, se mantiene la cantidad m\u00e1xima de 10 personas en ambientes cerrados y se incrementa a un m\u00e1ximo de 20 personas en espacios abiertos.<br \/>\nEl Decreto Provincial tendr\u00e1 vigencia hasta el viernes 8 de enero.<br \/>\n<strong>Horario de circulaci\u00f3n<\/strong>: los d\u00edas 25 de diciembre y 1\u00ba de enero la circulaci\u00f3n estar\u00e1 prohibida entre las 3 y las 6 de la ma\u00f1ana. Para el resto de los d\u00edas se mantiene la restricci\u00f3n entre las 2 y las 6 de la ma\u00f1ana.<br \/>\n<strong>Horario para locales gastron\u00f3micos:\u00a0<\/strong>los d\u00edas 24 y 31 podr\u00e1n atender hasta las 2 de la ma\u00f1ana.<br \/>\n<strong>Recomendaciones<\/strong><br \/>\nEl Gobierno Provincial insta una vez m\u00e1s \u00a0a todas las pampeanas y pampeanos a actuar con compromiso, solidaridad y la m\u00e1xima responsabilidad social, respetando las formas, modalidades y recomendaciones de las autoridades sanitarias nacionales y provinciales.<br \/>\nSe sugiere que en la medida de lo posible, los encuentros familiares y\/o sociales se realicen al aire libre y en caso que sean en espacios cerrados que se prevea la ventilaci\u00f3n constante de los lugares. Es fundamental mantener el distanciamiento social, evitando contactos cercanos que pudieran promover contagios.<br \/>\nAdem\u00e1s, se recomienda especialmente no compartir vasos, ni utensilios, ni\u00a0 bebidas de un mismo envase o el mate.<br \/>\nAsimismo se aconseja que en cada hogar haya elementos como jab\u00f3n y\/o alcohol en gel para la higiene frecuente de manos.<br \/>\nObservando el cumplimiento de las medidas m\u00ednimas recomendadas se podr\u00e1 disfrutar de las tradicionales fiestas de fin de a\u00f1o, sin poner en riesgo la salud y la vida de\u00a0 ning\u00fan pampeano.Acceso directo al decreto -&gt;\u00a0<a href=\"https:\/\/www.lapampa.gob.ar\/images\/Archivos\/BoletinOficial\/2020\/Sep3445.pdf\">https:\/\/www.lapampa.gob.ar\/images\/Archivos\/BoletinOficial\/2020\/Sep3445.pdf<\/a><\/p>\n<\/div>\n<div class=\"oasis-despues-del-contenido\" id=\"oasis-1026300810\"><img loading=\"lazy\" decoding=\"async\" src=\"https:\/\/oasisfm935.com.ar\/site\/wp-content\/uploads\/2020\/08\/47806202-8741-49f2-a5c9-d2f930e5baa1.jpg\" alt=\"\"  srcset=\"https:\/\/oasisfm935.com.ar\/site\/wp-content\/uploads\/2020\/08\/47806202-8741-49f2-a5c9-d2f930e5baa1.jpg 1080w, https:\/\/oasisfm935.com.ar\/site\/wp-content\/uploads\/2020\/08\/47806202-8741-49f2-a5c9-d2f930e5baa1-300x300.jpg 300w, https:\/\/oasisfm935.com.ar\/site\/wp-content\/uploads\/2020\/08\/47806202-8741-49f2-a5c9-d2f930e5baa1-1024x1024.jpg 1024w, https:\/\/oasisfm935.com.ar\/site\/wp-content\/uploads\/2020\/08\/47806202-8741-49f2-a5c9-d2f930e5baa1-150x150.jpg 150w, https:\/\/oasisfm935.com.ar\/site\/wp-content\/uploads\/2020\/08\/47806202-8741-49f2-a5c9-d2f930e5baa1-768x768.jpg 768w\" sizes=\"(max-width: 1080px) 100vw, 1080px\" class=\"no-lazyload\" width=\"1080\" height=\"1080\"  style=\"display: inline-block;\" \/><\/div>","protected":false},"excerpt":{"rendered":"<p>De manera excepcional, los d\u00edas \u00a024 y 31 el horario ser\u00e1 hasta las 2 de la ma\u00f1ana mientras que el 25 y<\/p>\n","protected":false},"author":4,"featured_media":6418,"comment_status":"closed","ping_status":"open","sticky":false,"template":"","format":"standard","meta":{"colormag_page_layout":"default_layout","footnotes":""},"categories":[2],"tags":[],"class_list":["post-8496","post","type-post","status-publish","format-standard","has-post-thumbnail","hentry","category-noticias"],"_links":{"self":[{"href":"https:\/\/oasisfm935.com.ar\/site\/wp-json\/wp\/v2\/posts\/8496","targetHints":{"allow":["GET"]}}],"collection":[{"href":"https:\/\/oasisfm935.com.ar\/site\/wp-json\/wp\/v2\/posts"}],"about":[{"href":"https:\/\/oasisfm935.com.ar\/site\/wp-json\/wp\/v2\/types\/post"}],"author":[{"embeddable":true,"href":"https:\/\/oasisfm935.com.ar\/site\/wp-json\/wp\/v2\/users\/4"}],"replies":[{"embeddable":true,"href":"https:\/\/oasisfm935.com.ar\/site\/wp-json\/wp\/v2\/comments?post=8496"}],"version-history":[{"count":3,"href":"https:\/\/oasisfm935.com.ar\/site\/wp-json\/wp\/v2\/posts\/8496\/revisions"}],"predecessor-version":[{"id":8505,"href":"https:\/\/oasisfm935.com.ar\/site\/wp-json\/wp\/v2\/posts\/8496\/revisions\/8505"}],"wp:featuredmedia":[{"embeddable":true,"href":"https:\/\/oasisfm935.com.ar\/site\/wp-json\/wp\/v2\/media\/6418"}],"wp:attachment":[{"href":"https:\/\/oasisfm935.com.ar\/site\/wp-json\/wp\/v2\/media?parent=8496"}],"wp:term":[{"taxonomy":"category","embeddable":true,"href":"https:\/\/oasisfm935.com.ar\/site\/wp-json\/wp\/v2\/categories?post=8496"},{"taxonomy":"post_tag","embeddable":true,"href":"https:\/\/oasisfm935.com.ar\/site\/wp-json\/wp\/v2\/tags?post=8496"}],"curies":[{"name":"wp","href":"https:\/\/api.w.org\/{rel}","templated":true}]}}