{"id":8506,"date":"2020-12-21T17:31:13","date_gmt":"2020-12-21T20:31:13","guid":{"rendered":"http:\/\/oasisfm935.com\/site\/?p=8506"},"modified":"2020-12-21T17:31:13","modified_gmt":"2020-12-21T20:31:13","slug":"urgente-programa-de-desagues-para-ingeniero-luggi","status":"publish","type":"post","link":"https:\/\/oasisfm935.com.ar\/site\/urgente-programa-de-desagues-para-ingeniero-luggi\/","title":{"rendered":"URGENTE Programa de desag\u00fces para Ingeniero Luggi"},"content":{"rendered":"<p>En el sal\u00f3n de reuniones del Ministerio de Obras y Servicios p\u00fablicos se efectiviz\u00f3 la firma del convenio en el marco del programa para el sector de desag\u00fces cloacales (PROSEDEC).<\/p>\n<p>La firma estuvo encabezada por el ministro de Obras y Servicios P\u00fablicos, Juan Ram\u00f3n Garay, acompa\u00f1ado por el administrador Provincial del Agua, Fabricio Gonz\u00e1lez Mart\u00edn y la intendenta de Ingeniero Luggi, Patricia Lav\u00edn.<\/p>\n<p>Garay se\u00f1al\u00f3 que este programa implica una partida presupuestaria para financiar obras de agua o cloacas con los municipios. \u201cEn este caso se trata de la intendencia de Ingeniero Luiggi, con un aporte que hace APA (Administraci\u00f3n Provincial del Agua) a trav\u00e9s del PROCEDEC de $3.429.000 para el recambio de la estaci\u00f3n de bombeo, con el objetivo de mejorar la impulsi\u00f3n y el servicio que necesitan los habitantes. Estamos contentos por aportar a un municipio que tan bien est\u00e1 trabajando para los vecinos\u201d.<\/p>\n<p>Detall\u00f3 adem\u00e1s que el a\u00f1o se termin\u00f3 invirtiendo la totalidad del presupuesto del Ministerio, en un gran trabajo que realiz\u00f3 APA, con aportes tambi\u00e9n a cooperativas y a trav\u00e9s de PROPAYS, PROSEDEC y PROMANCA.<\/p>\n<p>La intendenta, Lav\u00edn expres\u00f3 que Ingeniero Luiggi fue beneficiada con los tres programas. \u201cLe quiero agradecer al ministro al acompa\u00f1arnos, ya que hicimos un trabajo en conjunto durante todo el a\u00f1o que se ve en obras concretas. Vemos distintas obras y cada una de ellas tiene el sello del Gobierno de La Pampa. Hay un gobernador, Sergio Ziliotto, que toma la decisi\u00f3n pol\u00edtica de hacer este trabajo en territorio, pero a su vez hay funcionarios que lo hacen propio a ese pedido. No solo en la cuesti\u00f3n econ\u00f3mica nos fueron dando respuestas, sino tambi\u00e9n destaco el acompa\u00f1amiento en el dise\u00f1o y el asesoramiento que nos dieron desde el ministerio para poder hacer lo correcto\u201d.<\/p>\n<div class=\"oasis-despues-del-contenido\" id=\"oasis-2548903341\"><img loading=\"lazy\" decoding=\"async\" src=\"https:\/\/oasisfm935.com.ar\/site\/wp-content\/uploads\/2020\/08\/47806202-8741-49f2-a5c9-d2f930e5baa1.jpg\" alt=\"\"  srcset=\"https:\/\/oasisfm935.com.ar\/site\/wp-content\/uploads\/2020\/08\/47806202-8741-49f2-a5c9-d2f930e5baa1.jpg 1080w, https:\/\/oasisfm935.com.ar\/site\/wp-content\/uploads\/2020\/08\/47806202-8741-49f2-a5c9-d2f930e5baa1-300x300.jpg 300w, https:\/\/oasisfm935.com.ar\/site\/wp-content\/uploads\/2020\/08\/47806202-8741-49f2-a5c9-d2f930e5baa1-1024x1024.jpg 1024w, https:\/\/oasisfm935.com.ar\/site\/wp-content\/uploads\/2020\/08\/47806202-8741-49f2-a5c9-d2f930e5baa1-150x150.jpg 150w, https:\/\/oasisfm935.com.ar\/site\/wp-content\/uploads\/2020\/08\/47806202-8741-49f2-a5c9-d2f930e5baa1-768x768.jpg 768w\" sizes=\"(max-width: 1080px) 100vw, 1080px\" class=\"no-lazyload\" width=\"1080\" height=\"1080\"  style=\"display: inline-block;\" \/><\/div>","protected":false},"excerpt":{"rendered":"<p>En el sal\u00f3n de reuniones del Ministerio de Obras y Servicios p\u00fablicos se efectiviz\u00f3 la firma del convenio en el marco del<\/p>\n","protected":false},"author":4,"featured_media":8507,"comment_status":"closed","ping_status":"open","sticky":false,"template":"","format":"standard","meta":{"colormag_page_layout":"default_layout","footnotes":""},"categories":[2],"tags":[],"class_list":["post-8506","post","type-post","status-publish","format-standard","has-post-thumbnail","hentry","category-noticias"],"_links":{"self":[{"href":"https:\/\/oasisfm935.com.ar\/site\/wp-json\/wp\/v2\/posts\/8506","targetHints":{"allow":["GET"]}}],"collection":[{"href":"https:\/\/oasisfm935.com.ar\/site\/wp-json\/wp\/v2\/posts"}],"about":[{"href":"https:\/\/oasisfm935.com.ar\/site\/wp-json\/wp\/v2\/types\/post"}],"author":[{"embeddable":true,"href":"https:\/\/oasisfm935.com.ar\/site\/wp-json\/wp\/v2\/users\/4"}],"replies":[{"embeddable":true,"href":"https:\/\/oasisfm935.com.ar\/site\/wp-json\/wp\/v2\/comments?post=8506"}],"version-history":[{"count":1,"href":"https:\/\/oasisfm935.com.ar\/site\/wp-json\/wp\/v2\/posts\/8506\/revisions"}],"predecessor-version":[{"id":8508,"href":"https:\/\/oasisfm935.com.ar\/site\/wp-json\/wp\/v2\/posts\/8506\/revisions\/8508"}],"wp:featuredmedia":[{"embeddable":true,"href":"https:\/\/oasisfm935.com.ar\/site\/wp-json\/wp\/v2\/media\/8507"}],"wp:attachment":[{"href":"https:\/\/oasisfm935.com.ar\/site\/wp-json\/wp\/v2\/media?parent=8506"}],"wp:term":[{"taxonomy":"category","embeddable":true,"href":"https:\/\/oasisfm935.com.ar\/site\/wp-json\/wp\/v2\/categories?post=8506"},{"taxonomy":"post_tag","embeddable":true,"href":"https:\/\/oasisfm935.com.ar\/site\/wp-json\/wp\/v2\/tags?post=8506"}],"curies":[{"name":"wp","href":"https:\/\/api.w.org\/{rel}","templated":true}]}}