{"id":8516,"date":"2020-12-22T21:04:49","date_gmt":"2020-12-23T00:04:49","guid":{"rendered":"http:\/\/oasisfm935.com\/site\/?p=8516"},"modified":"2020-12-22T21:08:23","modified_gmt":"2020-12-23T00:08:23","slug":"la-pampa-nuevo-record-diario-de-contagios-en-la-provincia-306-positivos-y-en-ingeniero-luggi","status":"publish","type":"post","link":"https:\/\/oasisfm935.com.ar\/site\/la-pampa-nuevo-record-diario-de-contagios-en-la-provincia-306-positivos-y-en-ingeniero-luggi\/","title":{"rendered":"La Pampa: Nuevo r\u00e9cord diario de contagios en la provincia: 306 positivos 1 en  Ingeniero Luggi."},"content":{"rendered":"<p><strong>Por primera vez en una jornada, el n\u00famero de testeos super\u00f3 la cifra de los mil<\/strong>. De los nuevos infectados,\u00a0<strong>117 residen en Santa Rosa y 62 en General Pico<\/strong>. Hay 8.998 personas aisladas y 68 pacientes internados.<\/p>\n<p>La Pampa tiene un nuevo r\u00e9cord diario de contagios desde que se desat\u00f3 la pandemia del coronavirus:\u00a0<strong>este martes se registraron 306 positivos<\/strong>.<\/p>\n<p><strong>El dato surge del an\u00e1lisis de 1.136 muestras<\/strong>\u00a0analizadas en los laboratorios de la Direcci\u00f3n de Epidemiolo\u00eda y del hospital Gobernador Centeno y Lucio Molas, como as\u00ed tambi\u00e9n en los diferentes Centros de Salud que analizan test de an\u00edgenos. De ese total, 529 fueron por test r\u00e1pidos y 607 por PCR.<\/p>\n<p>De los nuevos infectados,\u00a0<strong>117 residen en Santa Rosa, 62 en General Pico, 38 en General Acha, 18 en Realic\u00f3, 10 en 25 de Mayo, 8 en Castex, 8 en Toay, 7 en Bernasconi, 5 en Quem\u00fa Quem\u00fa, 4 en General San Mart\u00edn, 4 en La Adela, 3 en Guatrach\u00e9, 2 en Victorica, 2 en Trenel, 2 en Tel\u00e9n, 2 en Macach\u00edn, 2 en Hilario Lagos, 2 en Metileo, 2 en Anguil, 1 en Winifreda, 1 en Ataliva Roca, 1 en Puelches, 1 en Unanue, 1 en Alpachiri, 1 en Luiggi, 1 en Rol\u00f3n y 1 en Rancul<\/strong>.<\/p>\n<p>La estrategia de b\u00fasqueda activa con diagn\u00f3stico por ant\u00edgenos lleva entrevistados 31.948 ciudadanos. Este martes, en la localidad de General Pico se realiz\u00f3 b\u00fasqueda de posibles sintom\u00e1ticos de este virus en Barrio Norte: se entrevistaron 168 personas y se realizaron 139 testeos, de los cuales 38 resultaron positivos.<\/p>\n<p><strong>2.158 casos activos<\/strong><\/p>\n<p>Desde el inicio de la pandemia, en La Pampa se registraron un total de 8.817 casos positivos: 2.158 permanecen activos, 116 fallecieron y 6.543 ya se recuperaron, 92 de ellos en la jornada de este martes.<\/p>\n<p>Los casos confirmados activos est\u00e1n distribuidos de la siguiente manera:\u00a0<strong>1047 en la ciudad de Santa Rosa, 279 en General Pico, 258 en General Acha, 101 en Toay, 81 en Realic\u00f3, 80 en 25 de mayo, 30 en Victorica, 33 en Castex, 22 en Parera, 26 en Quem\u00fa Quem\u00fa, 20 en Guatrach\u00e9, 8 en Lonquimay, 21 en General San Mart\u00edn, 16 en Winifreda, 8 en Macach\u00edn , 1 en Colonia Bar\u00f3n, 8 en Alpachiri, 9 en Catril\u00f3, 11 en Trenel, 5 en Puel\u00e9n, 6 en Luiggi, 3 en General Campos, 4 en Anguil, 3 en Santa Teresa, 7 en Tel\u00e9n, 1 en Santa Isabel, 1 en Dorila, 3 en Rancul, 1 en Falucho, 1 en Jacinto Arauz, 4 en Cuchillo C\u00f3, 14 en Bernasconi, 5 en Mauricio Mayer, 3 en Ataliva Roca, 1 en Quehu\u00e9, 1 en Limay Mahuida, 4 en Chacharramendi, 2 en Alta Italia, 7 en La Adela, 2 en Rol\u00f3n, 2 en Caleuf\u00fa, 9 en Metileo, 2 en Puelches, 1 en Luan Toro, 1 en Monte Nievas, 1 en La Maruja, 1 en Alvear, 3 en Hilario Lagos y 1 en Unanue<\/strong>.<\/p>\n<p>Al d\u00eda de la fecha se encuentran aisladas un total de 8998 personas en toda la provincia. Adem\u00e1s, hay 68 personas internadas. De ese total, 16 est\u00e1n en General Pico -12 en modulares y 4 en terapia intensiva- y otras 31 personas en en CEAR y los modulares de Santa Rosa: 14 en cl\u00ednica m\u00e9dica, 7 en terapia intensiva y 10 en modulares.<\/p>\n<p>Tambi\u00e9n hay cuatro pacientes internados en el Hospital Evita, cuatro en Toay, tres en General Acha, dos en 25 de Mayo, dos en Alpachiri, dos en Winifreda y una en Macach\u00edn Alvear, Guatrach\u00e9 y Quem\u00fa Quem\u00fa.<\/p>\n<div class=\"oasis-despues-del-contenido\" id=\"oasis-3445712433\"><img loading=\"lazy\" decoding=\"async\" src=\"https:\/\/oasisfm935.com.ar\/site\/wp-content\/uploads\/2020\/08\/47806202-8741-49f2-a5c9-d2f930e5baa1.jpg\" alt=\"\"  srcset=\"https:\/\/oasisfm935.com.ar\/site\/wp-content\/uploads\/2020\/08\/47806202-8741-49f2-a5c9-d2f930e5baa1.jpg 1080w, https:\/\/oasisfm935.com.ar\/site\/wp-content\/uploads\/2020\/08\/47806202-8741-49f2-a5c9-d2f930e5baa1-300x300.jpg 300w, https:\/\/oasisfm935.com.ar\/site\/wp-content\/uploads\/2020\/08\/47806202-8741-49f2-a5c9-d2f930e5baa1-1024x1024.jpg 1024w, https:\/\/oasisfm935.com.ar\/site\/wp-content\/uploads\/2020\/08\/47806202-8741-49f2-a5c9-d2f930e5baa1-150x150.jpg 150w, https:\/\/oasisfm935.com.ar\/site\/wp-content\/uploads\/2020\/08\/47806202-8741-49f2-a5c9-d2f930e5baa1-768x768.jpg 768w\" sizes=\"(max-width: 1080px) 100vw, 1080px\" class=\"no-lazyload\" width=\"1080\" height=\"1080\"  style=\"display: inline-block;\" \/><\/div>","protected":false},"excerpt":{"rendered":"<p>Por primera vez en una jornada, el n\u00famero de testeos super\u00f3 la cifra de los mil. De los nuevos infectados,\u00a0117 residen en<\/p>\n","protected":false},"author":4,"featured_media":8162,"comment_status":"closed","ping_status":"open","sticky":false,"template":"","format":"standard","meta":{"colormag_page_layout":"default_layout","footnotes":""},"categories":[2],"tags":[],"class_list":["post-8516","post","type-post","status-publish","format-standard","has-post-thumbnail","hentry","category-noticias"],"_links":{"self":[{"href":"https:\/\/oasisfm935.com.ar\/site\/wp-json\/wp\/v2\/posts\/8516","targetHints":{"allow":["GET"]}}],"collection":[{"href":"https:\/\/oasisfm935.com.ar\/site\/wp-json\/wp\/v2\/posts"}],"about":[{"href":"https:\/\/oasisfm935.com.ar\/site\/wp-json\/wp\/v2\/types\/post"}],"author":[{"embeddable":true,"href":"https:\/\/oasisfm935.com.ar\/site\/wp-json\/wp\/v2\/users\/4"}],"replies":[{"embeddable":true,"href":"https:\/\/oasisfm935.com.ar\/site\/wp-json\/wp\/v2\/comments?post=8516"}],"version-history":[{"count":2,"href":"https:\/\/oasisfm935.com.ar\/site\/wp-json\/wp\/v2\/posts\/8516\/revisions"}],"predecessor-version":[{"id":8518,"href":"https:\/\/oasisfm935.com.ar\/site\/wp-json\/wp\/v2\/posts\/8516\/revisions\/8518"}],"wp:featuredmedia":[{"embeddable":true,"href":"https:\/\/oasisfm935.com.ar\/site\/wp-json\/wp\/v2\/media\/8162"}],"wp:attachment":[{"href":"https:\/\/oasisfm935.com.ar\/site\/wp-json\/wp\/v2\/media?parent=8516"}],"wp:term":[{"taxonomy":"category","embeddable":true,"href":"https:\/\/oasisfm935.com.ar\/site\/wp-json\/wp\/v2\/categories?post=8516"},{"taxonomy":"post_tag","embeddable":true,"href":"https:\/\/oasisfm935.com.ar\/site\/wp-json\/wp\/v2\/tags?post=8516"}],"curies":[{"name":"wp","href":"https:\/\/api.w.org\/{rel}","templated":true}]}}