{"id":8520,"date":"2020-12-24T10:48:36","date_gmt":"2020-12-24T13:48:36","guid":{"rendered":"http:\/\/oasisfm935.com\/site\/?p=8520"},"modified":"2020-12-24T10:49:24","modified_gmt":"2020-12-24T13:49:24","slug":"ingeniero-luiggi-robo-a-minimercado-los-caldenes","status":"publish","type":"post","link":"https:\/\/oasisfm935.com.ar\/site\/ingeniero-luiggi-robo-a-minimercado-los-caldenes\/","title":{"rendered":"Ingeniero Luiggi: Robo a minimercado \u00bb LOS CALDENES \u00ab."},"content":{"rendered":"<p><strong>En horas de la madrugada de la fecha, alertados por los damnificados, el personal policial concurri\u00f3 a un comercio denominado LOS CALDENES ubicado sobre calle Castelli al 340, en el lugar autores desconocidos hasta ese momento habr\u00edan ingresado y sacados algunos elementos tales como bebidas alcoh\u00f3licas y otros comestibles.<\/strong><\/p>\n<p><em>De inmediato el personal policial destacado en el lugar comenz\u00f3 con las tareas investigativas y rastrillajes de la zona, logrando demorar a un joven mayor de edad, masculino, de esta localidad, el cual tendr\u00eda relaci\u00f3n con el hecho il\u00edcito que se investigaba. <\/em><\/p>\n<p>Posteriormente se prosiguen las averiguaciones y r\u00e1pidamente en cuesti\u00f3n de horas se logra recuperar pr\u00e1cticamente el total de lo sustra\u00eddo, entre los que se hallaban 3 botellas de fernet, 2 botellas de cerveza, papas fritas y girasoles, al igual que se incautaron otros medios de prueba.<\/p>\n<p>Dicho joven fue demorado y quedo a disposici\u00f3n de la Fiscal\u00eda de Delitos contra La Propiedad a cargo de la Dra. Soledad FORTE, de la Segunda Circunscripci\u00f3n Judicial con asiento de funciones en la ciudad de General Pico, imputado en causa judicial por Hurto.<\/p>\n<p><strong>Por otro lado tambi\u00e9n se labraron otras dos causas judiciales donde resultaron 3 personas imputadas por Infracci\u00f3n a los Art\u00edculos 205 y 239 del C\u00f3digo Penal Argentino, con intervenci\u00f3n de la Fiscal\u00eda General de la ciudad de General Pico, a cargo del Dr. Armando AG\u00dcERO, no pudiendo justificar su presencia en la v\u00eda p\u00fablica fuera del horario permitido, siendo uno de ellos el masculino que hab\u00eda delinquido en el comercio antes descripto.-<\/strong><\/p>\n<div class=\"oasis-despues-del-contenido\" id=\"oasis-2852566081\"><img loading=\"lazy\" decoding=\"async\" src=\"https:\/\/oasisfm935.com.ar\/site\/wp-content\/uploads\/2020\/08\/47806202-8741-49f2-a5c9-d2f930e5baa1.jpg\" alt=\"\"  srcset=\"https:\/\/oasisfm935.com.ar\/site\/wp-content\/uploads\/2020\/08\/47806202-8741-49f2-a5c9-d2f930e5baa1.jpg 1080w, https:\/\/oasisfm935.com.ar\/site\/wp-content\/uploads\/2020\/08\/47806202-8741-49f2-a5c9-d2f930e5baa1-300x300.jpg 300w, https:\/\/oasisfm935.com.ar\/site\/wp-content\/uploads\/2020\/08\/47806202-8741-49f2-a5c9-d2f930e5baa1-1024x1024.jpg 1024w, https:\/\/oasisfm935.com.ar\/site\/wp-content\/uploads\/2020\/08\/47806202-8741-49f2-a5c9-d2f930e5baa1-150x150.jpg 150w, https:\/\/oasisfm935.com.ar\/site\/wp-content\/uploads\/2020\/08\/47806202-8741-49f2-a5c9-d2f930e5baa1-768x768.jpg 768w\" sizes=\"(max-width: 1080px) 100vw, 1080px\" class=\"no-lazyload\" width=\"1080\" height=\"1080\"  style=\"display: inline-block;\" \/><\/div>","protected":false},"excerpt":{"rendered":"<p>En horas de la madrugada de la fecha, alertados por los damnificados, el personal policial concurri\u00f3 a un comercio denominado LOS CALDENES<\/p>\n","protected":false},"author":4,"featured_media":8521,"comment_status":"closed","ping_status":"open","sticky":false,"template":"","format":"standard","meta":{"colormag_page_layout":"default_layout","footnotes":""},"categories":[2],"tags":[],"class_list":["post-8520","post","type-post","status-publish","format-standard","has-post-thumbnail","hentry","category-noticias"],"_links":{"self":[{"href":"https:\/\/oasisfm935.com.ar\/site\/wp-json\/wp\/v2\/posts\/8520","targetHints":{"allow":["GET"]}}],"collection":[{"href":"https:\/\/oasisfm935.com.ar\/site\/wp-json\/wp\/v2\/posts"}],"about":[{"href":"https:\/\/oasisfm935.com.ar\/site\/wp-json\/wp\/v2\/types\/post"}],"author":[{"embeddable":true,"href":"https:\/\/oasisfm935.com.ar\/site\/wp-json\/wp\/v2\/users\/4"}],"replies":[{"embeddable":true,"href":"https:\/\/oasisfm935.com.ar\/site\/wp-json\/wp\/v2\/comments?post=8520"}],"version-history":[{"count":1,"href":"https:\/\/oasisfm935.com.ar\/site\/wp-json\/wp\/v2\/posts\/8520\/revisions"}],"predecessor-version":[{"id":8522,"href":"https:\/\/oasisfm935.com.ar\/site\/wp-json\/wp\/v2\/posts\/8520\/revisions\/8522"}],"wp:featuredmedia":[{"embeddable":true,"href":"https:\/\/oasisfm935.com.ar\/site\/wp-json\/wp\/v2\/media\/8521"}],"wp:attachment":[{"href":"https:\/\/oasisfm935.com.ar\/site\/wp-json\/wp\/v2\/media?parent=8520"}],"wp:term":[{"taxonomy":"category","embeddable":true,"href":"https:\/\/oasisfm935.com.ar\/site\/wp-json\/wp\/v2\/categories?post=8520"},{"taxonomy":"post_tag","embeddable":true,"href":"https:\/\/oasisfm935.com.ar\/site\/wp-json\/wp\/v2\/tags?post=8520"}],"curies":[{"name":"wp","href":"https:\/\/api.w.org\/{rel}","templated":true}]}}