{"id":8523,"date":"2020-12-27T12:17:17","date_gmt":"2020-12-27T15:17:17","guid":{"rendered":"http:\/\/oasisfm935.com\/site\/?p=8523"},"modified":"2020-12-27T12:19:55","modified_gmt":"2020-12-27T15:19:55","slug":"desarticularon-fiesta-clandestina-entre-ing-luiggi-y-arata","status":"publish","type":"post","link":"https:\/\/oasisfm935.com.ar\/site\/desarticularon-fiesta-clandestina-entre-ing-luiggi-y-arata\/","title":{"rendered":"Desarticularon fiesta clandestina entre Ing. Luiggi y Arata"},"content":{"rendered":"<p>Fue esta madrugada a la vera de ruta 9. Hab\u00eda personas de Caleuf\u00fa, Ingeniero Luiggi, Parera y Alta Italia.<\/p>\n<p>En la madrugada de este domingo 27 de Diciembre,\u00a0<strong>la Polic\u00eda de La Pampa,\u00a0 desarticul\u00f3 una fiesta clandestina llevada a cabo en la ruta provincial N\u00b0 9, entre las localidades de Ingeniero Luiggi y Caleuf\u00fa,\u00a0 pero jurisdicci\u00f3n policial de la subcomisaria de Arata.<\/strong><\/p>\n<p>Acorde informaci\u00f3n aportada por el jefe de la dependencia policial aratense, subcomisario Jos\u00e9 Mar\u00eda C\u00f3rdoba, a las 3 de la ma\u00f1ana le fue comunicado la realizaci\u00f3n de una fiesta o encuentro clandestino a la vera de la ruta provincial 9 precisamente al km 48, cercano a la localidad de Ingeniero Luiggi.<\/p>\n<figure class=\"wp-block-image size-large\"><img loading=\"lazy\" decoding=\"async\" class=\"wp-image-58620 lazy-loaded\" src=\"https:\/\/zonalnoticias.com\/wp-content\/uploads\/2020\/12\/fiesta-clandestina-ruta-9-auto-2.jpg\" alt=\"\" width=\"251\" height=\"284\" data-lazy-type=\"image\" data-src=\"https:\/\/zonalnoticias.com\/wp-content\/uploads\/2020\/12\/fiesta-clandestina-ruta-9-auto-2.jpg\" \/><\/figure>\n<blockquote class=\"wp-block-quote\"><p>\u201cAl hacerse presente el personal policial de Arata, Luiggi y Caleuf\u00fa, se constat\u00f3 la presencia aproximada de m\u00e1s de 60 personas, con m\u00fasica alta y compartiendo bebidas, las cuales muchas al notar la presencia de los uniformados se dieron a la fuga en forma pedestre e incluso algunos con veh\u00edculos hacia los campos de la zona,\u201d manifest\u00f3 C\u00f3rdoba.<\/p><\/blockquote>\n<figure class=\"wp-block-image size-large\"><img loading=\"lazy\" decoding=\"async\" class=\"wp-image-58621 lazy-loaded\" src=\"https:\/\/zonalnoticias.com\/wp-content\/uploads\/2020\/12\/fiesta-clandestina-ruta-9-auto-3.jpg\" alt=\"\" width=\"282\" height=\"502\" data-lazy-type=\"image\" data-src=\"https:\/\/zonalnoticias.com\/wp-content\/uploads\/2020\/12\/fiesta-clandestina-ruta-9-auto-3.jpg\" data-srcset=\"\" \/><\/figure>\n<p>Pese a esto, la Policial logr\u00f3 la identificaci\u00f3n y la notificaci\u00f3n de m\u00e1s de 30 personas,\u00a0 logr\u00e1ndose el secuestro adem\u00e1s de 3 veh\u00edculos, los cuales se hallan a disposici\u00f3n de la fiscal\u00eda a cargo del Dr. Armando Ag\u00fcero y por motivos de cercan\u00eda, fueron trasladados a Ingeniero Luiggi.<\/p>\n<p>\u201cEn la juntada clandestina\u00a0<strong>hab\u00eda personas de Caleuf\u00fa, Ingeniero Luiggi, Parera y Alta Italia<\/strong>,\u201d inform\u00f3 el comisario.<\/p>\n<figure class=\"wp-block-image size-large\"><img loading=\"lazy\" decoding=\"async\" class=\"wp-image-58622 lazy-loaded\" src=\"https:\/\/zonalnoticias.com\/wp-content\/uploads\/2020\/12\/fiesta-clandestina-ruta-9-auto-4.jpg\" alt=\"\" width=\"278\" height=\"495\" data-lazy-type=\"image\" data-src=\"https:\/\/zonalnoticias.com\/wp-content\/uploads\/2020\/12\/fiesta-clandestina-ruta-9-auto-4.jpg\" data-srcset=\"\" \/><\/figure>\n<p>Todos los identificados fueron notificados por el Art. 205 y 239 del C\u00f3digo Penal, a disposici\u00f3n de la fiscal del Dr. Ag\u00fcero.<\/p>\n<blockquote class=\"wp-block-quote\"><p>\u201cSe procura la notificaci\u00f3n de personas que fueron reconocidas en el lugar y se fugaron como as\u00ed de los propietarios de veh\u00edculos que quedaron abandonados en el lugar\u201d sostuvo C\u00f3rdoba.<\/p>\n<p>&nbsp;<\/p><\/blockquote>\n<figure class=\"wp-block-image size-large\"><img loading=\"lazy\" decoding=\"async\" class=\"wp-image-58623 lazy-loaded\" src=\"https:\/\/zonalnoticias.com\/wp-content\/uploads\/2020\/12\/fiesta-clandestina-ruta-9-auto-5-1024x461.jpg\" alt=\"\" width=\"1024\" height=\"461\" data-lazy-type=\"image\" data-src=\"https:\/\/zonalnoticias.com\/wp-content\/uploads\/2020\/12\/fiesta-clandestina-ruta-9-auto-5-1024x461.jpg\" data-srcset=\"\" \/><\/figure>\n<p>Zonal noticias<\/p>\n<div class=\"oasis-despues-del-contenido\" id=\"oasis-456265249\"><img loading=\"lazy\" decoding=\"async\" src=\"https:\/\/oasisfm935.com.ar\/site\/wp-content\/uploads\/2020\/08\/47806202-8741-49f2-a5c9-d2f930e5baa1.jpg\" alt=\"\"  srcset=\"https:\/\/oasisfm935.com.ar\/site\/wp-content\/uploads\/2020\/08\/47806202-8741-49f2-a5c9-d2f930e5baa1.jpg 1080w, https:\/\/oasisfm935.com.ar\/site\/wp-content\/uploads\/2020\/08\/47806202-8741-49f2-a5c9-d2f930e5baa1-300x300.jpg 300w, https:\/\/oasisfm935.com.ar\/site\/wp-content\/uploads\/2020\/08\/47806202-8741-49f2-a5c9-d2f930e5baa1-1024x1024.jpg 1024w, https:\/\/oasisfm935.com.ar\/site\/wp-content\/uploads\/2020\/08\/47806202-8741-49f2-a5c9-d2f930e5baa1-150x150.jpg 150w, https:\/\/oasisfm935.com.ar\/site\/wp-content\/uploads\/2020\/08\/47806202-8741-49f2-a5c9-d2f930e5baa1-768x768.jpg 768w\" sizes=\"(max-width: 1080px) 100vw, 1080px\" class=\"no-lazyload\" width=\"1080\" height=\"1080\"  style=\"display: inline-block;\" \/><\/div>","protected":false},"excerpt":{"rendered":"<p>Fue esta madrugada a la vera de ruta 9. Hab\u00eda personas de Caleuf\u00fa, Ingeniero Luiggi, Parera y Alta Italia. En la madrugada<\/p>\n","protected":false},"author":4,"featured_media":8524,"comment_status":"closed","ping_status":"open","sticky":false,"template":"","format":"standard","meta":{"colormag_page_layout":"default_layout","footnotes":""},"categories":[2],"tags":[],"class_list":["post-8523","post","type-post","status-publish","format-standard","has-post-thumbnail","hentry","category-noticias"],"_links":{"self":[{"href":"https:\/\/oasisfm935.com.ar\/site\/wp-json\/wp\/v2\/posts\/8523","targetHints":{"allow":["GET"]}}],"collection":[{"href":"https:\/\/oasisfm935.com.ar\/site\/wp-json\/wp\/v2\/posts"}],"about":[{"href":"https:\/\/oasisfm935.com.ar\/site\/wp-json\/wp\/v2\/types\/post"}],"author":[{"embeddable":true,"href":"https:\/\/oasisfm935.com.ar\/site\/wp-json\/wp\/v2\/users\/4"}],"replies":[{"embeddable":true,"href":"https:\/\/oasisfm935.com.ar\/site\/wp-json\/wp\/v2\/comments?post=8523"}],"version-history":[{"count":2,"href":"https:\/\/oasisfm935.com.ar\/site\/wp-json\/wp\/v2\/posts\/8523\/revisions"}],"predecessor-version":[{"id":8526,"href":"https:\/\/oasisfm935.com.ar\/site\/wp-json\/wp\/v2\/posts\/8523\/revisions\/8526"}],"wp:featuredmedia":[{"embeddable":true,"href":"https:\/\/oasisfm935.com.ar\/site\/wp-json\/wp\/v2\/media\/8524"}],"wp:attachment":[{"href":"https:\/\/oasisfm935.com.ar\/site\/wp-json\/wp\/v2\/media?parent=8523"}],"wp:term":[{"taxonomy":"category","embeddable":true,"href":"https:\/\/oasisfm935.com.ar\/site\/wp-json\/wp\/v2\/categories?post=8523"},{"taxonomy":"post_tag","embeddable":true,"href":"https:\/\/oasisfm935.com.ar\/site\/wp-json\/wp\/v2\/tags?post=8523"}],"curies":[{"name":"wp","href":"https:\/\/api.w.org\/{rel}","templated":true}]}}