{"id":8533,"date":"2020-12-29T09:28:46","date_gmt":"2020-12-29T12:28:46","guid":{"rendered":"http:\/\/oasisfm935.com\/site\/?p=8533"},"modified":"2020-12-29T09:28:46","modified_gmt":"2020-12-29T12:28:46","slug":"la-pampa-el-gobernador-se-vacuno-en-contra-del-coronavirus","status":"publish","type":"post","link":"https:\/\/oasisfm935.com.ar\/site\/la-pampa-el-gobernador-se-vacuno-en-contra-del-coronavirus\/","title":{"rendered":"La Pampa: EL GOBERNADOR SE VACUN\u00d3 EN CONTRA DEL CORONAVIRUS"},"content":{"rendered":"<p>El gobernador de La Pampa, Sergio Ziliotto, ingres\u00f3 a la Asistencia P\u00fablica a las 8:50 y despu\u00e9s de unos minutos fue inyectado con la vacuna Sputnik V contra el coronavirus.<\/p>\n<p>El mandatario provincial fue el primer pampeano en ser vacunado en la provincia. Tras esta situaci\u00f3n, arranc\u00f3 la campa\u00f1a de vacunaci\u00f3n en distintas localidades.<\/p>\n<div class=\"google-auto-placed ap_container\"><\/div>\n<p>Los primeros en ser vacunados ser\u00e1 el personal de salud de Santa Rosa, General Pico, General Acha y 25 de Mayo.<\/p>\n<p>Como lo anunci\u00f3 ayer Plan B, por la labor que cumple y tambi\u00e9n realizando un gesto hacia la poblaci\u00f3n sobre la importancia que tiene vacunarse, el primero en recibir la dosis en La Pampa, ser\u00e1 el gobernador Sergio Ziliotto.<\/p>\n<div class=\"oasis-despues-del-contenido\" id=\"oasis-3095592351\"><img loading=\"lazy\" decoding=\"async\" src=\"https:\/\/oasisfm935.com.ar\/site\/wp-content\/uploads\/2020\/08\/47806202-8741-49f2-a5c9-d2f930e5baa1.jpg\" alt=\"\"  srcset=\"https:\/\/oasisfm935.com.ar\/site\/wp-content\/uploads\/2020\/08\/47806202-8741-49f2-a5c9-d2f930e5baa1.jpg 1080w, https:\/\/oasisfm935.com.ar\/site\/wp-content\/uploads\/2020\/08\/47806202-8741-49f2-a5c9-d2f930e5baa1-300x300.jpg 300w, https:\/\/oasisfm935.com.ar\/site\/wp-content\/uploads\/2020\/08\/47806202-8741-49f2-a5c9-d2f930e5baa1-1024x1024.jpg 1024w, https:\/\/oasisfm935.com.ar\/site\/wp-content\/uploads\/2020\/08\/47806202-8741-49f2-a5c9-d2f930e5baa1-150x150.jpg 150w, https:\/\/oasisfm935.com.ar\/site\/wp-content\/uploads\/2020\/08\/47806202-8741-49f2-a5c9-d2f930e5baa1-768x768.jpg 768w\" sizes=\"(max-width: 1080px) 100vw, 1080px\" class=\"no-lazyload\" width=\"1080\" height=\"1080\"  style=\"display: inline-block;\" \/><\/div>","protected":false},"excerpt":{"rendered":"<p>El gobernador de La Pampa, Sergio Ziliotto, ingres\u00f3 a la Asistencia P\u00fablica a las 8:50 y despu\u00e9s de unos minutos fue inyectado<\/p>\n","protected":false},"author":4,"featured_media":8534,"comment_status":"closed","ping_status":"open","sticky":false,"template":"","format":"standard","meta":{"colormag_page_layout":"default_layout","footnotes":""},"categories":[2],"tags":[],"class_list":["post-8533","post","type-post","status-publish","format-standard","has-post-thumbnail","hentry","category-noticias"],"_links":{"self":[{"href":"https:\/\/oasisfm935.com.ar\/site\/wp-json\/wp\/v2\/posts\/8533","targetHints":{"allow":["GET"]}}],"collection":[{"href":"https:\/\/oasisfm935.com.ar\/site\/wp-json\/wp\/v2\/posts"}],"about":[{"href":"https:\/\/oasisfm935.com.ar\/site\/wp-json\/wp\/v2\/types\/post"}],"author":[{"embeddable":true,"href":"https:\/\/oasisfm935.com.ar\/site\/wp-json\/wp\/v2\/users\/4"}],"replies":[{"embeddable":true,"href":"https:\/\/oasisfm935.com.ar\/site\/wp-json\/wp\/v2\/comments?post=8533"}],"version-history":[{"count":1,"href":"https:\/\/oasisfm935.com.ar\/site\/wp-json\/wp\/v2\/posts\/8533\/revisions"}],"predecessor-version":[{"id":8535,"href":"https:\/\/oasisfm935.com.ar\/site\/wp-json\/wp\/v2\/posts\/8533\/revisions\/8535"}],"wp:featuredmedia":[{"embeddable":true,"href":"https:\/\/oasisfm935.com.ar\/site\/wp-json\/wp\/v2\/media\/8534"}],"wp:attachment":[{"href":"https:\/\/oasisfm935.com.ar\/site\/wp-json\/wp\/v2\/media?parent=8533"}],"wp:term":[{"taxonomy":"category","embeddable":true,"href":"https:\/\/oasisfm935.com.ar\/site\/wp-json\/wp\/v2\/categories?post=8533"},{"taxonomy":"post_tag","embeddable":true,"href":"https:\/\/oasisfm935.com.ar\/site\/wp-json\/wp\/v2\/tags?post=8533"}],"curies":[{"name":"wp","href":"https:\/\/api.w.org\/{rel}","templated":true}]}}