{"id":8538,"date":"2020-12-29T20:37:51","date_gmt":"2020-12-29T23:37:51","guid":{"rendered":"http:\/\/oasisfm935.com\/site\/?p=8538"},"modified":"2020-12-29T20:37:51","modified_gmt":"2020-12-29T23:37:51","slug":"la-marcha-del-29-d-se-hizo-sentir-en-ing-luiggi-el-aborto-legal-es-una-cuestion-de-salud-publica","status":"publish","type":"post","link":"https:\/\/oasisfm935.com.ar\/site\/la-marcha-del-29-d-se-hizo-sentir-en-ing-luiggi-el-aborto-legal-es-una-cuestion-de-salud-publica\/","title":{"rendered":"La Marcha del 29 D se hizo sentir en Ing. Luiggi: \u00abEl aborto legal es una cuesti\u00f3n de salud p\u00fablica\u00bb"},"content":{"rendered":"<p style=\"margin: 0px 0px 1.5em;border: 0px;font-family: 'source sans pro', sans-serif;font-size: 19.2px;padding: 0px;vertical-align: baseline;color: #404040\">J\u00f3venes de Ingeniero Luiggi, en su mayor\u00eda mujeres, se autoconvocaron en la plaza c\u00e9ntrica para apoyar la legalizaci\u00f3n del aborto, que este martes se define en el Senado de la Naci\u00f3n.<\/p>\n<p style=\"margin: 0px 0px 1.5em;border: 0px;font-family: 'source sans pro', sans-serif;font-size: 19.2px;padding: 0px;vertical-align: baseline;color: #404040\"><span style=\"font-weight: bold;border: 0px;font-family: inherit;font-style: inherit;margin: 0px;padding: 0px;vertical-align: baseline\">Zonal Noticias<\/span>\u00a0estuvo presente en la marcha del 29 D dialogando con algunos de los j\u00f3venes autoconvocados.<\/p>\n<figure class=\"wp-block-gallery columns-1 is-cropped\" style=\"margin: 0px;list-style-type: none;padding: 0px;color: #404040;font-family: 'source sans pro', sans-serif;font-size: 19.2px\">\n<ul class=\"blocks-gallery-grid\" style=\"margin: 0px;border: 0px;font-family: inherit;font-style: inherit;font-weight: inherit;padding: 0px;vertical-align: baseline\">\n<li class=\"blocks-gallery-item\" style=\"border: 0px;font-family: inherit;font-style: inherit;font-weight: inherit;margin: 0px 0px 16px;padding: 0px;vertical-align: baseline;flex-grow: 1;flex-direction: column;justify-content: center;width: 360px\">\n<figure style=\"margin: 0px;height: 202.5px;align-items: flex-end;justify-content: flex-start\"><img loading=\"lazy\" decoding=\"async\" class=\"wp-image-58848 lazy-loaded\" style=\"border: 0px;vertical-align: middle;height: 202.5px;width: 360px;flex: 1 1 0%\" src=\"https:\/\/zonalnoticias.com\/wp-content\/uploads\/2020\/12\/marcha-29-luiggi-3-1024x576.jpg\" alt=\"\" width=\"1024\" height=\"576\" data-lazy-type=\"image\" data-src=\"https:\/\/zonalnoticias.com\/wp-content\/uploads\/2020\/12\/marcha-29-luiggi-3-1024x576.jpg\" data-id=\"58848\" data-full-url=\"https:\/\/zonalnoticias.com\/wp-content\/uploads\/2020\/12\/marcha-29-luiggi-3.jpg\" data-link=\"https:\/\/zonalnoticias.com\/?attachment_id=58848\" data-srcset=\"\" \/><\/figure>\n<\/li>\n<\/ul>\n<\/figure>\n<p style=\"margin: 0px 0px 1.5em;border: 0px;font-family: 'source sans pro', sans-serif;font-size: 19.2px;padding: 0px;vertical-align: baseline;color: #404040\">Con pa\u00f1uelos verdes, carteles y pancartas, los j\u00f3venes se concentraron en la plaza central y luego marcharon por calles de la localidad.<\/p>\n<blockquote class=\"wp-block-quote\" style=\"padding: 1.5em;margin: 1.5em 0px;font-size: 20px;border-width: 0px 0px 0px 2px;font-family: 'source sans pro', sans-serif;vertical-align: baseline;background: #f8f8f8;color: #404040;border-color: initial initial initial #b22d00;border-style: initial initial initial solid\">\n<p style=\"margin: 0px;border: 0px;font-family: inherit;font-style: inherit;font-weight: inherit;padding: 0px;vertical-align: baseline\">Corina Bertone, una de las j\u00f3venes que se concentr\u00f3 en el lugar, m\u00e9dica de profesi\u00f3n, expres\u00f3: \u00abnos reunimos para manifestar nuestra posici\u00f3n y para que la sociedad vea que el aborto legal es un reclamo de un sector importante\u00bb.<\/p>\n<\/blockquote>\n<figure class=\"wp-block-gallery columns-1 is-cropped\" style=\"margin: 0px;list-style-type: none;padding: 0px;color: #404040;font-family: 'source sans pro', sans-serif;font-size: 19.2px\">\n<ul class=\"blocks-gallery-grid\" style=\"margin: 0px;border: 0px;font-family: inherit;font-style: inherit;font-weight: inherit;padding: 0px;vertical-align: baseline\">\n<li class=\"blocks-gallery-item\" style=\"border: 0px;font-family: inherit;font-style: inherit;font-weight: inherit;margin: 0px 0px 16px;padding: 0px;vertical-align: baseline;flex-grow: 1;flex-direction: column;justify-content: center;width: 360px\">\n<figure style=\"margin: 0px;height: 202.5px;align-items: flex-end;justify-content: flex-start\"><img loading=\"lazy\" decoding=\"async\" class=\"wp-image-58847 lazy-loaded\" style=\"border: 0px;vertical-align: middle;height: 202.5px;width: 360px;flex: 1 1 0%\" src=\"https:\/\/zonalnoticias.com\/wp-content\/uploads\/2020\/12\/marcha-29-luiggi-4-1024x576.jpg\" alt=\"\" width=\"1024\" height=\"576\" data-lazy-type=\"image\" data-src=\"https:\/\/zonalnoticias.com\/wp-content\/uploads\/2020\/12\/marcha-29-luiggi-4-1024x576.jpg\" data-id=\"58847\" data-full-url=\"https:\/\/zonalnoticias.com\/wp-content\/uploads\/2020\/12\/marcha-29-luiggi-4.jpg\" data-link=\"https:\/\/zonalnoticias.com\/?attachment_id=58847\" data-srcset=\"\" \/><\/figure>\n<\/li>\n<\/ul>\n<\/figure>\n<blockquote class=\"wp-block-quote\" style=\"padding: 1.5em;margin: 1.5em 0px;font-size: 20px;border-width: 0px 0px 0px 2px;font-family: 'source sans pro', sans-serif;vertical-align: baseline;background: #f8f8f8;color: #404040;border-color: initial initial initial #b22d00;border-style: initial initial initial solid\">\n<p style=\"margin: 0px;border: 0px;font-family: inherit;font-style: inherit;font-weight: inherit;padding: 0px;vertical-align: baseline\"><span style=\"font-weight: bold;border: 0px;font-family: inherit;font-style: inherit;margin: 0px;padding: 0px;vertical-align: baseline\">\u00abNos parece una cuesti\u00f3n de salud p\u00fablica y queremos terminar con la hisopcres\u00eda de los abortos clandestinos que se llevan a muchas chicas todos los d\u00edas<\/span>,\u00a0<span style=\"font-weight: bold;border: 0px;font-family: inherit;font-style: inherit;margin: 0px;padding: 0px;vertical-align: baseline\">muriendo en condiciones indignas asique queremos que el Estado cumpla con nuestro derecho de acceder a la salud<\/span>\u00ab, afirm\u00f3.<\/p>\n<\/blockquote>\n<p style=\"margin: 0px 0px 1.5em;border: 0px;font-family: 'source sans pro', sans-serif;font-size: 19.2px;padding: 0px;vertical-align: baseline;color: #404040\">\u00abNos concentramos inicialmente en la plaza, la idea es recorrer las calles hasta llegar al Paseo de la Moneda para visibilizar este reclamo\u00bb, expres\u00f3 Corina.<\/p>\n<figure class=\"wp-block-gallery columns-1 is-cropped\" style=\"margin: 0px;list-style-type: none;padding: 0px;color: #404040;font-family: 'source sans pro', sans-serif;font-size: 19.2px\">\n<ul class=\"blocks-gallery-grid\" style=\"margin: 0px;border: 0px;font-family: inherit;font-style: inherit;font-weight: inherit;padding: 0px;vertical-align: baseline\">\n<li class=\"blocks-gallery-item\" style=\"border: 0px;font-family: inherit;font-style: inherit;font-weight: inherit;margin: 0px 0px 16px;padding: 0px;vertical-align: baseline;flex-grow: 1;flex-direction: column;justify-content: center;width: 360px\">\n<figure style=\"margin: 0px;height: 202.5px;align-items: flex-end;justify-content: flex-start\"><img loading=\"lazy\" decoding=\"async\" class=\"wp-image-58846 lazy-loaded\" style=\"border: 0px;vertical-align: middle;height: 202.5px;width: 360px;flex: 1 1 0%\" src=\"https:\/\/zonalnoticias.com\/wp-content\/uploads\/2020\/12\/marcha-29-luiggi-5-1024x576.jpg\" alt=\"\" width=\"1024\" height=\"576\" data-lazy-type=\"image\" data-src=\"https:\/\/zonalnoticias.com\/wp-content\/uploads\/2020\/12\/marcha-29-luiggi-5-1024x576.jpg\" data-id=\"58846\" data-full-url=\"https:\/\/zonalnoticias.com\/wp-content\/uploads\/2020\/12\/marcha-29-luiggi-5.jpg\" data-link=\"https:\/\/zonalnoticias.com\/?attachment_id=58846\" data-srcset=\"\" \/><\/figure>\n<\/li>\n<\/ul>\n<\/figure>\n<p style=\"margin: 0px 0px 1.5em;border: 0px;font-family: 'source sans pro', sans-serif;font-size: 19.2px;padding: 0px;vertical-align: baseline;color: #404040\">\u00ab<span style=\"font-weight: bold;border: 0px;font-family: inherit;font-style: inherit;margin: 0px;padding: 0px;vertical-align: baseline\">Es una emoci\u00f3n muy grande poder compartir este momento con muchas compa\u00f1eras que hac\u00eda un tiempo no nos ve\u00edamos y este reclamo nos une\u00bb<\/span>, destac\u00f3 la m\u00e9dica.<\/p>\n<blockquote class=\"wp-block-quote\" style=\"padding: 1.5em;margin: 1.5em 0px;font-size: 20px;border-width: 0px 0px 0px 2px;font-family: 'source sans pro', sans-serif;vertical-align: baseline;background: #f8f8f8;color: #404040;border-color: initial initial initial #b22d00;border-style: initial initial initial solid\">\n<p style=\"margin: 0px;border: 0px;font-family: inherit;font-style: inherit;font-weight: inherit;padding: 0px;vertical-align: baseline\">Otra de las j\u00f3venes presentes en la marcha del 29D manifest\u00f3: \u00abestamos muy emocionadas, nos apoyan desde adolescentes, hasta adultos mayores.\u00a0<span style=\"font-weight: bold;border: 0px;font-family: inherit;font-style: inherit;margin: 0px;padding: 0px;vertical-align: baseline\">Esperemos que los senadores est\u00e9n a la altura y representen a los cuerpos gestantes, que el patriarcado se acabe y que podamos conquistar este derecho\u00bb.<\/span><\/p>\n<\/blockquote>\n<figure class=\"wp-block-gallery columns-1 is-cropped\" style=\"margin: 0px;list-style-type: none;padding: 0px;color: #404040;font-family: 'source sans pro', sans-serif;font-size: 19.2px\">\n<ul class=\"blocks-gallery-grid\" style=\"margin: 0px;border: 0px;font-family: inherit;font-style: inherit;font-weight: inherit;padding: 0px;vertical-align: baseline\">\n<li class=\"blocks-gallery-item\" style=\"border: 0px;font-family: inherit;font-style: inherit;font-weight: inherit;margin: 0px 0px 16px;padding: 0px;vertical-align: baseline;flex-grow: 1;flex-direction: column;justify-content: center;width: 360px\">\n<figure style=\"margin: 0px;height: 202.5px;align-items: flex-end;justify-content: flex-start\"><img loading=\"lazy\" decoding=\"async\" class=\"wp-image-58849 lazy-loaded\" style=\"border: 0px;vertical-align: middle;height: 202.5px;width: 360px;flex: 1 1 0%\" src=\"https:\/\/zonalnoticias.com\/wp-content\/uploads\/2020\/12\/marcha-29-luiggi-2-1024x576.jpg\" alt=\"\" width=\"1024\" height=\"576\" data-lazy-type=\"image\" data-src=\"https:\/\/zonalnoticias.com\/wp-content\/uploads\/2020\/12\/marcha-29-luiggi-2-1024x576.jpg\" data-id=\"58849\" data-full-url=\"https:\/\/zonalnoticias.com\/wp-content\/uploads\/2020\/12\/marcha-29-luiggi-2.jpg\" data-link=\"https:\/\/zonalnoticias.com\/?attachment_id=58849\" data-srcset=\"\" \/><\/figure>\n<\/li>\n<\/ul>\n<\/figure>\n<p style=\"margin: 0px 0px 1.5em;border: 0px;font-family: 'source sans pro', sans-serif;font-size: 19.2px;padding: 0px;vertical-align: baseline;color: #404040\">\u00abEl aborto es un problema al igual que la pandemia, por eso con todos los cuidados decidimos movilizarnos. Hoy el aborto clandestino lleva a que muchas chicas terminen hospitalizadas, ocupando camas que no hay, porque el sistema de salud est\u00e1 desbordado\u00bb, expres\u00f3 otra de las j\u00f3venes presentes en la movilizaci\u00f3n.<\/p>\n<figure class=\"wp-block-gallery columns-1 is-cropped\" style=\"margin: 0px;list-style-type: none;padding: 0px;color: #404040;font-family: 'source sans pro', sans-serif;font-size: 19.2px\">\n<ul class=\"blocks-gallery-grid\" style=\"margin: 0px;border: 0px;font-family: inherit;font-style: inherit;font-weight: inherit;padding: 0px;vertical-align: baseline\">\n<li class=\"blocks-gallery-item\" style=\"border: 0px;font-family: inherit;font-style: inherit;font-weight: inherit;margin: 0px 0px 16px;padding: 0px;vertical-align: baseline;flex-grow: 1;flex-direction: column;justify-content: center;width: 360px\">\n<figure style=\"margin: 0px;height: 202.5px;align-items: flex-end;justify-content: flex-start\"><img loading=\"lazy\" decoding=\"async\" class=\"wp-image-58845 lazy-loaded\" style=\"border: 0px;vertical-align: middle;height: 202.5px;width: 360px;flex: 1 1 0%\" src=\"https:\/\/zonalnoticias.com\/wp-content\/uploads\/2020\/12\/marcha-29-luiggi-6-1024x576.jpg\" alt=\"\" width=\"1024\" height=\"576\" data-lazy-type=\"image\" data-src=\"https:\/\/zonalnoticias.com\/wp-content\/uploads\/2020\/12\/marcha-29-luiggi-6-1024x576.jpg\" data-id=\"58845\" data-full-url=\"https:\/\/zonalnoticias.com\/wp-content\/uploads\/2020\/12\/marcha-29-luiggi-6.jpg\" data-link=\"https:\/\/zonalnoticias.com\/?attachment_id=58845\" data-srcset=\"\" \/><\/figure>\n<\/li>\n<\/ul>\n<\/figure>\n<figure class=\"wp-block-gallery columns-1 is-cropped\" style=\"margin: 0px;list-style-type: none;padding: 0px;color: #404040;font-family: 'source sans pro', sans-serif;font-size: 19.2px\">\n<ul class=\"blocks-gallery-grid\" style=\"margin: 0px;border: 0px;font-family: inherit;font-style: inherit;font-weight: inherit;padding: 0px;vertical-align: baseline\">\n<li class=\"blocks-gallery-item\" style=\"border: 0px;font-family: inherit;font-style: inherit;font-weight: inherit;margin: 0px 0px 16px;padding: 0px;vertical-align: baseline;flex-grow: 1;flex-direction: column;justify-content: center;width: 360px\">\n<figure style=\"margin: 0px;height: 202.5px;align-items: flex-end;justify-content: flex-start\"><img loading=\"lazy\" decoding=\"async\" class=\"wp-image-58850 lazy-loaded\" style=\"border: 0px;vertical-align: middle;height: 202.5px;width: 360px;flex: 1 1 0%\" src=\"https:\/\/zonalnoticias.com\/wp-content\/uploads\/2020\/12\/marcha-29-luiggi-1-1024x576.jpg\" alt=\"\" width=\"1024\" height=\"576\" data-lazy-type=\"image\" data-src=\"https:\/\/zonalnoticias.com\/wp-content\/uploads\/2020\/12\/marcha-29-luiggi-1-1024x576.jpg\" data-id=\"58850\" data-full-url=\"https:\/\/zonalnoticias.com\/wp-content\/uploads\/2020\/12\/marcha-29-luiggi-1.jpg\" data-link=\"https:\/\/zonalnoticias.com\/?attachment_id=58850\" data-srcset=\"\" \/><\/figure>\n<\/li>\n<\/ul>\n<\/figure>\n<div class=\"oasis-despues-del-contenido\" id=\"oasis-4106338343\"><img loading=\"lazy\" decoding=\"async\" src=\"https:\/\/oasisfm935.com.ar\/site\/wp-content\/uploads\/2020\/08\/47806202-8741-49f2-a5c9-d2f930e5baa1.jpg\" alt=\"\"  srcset=\"https:\/\/oasisfm935.com.ar\/site\/wp-content\/uploads\/2020\/08\/47806202-8741-49f2-a5c9-d2f930e5baa1.jpg 1080w, https:\/\/oasisfm935.com.ar\/site\/wp-content\/uploads\/2020\/08\/47806202-8741-49f2-a5c9-d2f930e5baa1-300x300.jpg 300w, https:\/\/oasisfm935.com.ar\/site\/wp-content\/uploads\/2020\/08\/47806202-8741-49f2-a5c9-d2f930e5baa1-1024x1024.jpg 1024w, https:\/\/oasisfm935.com.ar\/site\/wp-content\/uploads\/2020\/08\/47806202-8741-49f2-a5c9-d2f930e5baa1-150x150.jpg 150w, https:\/\/oasisfm935.com.ar\/site\/wp-content\/uploads\/2020\/08\/47806202-8741-49f2-a5c9-d2f930e5baa1-768x768.jpg 768w\" sizes=\"(max-width: 1080px) 100vw, 1080px\" class=\"no-lazyload\" width=\"1080\" height=\"1080\"  style=\"display: inline-block;\" \/><\/div>","protected":false},"excerpt":{"rendered":"<p>J\u00f3venes de Ingeniero Luiggi, en su mayor\u00eda mujeres, se autoconvocaron en la plaza c\u00e9ntrica para apoyar la legalizaci\u00f3n del aborto, que este<\/p>\n","protected":false},"author":4,"featured_media":8539,"comment_status":"closed","ping_status":"open","sticky":false,"template":"","format":"standard","meta":{"colormag_page_layout":"default_layout","footnotes":""},"categories":[2],"tags":[],"class_list":["post-8538","post","type-post","status-publish","format-standard","has-post-thumbnail","hentry","category-noticias"],"_links":{"self":[{"href":"https:\/\/oasisfm935.com.ar\/site\/wp-json\/wp\/v2\/posts\/8538","targetHints":{"allow":["GET"]}}],"collection":[{"href":"https:\/\/oasisfm935.com.ar\/site\/wp-json\/wp\/v2\/posts"}],"about":[{"href":"https:\/\/oasisfm935.com.ar\/site\/wp-json\/wp\/v2\/types\/post"}],"author":[{"embeddable":true,"href":"https:\/\/oasisfm935.com.ar\/site\/wp-json\/wp\/v2\/users\/4"}],"replies":[{"embeddable":true,"href":"https:\/\/oasisfm935.com.ar\/site\/wp-json\/wp\/v2\/comments?post=8538"}],"version-history":[{"count":1,"href":"https:\/\/oasisfm935.com.ar\/site\/wp-json\/wp\/v2\/posts\/8538\/revisions"}],"predecessor-version":[{"id":8540,"href":"https:\/\/oasisfm935.com.ar\/site\/wp-json\/wp\/v2\/posts\/8538\/revisions\/8540"}],"wp:featuredmedia":[{"embeddable":true,"href":"https:\/\/oasisfm935.com.ar\/site\/wp-json\/wp\/v2\/media\/8539"}],"wp:attachment":[{"href":"https:\/\/oasisfm935.com.ar\/site\/wp-json\/wp\/v2\/media?parent=8538"}],"wp:term":[{"taxonomy":"category","embeddable":true,"href":"https:\/\/oasisfm935.com.ar\/site\/wp-json\/wp\/v2\/categories?post=8538"},{"taxonomy":"post_tag","embeddable":true,"href":"https:\/\/oasisfm935.com.ar\/site\/wp-json\/wp\/v2\/tags?post=8538"}],"curies":[{"name":"wp","href":"https:\/\/api.w.org\/{rel}","templated":true}]}}