{"id":8542,"date":"2020-12-30T07:16:32","date_gmt":"2020-12-30T10:16:32","guid":{"rendered":"http:\/\/oasisfm935.com\/site\/?p=8542"},"modified":"2020-12-30T07:16:32","modified_gmt":"2020-12-30T10:16:32","slug":"es-ley-la-interrupcion-voluntaria-del-embarazo-en-argentina","status":"publish","type":"post","link":"https:\/\/oasisfm935.com.ar\/site\/es-ley-la-interrupcion-voluntaria-del-embarazo-en-argentina\/","title":{"rendered":"Es ley la Interrupci\u00f3n Voluntaria del Embarazo en Argentina"},"content":{"rendered":"<p><strong>Por 38 votos a favor y 29 en contra, m\u00e1s una abstenci\u00f3n, el Senado argentino aprob\u00f3 la ley que permite el aborto sin restricciones hasta la semana 14 del embarazo.<\/strong>\u00a0El grupo de \u00abindecisos\u00bb finalmente decidi\u00f3 en su mayor\u00eda apoyar el proyecto que el presidente Alberto Fern\u00e1ndez envi\u00f3 al Congreso.<\/p>\n<p><strong>El Senado aprob\u00f3 hoy la ley de interrupci\u00f3n voluntaria del embarazo en una sesi\u00f3n hist\u00f3rica que empez\u00f3 con un escenario muy parejo en la cantidad de votos<\/strong>\u00a0y mucha expectativa puesta en el pu\u00f1ado de \u00abindecisos\u00bb que finalmente inclinaron la balanza a favor de la sanci\u00f3n.<\/p>\n<p>Con 38 votos a favor, 29 en contra y una abstenci\u00f3n del juje\u00f1o Guillermo Snopek (Frente de Todos), el proyecto enviado por el Gobierno al Congreso fue convertido en ley y con una mayor\u00eda m\u00e1s holgada que la que hab\u00eda logrado el \u00abno\u00bb en el debate de 2018 (38 a 31).<\/p>\n<div class=\"oasis-despues-del-contenido\" id=\"oasis-674924446\"><img loading=\"lazy\" decoding=\"async\" src=\"https:\/\/oasisfm935.com.ar\/site\/wp-content\/uploads\/2020\/08\/47806202-8741-49f2-a5c9-d2f930e5baa1.jpg\" alt=\"\"  srcset=\"https:\/\/oasisfm935.com.ar\/site\/wp-content\/uploads\/2020\/08\/47806202-8741-49f2-a5c9-d2f930e5baa1.jpg 1080w, https:\/\/oasisfm935.com.ar\/site\/wp-content\/uploads\/2020\/08\/47806202-8741-49f2-a5c9-d2f930e5baa1-300x300.jpg 300w, https:\/\/oasisfm935.com.ar\/site\/wp-content\/uploads\/2020\/08\/47806202-8741-49f2-a5c9-d2f930e5baa1-1024x1024.jpg 1024w, https:\/\/oasisfm935.com.ar\/site\/wp-content\/uploads\/2020\/08\/47806202-8741-49f2-a5c9-d2f930e5baa1-150x150.jpg 150w, https:\/\/oasisfm935.com.ar\/site\/wp-content\/uploads\/2020\/08\/47806202-8741-49f2-a5c9-d2f930e5baa1-768x768.jpg 768w\" sizes=\"(max-width: 1080px) 100vw, 1080px\" class=\"no-lazyload\" width=\"1080\" height=\"1080\"  style=\"display: inline-block;\" \/><\/div>","protected":false},"excerpt":{"rendered":"<p>Por 38 votos a favor y 29 en contra, m\u00e1s una abstenci\u00f3n, el Senado argentino aprob\u00f3 la ley que permite el aborto<\/p>\n","protected":false},"author":4,"featured_media":8543,"comment_status":"closed","ping_status":"open","sticky":false,"template":"","format":"standard","meta":{"colormag_page_layout":"default_layout","footnotes":""},"categories":[2],"tags":[],"class_list":["post-8542","post","type-post","status-publish","format-standard","has-post-thumbnail","hentry","category-noticias"],"_links":{"self":[{"href":"https:\/\/oasisfm935.com.ar\/site\/wp-json\/wp\/v2\/posts\/8542","targetHints":{"allow":["GET"]}}],"collection":[{"href":"https:\/\/oasisfm935.com.ar\/site\/wp-json\/wp\/v2\/posts"}],"about":[{"href":"https:\/\/oasisfm935.com.ar\/site\/wp-json\/wp\/v2\/types\/post"}],"author":[{"embeddable":true,"href":"https:\/\/oasisfm935.com.ar\/site\/wp-json\/wp\/v2\/users\/4"}],"replies":[{"embeddable":true,"href":"https:\/\/oasisfm935.com.ar\/site\/wp-json\/wp\/v2\/comments?post=8542"}],"version-history":[{"count":1,"href":"https:\/\/oasisfm935.com.ar\/site\/wp-json\/wp\/v2\/posts\/8542\/revisions"}],"predecessor-version":[{"id":8544,"href":"https:\/\/oasisfm935.com.ar\/site\/wp-json\/wp\/v2\/posts\/8542\/revisions\/8544"}],"wp:featuredmedia":[{"embeddable":true,"href":"https:\/\/oasisfm935.com.ar\/site\/wp-json\/wp\/v2\/media\/8543"}],"wp:attachment":[{"href":"https:\/\/oasisfm935.com.ar\/site\/wp-json\/wp\/v2\/media?parent=8542"}],"wp:term":[{"taxonomy":"category","embeddable":true,"href":"https:\/\/oasisfm935.com.ar\/site\/wp-json\/wp\/v2\/categories?post=8542"},{"taxonomy":"post_tag","embeddable":true,"href":"https:\/\/oasisfm935.com.ar\/site\/wp-json\/wp\/v2\/tags?post=8542"}],"curies":[{"name":"wp","href":"https:\/\/api.w.org\/{rel}","templated":true}]}}