{"id":8545,"date":"2020-12-30T14:28:39","date_gmt":"2020-12-30T17:28:39","guid":{"rendered":"http:\/\/oasisfm935.com\/site\/?p=8545"},"modified":"2020-12-30T14:28:39","modified_gmt":"2020-12-30T17:28:39","slug":"la-iglesia-lanzo-un-fuerte-comunicado-por-la-legalizacion-del-aborto","status":"publish","type":"post","link":"https:\/\/oasisfm935.com.ar\/site\/la-iglesia-lanzo-un-fuerte-comunicado-por-la-legalizacion-del-aborto\/","title":{"rendered":"La Iglesia lanz\u00f3 un fuerte comunicado por la legalizaci\u00f3n del aborto"},"content":{"rendered":"<p>La Conferencia Episcopal Argentina dijo que la ley del aborto\u00a0<strong>\u00abahondar\u00e1 a\u00fan m\u00e1s las divisiones en nuestro pa\u00eds\u00bb<\/strong>\u00a0y asegur\u00f3 el pueblo argentino \u00ab<strong>seguir\u00e1 eligiendo siempre todas las vidas\u00bb<\/strong>.<\/p>\n<p>La Conferencia Episcopal Argentina (CEA) destac\u00f3 que el pueblo argentino \u00abseguir\u00e1 eligiendo siempre todas las vidas\u00bb en un pronunciamiento difundido tras la aprobaci\u00f3n en el Senado de la ley de aborto durante la madrugada.<\/p>\n<p>\u201cLa Iglesia en la Argentina quiere ratificar junto a hermanos y hermanas de distintos credos y tambi\u00e9n a muchos no creyentes, que continuar\u00e1 trabajando con firmeza y pasi\u00f3n en el cuidado y el servicio a la vida. Esta ley que ha sido votada ahondar\u00e1 a\u00fan m\u00e1s las divisiones en nuestro pa\u00eds. Lamentamos profundamente la lejan\u00eda de parte de la dirigencia del sentir del pueblo, el cual se ha expresado de diversas maneras a favor de la vida a lo largo y a lo ancho de nuestra Patria\u201d, afirm\u00f3.<\/p>\n<p>\u201cTenemos la certeza de que nuestro pueblo seguir\u00e1 eligiendo siempre toda la vida y todas las vidas. Y junto a \u00e9l seguiremos trabajando por las aut\u00e9nticas prioridades que requieren urgente atenci\u00f3n en nuestro pa\u00eds: Los ni\u00f1os y ni\u00f1as que viven en la pobreza en cantidad cada vez m\u00e1s alarmante, el abandono de la escolaridad por parte de muchos de ellos, la apremiante pandemia del hambre y la desocupaci\u00f3n que afecta a numerosas familias, as\u00ed como la dram\u00e1tica situaci\u00f3n de los jubilados, que se ven vulnerados en sus derechos una vez m\u00e1s\u201d, a\u00f1adi\u00f3.<\/p>\n<p>Finalmente, la CEA expres\u00f3: \u201cAbrazamos a cada argentina y a cada argentino; tambi\u00e9n a los diputados y senadores que valientemente se han manifestado a favor del cuidado de toda la vida. Defenderla siempre, sin claudicaciones, nos har\u00e1 capaces de construir una Naci\u00f3n justa y solidaria, donde nadie sea descartado y en la que se pueda vivir una verdadera cultura del encuentro\u201d.<\/p>\n<p>El comunicado fue emitido en Buenos Aires y est\u00e1 firmado por el director de la Oficina de Comunicaci\u00f3n y Prensa de la Conferencia Episcopal Argentina, presb\u00edtero M\u00e1ximo Jurcinovic.<\/p>\n<p><strong>Papa Francisco<\/strong><\/p>\n<p>Al encabezar su \u00faltima audiencia general del a\u00f1o, el Sumo Pont\u00edfice reiter\u00f3 su visi\u00f3n en contra de la interrupci\u00f3n voluntaria del embarazo. \u00abTodos nacemos porque alguien ha deseado para nosotros la vida\u00bb, manifest\u00f3 el Papa Francisco.<\/p>\n<p>Y a\u00f1adi\u00f3: \u00abPara nosotros cristianos el dar las gracias ha dado nombre al Sacramento m\u00e1s esencial que hay: la Eucarist\u00eda. La palabra griega, de hecho, significa precisamente esto: acci\u00f3n de gracias\u00bb.<\/p>\n<p>Durante la catequesis que brind\u00f3 desde la Biblioteca del Palacio Apost\u00f3lico del Vaticano, el Santo Padre remarc\u00f3 que \u00ablos cristianos, como todos los creyentes, bendicen a Dios por el don de la vida\u00bb.<\/p>\n<p>\u00abVivir es ante todo haber recibido la vida. Todos nacemos porque alguien ha deseado para nosotros la vida\u00bb, destac\u00f3 Francisco.<\/p>\n<p>De esta manera, el Papa reiter\u00f3 su rechazo a la interrupci\u00f3n voluntaria del embarazo, que en la madrugada de este mi\u00e9rcoles fue legalizada por el Congreso de la Naci\u00f3n.<\/p>\n<p>Horas antes de que comenzara la sesi\u00f3n para tratar el proyecto el pasado martes, el Sumo Pont\u00edfice hab\u00eda remarcado su postura, aunque no hab\u00eda hecho alusiones a la Argentina.<\/p>\n<p>\u00abEl Hijo de Dios naci\u00f3 descartado para decirnos que toda persona descartada es un hijo de Dios. Vino al mundo como un ni\u00f1o viene al mundo, d\u00e9bil y fr\u00e1gil, para que podamos acoger nuestras fragilidades con ternura\u00bb, hab\u00eda publicado en su cuenta de Twitter.<\/p>\n<div class=\"oasis-despues-del-contenido\" id=\"oasis-3947575903\"><img loading=\"lazy\" decoding=\"async\" src=\"https:\/\/oasisfm935.com.ar\/site\/wp-content\/uploads\/2020\/08\/47806202-8741-49f2-a5c9-d2f930e5baa1.jpg\" alt=\"\"  srcset=\"https:\/\/oasisfm935.com.ar\/site\/wp-content\/uploads\/2020\/08\/47806202-8741-49f2-a5c9-d2f930e5baa1.jpg 1080w, https:\/\/oasisfm935.com.ar\/site\/wp-content\/uploads\/2020\/08\/47806202-8741-49f2-a5c9-d2f930e5baa1-300x300.jpg 300w, https:\/\/oasisfm935.com.ar\/site\/wp-content\/uploads\/2020\/08\/47806202-8741-49f2-a5c9-d2f930e5baa1-1024x1024.jpg 1024w, https:\/\/oasisfm935.com.ar\/site\/wp-content\/uploads\/2020\/08\/47806202-8741-49f2-a5c9-d2f930e5baa1-150x150.jpg 150w, https:\/\/oasisfm935.com.ar\/site\/wp-content\/uploads\/2020\/08\/47806202-8741-49f2-a5c9-d2f930e5baa1-768x768.jpg 768w\" sizes=\"(max-width: 1080px) 100vw, 1080px\" class=\"no-lazyload\" width=\"1080\" height=\"1080\"  style=\"display: inline-block;\" \/><\/div>","protected":false},"excerpt":{"rendered":"<p>La Conferencia Episcopal Argentina dijo que la ley del aborto\u00a0\u00abahondar\u00e1 a\u00fan m\u00e1s las divisiones en nuestro pa\u00eds\u00bb\u00a0y asegur\u00f3 el pueblo argentino \u00abseguir\u00e1<\/p>\n","protected":false},"author":4,"featured_media":8546,"comment_status":"closed","ping_status":"open","sticky":false,"template":"","format":"standard","meta":{"colormag_page_layout":"default_layout","footnotes":""},"categories":[2],"tags":[],"class_list":["post-8545","post","type-post","status-publish","format-standard","has-post-thumbnail","hentry","category-noticias"],"_links":{"self":[{"href":"https:\/\/oasisfm935.com.ar\/site\/wp-json\/wp\/v2\/posts\/8545","targetHints":{"allow":["GET"]}}],"collection":[{"href":"https:\/\/oasisfm935.com.ar\/site\/wp-json\/wp\/v2\/posts"}],"about":[{"href":"https:\/\/oasisfm935.com.ar\/site\/wp-json\/wp\/v2\/types\/post"}],"author":[{"embeddable":true,"href":"https:\/\/oasisfm935.com.ar\/site\/wp-json\/wp\/v2\/users\/4"}],"replies":[{"embeddable":true,"href":"https:\/\/oasisfm935.com.ar\/site\/wp-json\/wp\/v2\/comments?post=8545"}],"version-history":[{"count":1,"href":"https:\/\/oasisfm935.com.ar\/site\/wp-json\/wp\/v2\/posts\/8545\/revisions"}],"predecessor-version":[{"id":8547,"href":"https:\/\/oasisfm935.com.ar\/site\/wp-json\/wp\/v2\/posts\/8545\/revisions\/8547"}],"wp:featuredmedia":[{"embeddable":true,"href":"https:\/\/oasisfm935.com.ar\/site\/wp-json\/wp\/v2\/media\/8546"}],"wp:attachment":[{"href":"https:\/\/oasisfm935.com.ar\/site\/wp-json\/wp\/v2\/media?parent=8545"}],"wp:term":[{"taxonomy":"category","embeddable":true,"href":"https:\/\/oasisfm935.com.ar\/site\/wp-json\/wp\/v2\/categories?post=8545"},{"taxonomy":"post_tag","embeddable":true,"href":"https:\/\/oasisfm935.com.ar\/site\/wp-json\/wp\/v2\/tags?post=8545"}],"curies":[{"name":"wp","href":"https:\/\/api.w.org\/{rel}","templated":true}]}}