{"id":8548,"date":"2020-12-30T21:59:57","date_gmt":"2020-12-31T00:59:57","guid":{"rendered":"http:\/\/oasisfm935.com\/site\/?p=8548"},"modified":"2020-12-30T21:59:57","modified_gmt":"2020-12-31T00:59:57","slug":"el-viceintendente-de-luiggi-argumento-el-apoyo-del-pj-al-subsidio-de-2-5-millones-para-el-club-costa-brava","status":"publish","type":"post","link":"https:\/\/oasisfm935.com.ar\/site\/el-viceintendente-de-luiggi-argumento-el-apoyo-del-pj-al-subsidio-de-2-5-millones-para-el-club-costa-brava\/","title":{"rendered":"El viceintendente de Luiggi argument\u00f3 el apoyo del PJ al subsidio de $2.5 millones para el club Costa Brava."},"content":{"rendered":"<p>Tras la sesi\u00f3n extraordinaria del lunes y la pol\u00e9mica que gener\u00f3 en la localidad el subsidio del gobierno provincial de $2.5 millones al club Costa Brava para saldar deudas de la entidad, el viceintendente y presidente del Concejo Deliberante Juan Jos\u00e9 Gorordo explic\u00f3 por qu\u00e9 el bloque del PJ apoy\u00f3 este aporte.<\/p>\n<blockquote class=\"wp-block-quote\"><p>Ante la consulta de\u00a0<strong>Zonal Noticias<\/strong>, Gorordo expres\u00f3 que \u00abla deuda de Costa Brava fue contra\u00edda en el 2017 y se lleg\u00f3 a una instancia judicial y l\u00edmite debido al incumplimiento de varios acuerdos que se manten\u00edan con el proveedor\u00bb.<\/p><\/blockquote>\n<p>En relaci\u00f3n al subisidio de $2.5 millones de pesos, destac\u00f3 \u00ab<strong>es parte de un compromiso que tom\u00f3 hace unos a\u00f1os el gobierno provincial de apoyar la fiesta y obviamente al club\u00bb.<\/strong><\/p>\n<blockquote class=\"wp-block-quote\"><p>\u00abDesde nuestro bloque<strong>\u00a0decidimos acompa\u00f1ar al club en este momento dif\u00edcil que est\u00e1 atravesando tal como lo hubi\u00e9semos hecho con cualquier otra instituci\u00f3n,\u00a0<\/strong>dado que son una parte fundamental de la sociedad y debemos hacer todo lo posible por mantenerlas\u00bb, indic\u00f3.<\/p><\/blockquote>\n<p><strong>\u00abLa decisi\u00f3n de acompa\u00f1ar al club es una forma tambi\u00e9n de honrar a los socios fundadores, como tambi\u00e9n a los socios y colaboradores que trabajaron durante a\u00f1os en el club, m\u00e1s que nada en esta fiesta que es un poco de todos los luiggenses, y que no podemos dejar caer<\/strong>\u00ab, remarc\u00f3 Gorordo.<\/p>\n<blockquote class=\"wp-block-quote\"><p>\u00abAdem\u00e1s es una muestra de apoyo a las personas que se presentaron en una lista para poder hacer frente a esta situaci\u00f3n y poder sacar al club adelante, a trav\u00e9s de una comisi\u00f3n que se conformar\u00e1 en unos d\u00edas\u00bb,expres\u00f3 el viceintendente.<\/p><\/blockquote>\n<p>Gorordo remarc\u00f3 tambi\u00e9n el nivel de inversi\u00f3n y de riesgo que tiene la fiesta \u00abporque estamos hablando de un evento de relevancia nacional que al hacerse al aire libre, puede truncarse a \u00faltimo momento, generando importantes p\u00e9rdidas para la instituci\u00f3n\u00bb.<\/p>\n<p>El concejal expres\u00f3: \u00ab<strong>por estos puntos mencionados, es que acompa\u00f1amos al club, apostamos a que va a subsanar esta situaci\u00f3n y va a salir adelante\u00bb.<\/strong><\/p>\n<p><strong>Condiciones<\/strong><\/p>\n<p>\u00abObviamente pusimos algunas condiciones al momento de aceptar esta transferencia para el club Costa Brava, tres fundamentalmente:<\/p>\n<blockquote class=\"wp-block-quote\"><p>\u00abLa primera es que el dinero no fuera a parar al club, sino a la cuenta personal del proveedor que figura en el expediente judicial y a los abogados, de manera que nos aseguramos el destino de los fondos\u00bb, inform\u00f3.<\/p><\/blockquote>\n<p>\u00abLuego con el dinero sobrante, solicitamos que quede en el municipio hasta que se conforme la nueva comisi\u00f3n y acredite personer\u00eda jur\u00eddica, que adem\u00e1s aclaro que el club hoy cuenta con dicha certificaci\u00f3n\u00bb, se\u00f1al\u00f3 el concejal.<\/p>\n<figure class=\"wp-block-image\"><img loading=\"lazy\" decoding=\"async\" class=\"wp-image-58924 lazy-loaded\" src=\"https:\/\/zonalnoticias.com\/wp-content\/uploads\/2020\/12\/costa-brava-personeria.png\" alt=\"\" width=\"772\" height=\"774\" data-lazy-type=\"image\" data-src=\"https:\/\/zonalnoticias.com\/wp-content\/uploads\/2020\/12\/costa-brava-personeria.png\" data-srcset=\"\" \/><\/figure>\n<p>\u00abLa tercera condici\u00f3n- seg\u00fan detall\u00f3 el edil- fue exigirle al club una rendici\u00f3n de fondos mensual, tanto de ingresos como de egresos, como para poder llevar un control de los movimientos de la instituci\u00f3n\u00bb, inform\u00f3 Gorordo.<\/p>\n<p>Por \u00faltimo reiter\u00f3 que \u00ablas instituciones intermedias son fundamentales en la localidad porque cumplen un rol central, y debemos contribuir para mantenerlas\u00bb.<\/p>\n<div class=\"oasis-despues-del-contenido\" id=\"oasis-4008989675\"><img loading=\"lazy\" decoding=\"async\" src=\"https:\/\/oasisfm935.com.ar\/site\/wp-content\/uploads\/2020\/08\/47806202-8741-49f2-a5c9-d2f930e5baa1.jpg\" alt=\"\"  srcset=\"https:\/\/oasisfm935.com.ar\/site\/wp-content\/uploads\/2020\/08\/47806202-8741-49f2-a5c9-d2f930e5baa1.jpg 1080w, https:\/\/oasisfm935.com.ar\/site\/wp-content\/uploads\/2020\/08\/47806202-8741-49f2-a5c9-d2f930e5baa1-300x300.jpg 300w, https:\/\/oasisfm935.com.ar\/site\/wp-content\/uploads\/2020\/08\/47806202-8741-49f2-a5c9-d2f930e5baa1-1024x1024.jpg 1024w, https:\/\/oasisfm935.com.ar\/site\/wp-content\/uploads\/2020\/08\/47806202-8741-49f2-a5c9-d2f930e5baa1-150x150.jpg 150w, https:\/\/oasisfm935.com.ar\/site\/wp-content\/uploads\/2020\/08\/47806202-8741-49f2-a5c9-d2f930e5baa1-768x768.jpg 768w\" sizes=\"(max-width: 1080px) 100vw, 1080px\" class=\"no-lazyload\" width=\"1080\" height=\"1080\"  style=\"display: inline-block;\" \/><\/div>","protected":false},"excerpt":{"rendered":"<p>Tras la sesi\u00f3n extraordinaria del lunes y la pol\u00e9mica que gener\u00f3 en la localidad el subsidio del gobierno provincial de $2.5 millones<\/p>\n","protected":false},"author":4,"featured_media":8549,"comment_status":"closed","ping_status":"open","sticky":false,"template":"","format":"standard","meta":{"colormag_page_layout":"default_layout","footnotes":""},"categories":[2],"tags":[],"class_list":["post-8548","post","type-post","status-publish","format-standard","has-post-thumbnail","hentry","category-noticias"],"_links":{"self":[{"href":"https:\/\/oasisfm935.com.ar\/site\/wp-json\/wp\/v2\/posts\/8548","targetHints":{"allow":["GET"]}}],"collection":[{"href":"https:\/\/oasisfm935.com.ar\/site\/wp-json\/wp\/v2\/posts"}],"about":[{"href":"https:\/\/oasisfm935.com.ar\/site\/wp-json\/wp\/v2\/types\/post"}],"author":[{"embeddable":true,"href":"https:\/\/oasisfm935.com.ar\/site\/wp-json\/wp\/v2\/users\/4"}],"replies":[{"embeddable":true,"href":"https:\/\/oasisfm935.com.ar\/site\/wp-json\/wp\/v2\/comments?post=8548"}],"version-history":[{"count":1,"href":"https:\/\/oasisfm935.com.ar\/site\/wp-json\/wp\/v2\/posts\/8548\/revisions"}],"predecessor-version":[{"id":8550,"href":"https:\/\/oasisfm935.com.ar\/site\/wp-json\/wp\/v2\/posts\/8548\/revisions\/8550"}],"wp:featuredmedia":[{"embeddable":true,"href":"https:\/\/oasisfm935.com.ar\/site\/wp-json\/wp\/v2\/media\/8549"}],"wp:attachment":[{"href":"https:\/\/oasisfm935.com.ar\/site\/wp-json\/wp\/v2\/media?parent=8548"}],"wp:term":[{"taxonomy":"category","embeddable":true,"href":"https:\/\/oasisfm935.com.ar\/site\/wp-json\/wp\/v2\/categories?post=8548"},{"taxonomy":"post_tag","embeddable":true,"href":"https:\/\/oasisfm935.com.ar\/site\/wp-json\/wp\/v2\/tags?post=8548"}],"curies":[{"name":"wp","href":"https:\/\/api.w.org\/{rel}","templated":true}]}}