{"id":8552,"date":"2021-01-04T12:29:59","date_gmt":"2021-01-04T15:29:59","guid":{"rendered":"http:\/\/oasisfm935.com\/site\/?p=8552"},"modified":"2021-01-04T12:29:59","modified_gmt":"2021-01-04T15:29:59","slug":"covid-19-en-la-pampa-el-gobierno-realiza-restricciones-para-la-circulacion","status":"publish","type":"post","link":"https:\/\/oasisfm935.com.ar\/site\/covid-19-en-la-pampa-el-gobierno-realiza-restricciones-para-la-circulacion\/","title":{"rendered":"COVID-19 en La Pampa: el gobierno realiza restricciones para la circulaci\u00f3n"},"content":{"rendered":"<p class=\"lead nota-detalle-bajada\">Esta decisi\u00f3n obedece al crecimiento exponencial de utilizaci\u00f3n de camas producto del sostenido incremento de casos positivos en la provincia. \u00a0 Como medida adicional, el Gobierno Provincial habilitar\u00e1 nuevas camas para pacientes moderados en los dispositivos modulares del Hospital Lucio Molas, pasando de 18 a 31 camas en una primera etapa.<\/p>\n<div class=\"nota-detalle-cuerpo\">Detalle de las medidas de restricci\u00f3n a la circulaci\u00f3n:<\/p>\n<ul>\n<li>Se proh\u00edbe la circulaci\u00f3n de personas de 01:00 a 6:30 horas con excepci\u00f3n de trabajadores esenciales.<\/li>\n<li>Se extiende la suspensi\u00f3n de los encuentros sociales.<\/li>\n<li>Todas las actividades finalizan a las 0:00 horas, con la extensi\u00f3n de 30 minutos para los locales gastron\u00f3micos.<\/li>\n<li>Estas medidas rigen inicialmente hasta las 0:00 horas del lunes 18 de enero.<\/li>\n<\/ul>\n<p>El decreto que pondr\u00e1 en vigencia las nuevas medidas se publicar\u00e1 en el Bolet\u00edn Oficial en horas de la tarde de hoy 4 de enero de 2021..<\/p>\n<\/div>\n<footer>\n<div class=\"row\">\n<div class=\"col-md-12 col-xs-12\"><\/div>\n<\/div>\n<\/footer>\n<div class=\"oasis-despues-del-contenido\" id=\"oasis-755211484\"><img loading=\"lazy\" decoding=\"async\" src=\"https:\/\/oasisfm935.com.ar\/site\/wp-content\/uploads\/2020\/08\/47806202-8741-49f2-a5c9-d2f930e5baa1.jpg\" alt=\"\"  srcset=\"https:\/\/oasisfm935.com.ar\/site\/wp-content\/uploads\/2020\/08\/47806202-8741-49f2-a5c9-d2f930e5baa1.jpg 1080w, https:\/\/oasisfm935.com.ar\/site\/wp-content\/uploads\/2020\/08\/47806202-8741-49f2-a5c9-d2f930e5baa1-300x300.jpg 300w, https:\/\/oasisfm935.com.ar\/site\/wp-content\/uploads\/2020\/08\/47806202-8741-49f2-a5c9-d2f930e5baa1-1024x1024.jpg 1024w, https:\/\/oasisfm935.com.ar\/site\/wp-content\/uploads\/2020\/08\/47806202-8741-49f2-a5c9-d2f930e5baa1-150x150.jpg 150w, https:\/\/oasisfm935.com.ar\/site\/wp-content\/uploads\/2020\/08\/47806202-8741-49f2-a5c9-d2f930e5baa1-768x768.jpg 768w\" sizes=\"(max-width: 1080px) 100vw, 1080px\" class=\"no-lazyload\" width=\"1080\" height=\"1080\"  style=\"display: inline-block;\" \/><\/div>","protected":false},"excerpt":{"rendered":"<p>Esta decisi\u00f3n obedece al crecimiento exponencial de utilizaci\u00f3n de camas producto del sostenido incremento de casos positivos en la provincia. \u00a0 Como<\/p>\n","protected":false},"author":4,"featured_media":6136,"comment_status":"closed","ping_status":"open","sticky":false,"template":"","format":"standard","meta":{"colormag_page_layout":"default_layout","footnotes":""},"categories":[2],"tags":[],"class_list":["post-8552","post","type-post","status-publish","format-standard","has-post-thumbnail","hentry","category-noticias"],"_links":{"self":[{"href":"https:\/\/oasisfm935.com.ar\/site\/wp-json\/wp\/v2\/posts\/8552","targetHints":{"allow":["GET"]}}],"collection":[{"href":"https:\/\/oasisfm935.com.ar\/site\/wp-json\/wp\/v2\/posts"}],"about":[{"href":"https:\/\/oasisfm935.com.ar\/site\/wp-json\/wp\/v2\/types\/post"}],"author":[{"embeddable":true,"href":"https:\/\/oasisfm935.com.ar\/site\/wp-json\/wp\/v2\/users\/4"}],"replies":[{"embeddable":true,"href":"https:\/\/oasisfm935.com.ar\/site\/wp-json\/wp\/v2\/comments?post=8552"}],"version-history":[{"count":1,"href":"https:\/\/oasisfm935.com.ar\/site\/wp-json\/wp\/v2\/posts\/8552\/revisions"}],"predecessor-version":[{"id":8553,"href":"https:\/\/oasisfm935.com.ar\/site\/wp-json\/wp\/v2\/posts\/8552\/revisions\/8553"}],"wp:featuredmedia":[{"embeddable":true,"href":"https:\/\/oasisfm935.com.ar\/site\/wp-json\/wp\/v2\/media\/6136"}],"wp:attachment":[{"href":"https:\/\/oasisfm935.com.ar\/site\/wp-json\/wp\/v2\/media?parent=8552"}],"wp:term":[{"taxonomy":"category","embeddable":true,"href":"https:\/\/oasisfm935.com.ar\/site\/wp-json\/wp\/v2\/categories?post=8552"},{"taxonomy":"post_tag","embeddable":true,"href":"https:\/\/oasisfm935.com.ar\/site\/wp-json\/wp\/v2\/tags?post=8552"}],"curies":[{"name":"wp","href":"https:\/\/api.w.org\/{rel}","templated":true}]}}