{"id":8557,"date":"2021-01-04T19:13:41","date_gmt":"2021-01-04T22:13:41","guid":{"rendered":"http:\/\/oasisfm935.com\/site\/?p=8557"},"modified":"2021-01-04T19:13:41","modified_gmt":"2021-01-04T22:13:41","slug":"anses-anuncio-250-mil-millones-en-creditos-para-jubilados-y-pensionados","status":"publish","type":"post","link":"https:\/\/oasisfm935.com.ar\/site\/anses-anuncio-250-mil-millones-en-creditos-para-jubilados-y-pensionados\/","title":{"rendered":"ANSES anunci\u00f3 $250 mil millones en cr\u00e9ditos para jubilados y pensionados"},"content":{"rendered":"<p><span lang=\"ES\">La directora ejecutiva<\/span><span lang=\"ES\">\u00a0<\/span>de la ANSES,\u00a0<b><span lang=\"ES\">Fernanda Raverta<\/span><\/b><span lang=\"ES\">, anunci\u00f3 hoy en la delegaci\u00f3n\u00a0<i>N\u00e9stor Kirchner<\/i>\u00a0Puerto de Mar del Plata el relanzamiento del Programa de\u00a0<i>Cr\u00e9ditos ANSES<\/i>\u00a0para el cual se destinar\u00e1n m\u00e1s de\u00a0<b>250 mil millones de pesos<\/b>.<\/span><\/p>\n<p>En ese marco,\u00a0<b>Raverta<\/b>\u00a0afirm\u00f3: \u201c<i>Estamos asistiendo a Estela, la primera jubilada que vino a sacar los nuevos cr\u00e9ditos de ANSES. Ella nos contaba que el cr\u00e9dito anterior que hab\u00eda sacado ten\u00eda una tasa de inter\u00e9s del 42 por ciento.\u00a0<b>Nuestro cr\u00e9dito tiene una tasa de inter\u00e9s del 29<\/b>. Nos coment\u00f3 que el cr\u00e9dito anterior, del que debe m\u00e1s de veinte cuotas, era para pagar los servicios p\u00fablicos. Este cr\u00e9dito lo quiere para conocer Salta con su prima\u201d. Y\u00a0<\/i>agreg\u00f3: \u201c<i>Esto es en lo que venimos trabajando: pol\u00edticas p\u00fablicas que nos permiten so\u00f1ar y hacer posibles sue\u00f1os. Pero tambi\u00e9n prestaciones que nos dan herramientas para poder desarrollar nuestros proyectos\u201d.<\/i><\/p>\n<p class=\"x_MsoNormal\"><span lang=\"ES\">Por su parte,\u00a0<b>Estela L\u00f3pez Merino<\/b>, dijo<i>: \u201cVine a cumplir un sue\u00f1o, que es un viaje que vengo planeando con una prima hermana, ella desde Buenos Aires y yo desde ac\u00e1, Mar del Plata, pensando en el PreViaje. Vine a averiguar y fue posible. Bajaron un mont\u00f3n las tasas de inter\u00e9s y eso me permite llegar a cumplir el sue\u00f1o, as\u00ed que estoy emocionada, feliz. Adem\u00e1s, me encuentro a Fernanda Raverta y es una sorpresa, una emoci\u00f3n saber de ella y de su funci\u00f3n\u201d.<\/i><\/span><\/p>\n<p class=\"x_MsoNormal\"><span lang=\"ES\">Con este anuncio, ya se encuentra habilitada la solicitud de turnos para la gesti\u00f3n de los nuevos cr\u00e9ditos solo de manera presencial en las oficinas para los titulares de jubilaciones y pensiones del SIPA, PNC y PUAM.<\/span><\/p>\n<p class=\"x_MsoNormal\"><b><span lang=\"ES\">Caracter\u00edsticas de los nuevos pr\u00e9stamos<\/span><\/b><\/p>\n<p class=\"x_MsoNormal\"><span lang=\"ES\">En el caso de los\u00a0<b>jubilados y pensionados (SIPA)<\/b>, el monto a solicitar podr\u00e1 variar entre\u00a0<b>5.000 a 200.000 pesos<\/b>, los plazos para el pago pueden ser entre\u00a0<b>24, 36, 48 o 60 cuotas,<\/b>\u00a0y deber\u00e1n tener menos de 90 a\u00f1os al momento de finalizarlo.<\/span><\/p>\n<p class=\"x_MsoNormal\"><span lang=\"ES\">Con respecto a las\u00a0<b>PNC por Invalidez y madre de 7 hijos<\/b>, el monto a solicitar podr\u00e1 ser de entre\u00a0<b>5.000 a 70.000 pesos<\/b>, los plazos tambi\u00e9n podr\u00e1n ser de\u00a0<b>24, 36, 48 o 60 cuotas<\/b>\u00a0y deber\u00e1 tener menos de 75 a\u00f1os al momento de finalizarlo.<\/span><\/p>\n<p class=\"x_MsoNormal\"><span lang=\"ES\">En cuanto a los beneficiarios de\u00a0<b>PUAM y PNC\u2013Vejez<\/b>\u00a0el monto y los plazos son similares a las PNC Invalidez y madre de 7 hijos y deber\u00e1 tener menos de 90 a\u00f1os al momento de finalizarlo.<\/span><\/p>\n<p class=\"x_MsoNormal\"><span lang=\"ES\">Cabe recordar que actualmente existen\u00a0<b>6.985.126<\/b><\/span><b>\u00a0cr\u00e9ditos\u00a0<\/b><b><span lang=\"ES\">vigentes<\/span><\/b><span lang=\"ES\">, que por la emergencia sanitaria del COVID 19 tuvieron una suspensi\u00f3n en el cobro de las cuotas desde diciembre de 2019 hasta noviembre de 2020, cuyos\u00a0<b>intereses generados en ese per\u00edodo no se capitalizaron<\/b>.<\/span><\/p>\n<div class=\"oasis-despues-del-contenido\" id=\"oasis-2473831822\"><img loading=\"lazy\" decoding=\"async\" src=\"https:\/\/oasisfm935.com.ar\/site\/wp-content\/uploads\/2020\/08\/47806202-8741-49f2-a5c9-d2f930e5baa1.jpg\" alt=\"\"  srcset=\"https:\/\/oasisfm935.com.ar\/site\/wp-content\/uploads\/2020\/08\/47806202-8741-49f2-a5c9-d2f930e5baa1.jpg 1080w, https:\/\/oasisfm935.com.ar\/site\/wp-content\/uploads\/2020\/08\/47806202-8741-49f2-a5c9-d2f930e5baa1-300x300.jpg 300w, https:\/\/oasisfm935.com.ar\/site\/wp-content\/uploads\/2020\/08\/47806202-8741-49f2-a5c9-d2f930e5baa1-1024x1024.jpg 1024w, https:\/\/oasisfm935.com.ar\/site\/wp-content\/uploads\/2020\/08\/47806202-8741-49f2-a5c9-d2f930e5baa1-150x150.jpg 150w, https:\/\/oasisfm935.com.ar\/site\/wp-content\/uploads\/2020\/08\/47806202-8741-49f2-a5c9-d2f930e5baa1-768x768.jpg 768w\" sizes=\"(max-width: 1080px) 100vw, 1080px\" class=\"no-lazyload\" width=\"1080\" height=\"1080\"  style=\"display: inline-block;\" \/><\/div>","protected":false},"excerpt":{"rendered":"<p>La directora ejecutiva\u00a0de la ANSES,\u00a0Fernanda Raverta, anunci\u00f3 hoy en la delegaci\u00f3n\u00a0N\u00e9stor Kirchner\u00a0Puerto de Mar del Plata el relanzamiento del Programa de\u00a0Cr\u00e9ditos ANSES\u00a0para<\/p>\n","protected":false},"author":4,"featured_media":8559,"comment_status":"closed","ping_status":"open","sticky":false,"template":"","format":"standard","meta":{"colormag_page_layout":"default_layout","footnotes":""},"categories":[2],"tags":[],"class_list":["post-8557","post","type-post","status-publish","format-standard","has-post-thumbnail","hentry","category-noticias"],"_links":{"self":[{"href":"https:\/\/oasisfm935.com.ar\/site\/wp-json\/wp\/v2\/posts\/8557","targetHints":{"allow":["GET"]}}],"collection":[{"href":"https:\/\/oasisfm935.com.ar\/site\/wp-json\/wp\/v2\/posts"}],"about":[{"href":"https:\/\/oasisfm935.com.ar\/site\/wp-json\/wp\/v2\/types\/post"}],"author":[{"embeddable":true,"href":"https:\/\/oasisfm935.com.ar\/site\/wp-json\/wp\/v2\/users\/4"}],"replies":[{"embeddable":true,"href":"https:\/\/oasisfm935.com.ar\/site\/wp-json\/wp\/v2\/comments?post=8557"}],"version-history":[{"count":1,"href":"https:\/\/oasisfm935.com.ar\/site\/wp-json\/wp\/v2\/posts\/8557\/revisions"}],"predecessor-version":[{"id":8560,"href":"https:\/\/oasisfm935.com.ar\/site\/wp-json\/wp\/v2\/posts\/8557\/revisions\/8560"}],"wp:featuredmedia":[{"embeddable":true,"href":"https:\/\/oasisfm935.com.ar\/site\/wp-json\/wp\/v2\/media\/8559"}],"wp:attachment":[{"href":"https:\/\/oasisfm935.com.ar\/site\/wp-json\/wp\/v2\/media?parent=8557"}],"wp:term":[{"taxonomy":"category","embeddable":true,"href":"https:\/\/oasisfm935.com.ar\/site\/wp-json\/wp\/v2\/categories?post=8557"},{"taxonomy":"post_tag","embeddable":true,"href":"https:\/\/oasisfm935.com.ar\/site\/wp-json\/wp\/v2\/tags?post=8557"}],"curies":[{"name":"wp","href":"https:\/\/api.w.org\/{rel}","templated":true}]}}