{"id":8562,"date":"2021-01-04T20:05:57","date_gmt":"2021-01-04T23:05:57","guid":{"rendered":"http:\/\/oasisfm935.com\/site\/?p=8562"},"modified":"2021-01-04T20:05:57","modified_gmt":"2021-01-04T23:05:57","slug":"la-pampa-jubilados-pampeanos-tambien-cobraran-el-bono-de-hasta-15-000-pesos","status":"publish","type":"post","link":"https:\/\/oasisfm935.com.ar\/site\/la-pampa-jubilados-pampeanos-tambien-cobraran-el-bono-de-hasta-15-000-pesos\/","title":{"rendered":"La Pampa: Jubilados pampeanos tambi\u00e9n cobrar\u00e1n el bono de hasta 15.000 pesos"},"content":{"rendered":"<p>El gobernador Sergio Ziliotto dispuso que los jubilados comprendidos en los reg\u00edmenes del Instituto de Seguridad Social de la Provincia perciban el bono de fin de a\u00f1o \u00a0de hasta 15.000 pesos.<\/p>\n<p>La decisi\u00f3n se plasm\u00f3 por decreto con la firma del primer mandatario y la r\u00fabrica de los ministros que conforman el Gabinete Provincial.<\/p>\n<p>Tal como se aplic\u00f3 con el est\u00edmulo a los trabajadores activos, en el caso de los jubilados tambi\u00e9n se estableci\u00f3 un sistema escalonado de montos, que se abonar\u00e1n con la liquidaci\u00f3n complementaria el octavo d\u00eda h\u00e1bil de enero.\u00a0 En el caso de los trabajadores en actividad el monto se depositar\u00e1 el noveno d\u00eda h\u00e1bil de enero.<\/p>\n<p>En este sentido se estableci\u00f3 el pago de $ 15.000 a aquellos cuyos haberes jubilatorios en el mes de octubre hayan sido menores a $ 50.000; percibir\u00e1n $ 12.500 aquellos cuyas jubilaciones de octubre hayan sido iguales o mayores a $ 50.000\u00a0 y menores a $ 70.000; y recibir\u00e1n $ 7.000 aquellos cuyos haberes jubilatorios de octubre hayan sido mayores o iguales a $ 70.000.<\/p>\n<p>La decisi\u00f3n del Gobierno de La Pampa apunta a morigerar los efectos de la inflaci\u00f3n sobre las jubilaciones provinciales, tal como se hizo con los trabajadores activos.<\/p>\n<p>El pago implica un esfuerzo presupuestario, concebido como un instrumento m\u00e1s, para inyectar recursos en la econom\u00eda provincial \u00a0y as\u00ed motorizar los distintos sectores que se han visto afectados por la pandemia.<\/p>\n<div class=\"oasis-despues-del-contenido\" id=\"oasis-1504204778\"><img loading=\"lazy\" decoding=\"async\" src=\"https:\/\/oasisfm935.com.ar\/site\/wp-content\/uploads\/2020\/08\/47806202-8741-49f2-a5c9-d2f930e5baa1.jpg\" alt=\"\"  srcset=\"https:\/\/oasisfm935.com.ar\/site\/wp-content\/uploads\/2020\/08\/47806202-8741-49f2-a5c9-d2f930e5baa1.jpg 1080w, https:\/\/oasisfm935.com.ar\/site\/wp-content\/uploads\/2020\/08\/47806202-8741-49f2-a5c9-d2f930e5baa1-300x300.jpg 300w, https:\/\/oasisfm935.com.ar\/site\/wp-content\/uploads\/2020\/08\/47806202-8741-49f2-a5c9-d2f930e5baa1-1024x1024.jpg 1024w, https:\/\/oasisfm935.com.ar\/site\/wp-content\/uploads\/2020\/08\/47806202-8741-49f2-a5c9-d2f930e5baa1-150x150.jpg 150w, https:\/\/oasisfm935.com.ar\/site\/wp-content\/uploads\/2020\/08\/47806202-8741-49f2-a5c9-d2f930e5baa1-768x768.jpg 768w\" sizes=\"(max-width: 1080px) 100vw, 1080px\" class=\"no-lazyload\" width=\"1080\" height=\"1080\"  style=\"display: inline-block;\" \/><\/div>","protected":false},"excerpt":{"rendered":"<p>El gobernador Sergio Ziliotto dispuso que los jubilados comprendidos en los reg\u00edmenes del Instituto de Seguridad Social de la Provincia perciban el<\/p>\n","protected":false},"author":4,"featured_media":8563,"comment_status":"closed","ping_status":"open","sticky":false,"template":"","format":"standard","meta":{"colormag_page_layout":"default_layout","footnotes":""},"categories":[2],"tags":[],"class_list":["post-8562","post","type-post","status-publish","format-standard","has-post-thumbnail","hentry","category-noticias"],"_links":{"self":[{"href":"https:\/\/oasisfm935.com.ar\/site\/wp-json\/wp\/v2\/posts\/8562","targetHints":{"allow":["GET"]}}],"collection":[{"href":"https:\/\/oasisfm935.com.ar\/site\/wp-json\/wp\/v2\/posts"}],"about":[{"href":"https:\/\/oasisfm935.com.ar\/site\/wp-json\/wp\/v2\/types\/post"}],"author":[{"embeddable":true,"href":"https:\/\/oasisfm935.com.ar\/site\/wp-json\/wp\/v2\/users\/4"}],"replies":[{"embeddable":true,"href":"https:\/\/oasisfm935.com.ar\/site\/wp-json\/wp\/v2\/comments?post=8562"}],"version-history":[{"count":1,"href":"https:\/\/oasisfm935.com.ar\/site\/wp-json\/wp\/v2\/posts\/8562\/revisions"}],"predecessor-version":[{"id":8564,"href":"https:\/\/oasisfm935.com.ar\/site\/wp-json\/wp\/v2\/posts\/8562\/revisions\/8564"}],"wp:featuredmedia":[{"embeddable":true,"href":"https:\/\/oasisfm935.com.ar\/site\/wp-json\/wp\/v2\/media\/8563"}],"wp:attachment":[{"href":"https:\/\/oasisfm935.com.ar\/site\/wp-json\/wp\/v2\/media?parent=8562"}],"wp:term":[{"taxonomy":"category","embeddable":true,"href":"https:\/\/oasisfm935.com.ar\/site\/wp-json\/wp\/v2\/categories?post=8562"},{"taxonomy":"post_tag","embeddable":true,"href":"https:\/\/oasisfm935.com.ar\/site\/wp-json\/wp\/v2\/tags?post=8562"}],"curies":[{"name":"wp","href":"https:\/\/api.w.org\/{rel}","templated":true}]}}