{"id":8569,"date":"2021-01-05T11:50:49","date_gmt":"2021-01-05T14:50:49","guid":{"rendered":"http:\/\/oasisfm935.com\/site\/?p=8569"},"modified":"2021-01-05T13:09:39","modified_gmt":"2021-01-05T16:09:39","slug":"ingeniero-luiggi-entrega-de-creditos-rucalhue-economia-social-y-participacion-comunitaria","status":"publish","type":"post","link":"https:\/\/oasisfm935.com.ar\/site\/ingeniero-luiggi-entrega-de-creditos-rucalhue-economia-social-y-participacion-comunitaria\/","title":{"rendered":"INGENIERO LUIGGI: ENTREGA DE CR\u00c9DITOS RUCALHUE, ECONOM\u00cdA SOCIAL y PARTICIPACI\u00d3N COMUNITARIA."},"content":{"rendered":"<p>En un acto encabezado por el ministro de Desarrollo Social, Diego \u00c1lvarez, se entregaron 18 cr\u00e9ditos, correspondientes a los Programas de Econom\u00eda Social, de Participaci\u00f3n Comunitaria y Rucalhu\u00e9, a vecinos y vecinas de Ingeniero Luiggi.<\/p>\n<p><a href=\"http:\/\/oasisfm935.com\/site\/wp-content\/uploads\/2021\/01\/8406e9dc-0543-419e-9040-a786f3f99248.jpg\"><img loading=\"lazy\" decoding=\"async\" class=\"alignnone size-full wp-image-8571\" src=\"http:\/\/oasisfm935.com\/site\/wp-content\/uploads\/2021\/01\/8406e9dc-0543-419e-9040-a786f3f99248.jpg\" alt=\"\" width=\"1080\" height=\"864\" srcset=\"https:\/\/oasisfm935.com.ar\/site\/wp-content\/uploads\/2021\/01\/8406e9dc-0543-419e-9040-a786f3f99248.jpg 1080w, https:\/\/oasisfm935.com.ar\/site\/wp-content\/uploads\/2021\/01\/8406e9dc-0543-419e-9040-a786f3f99248-300x240.jpg 300w, https:\/\/oasisfm935.com.ar\/site\/wp-content\/uploads\/2021\/01\/8406e9dc-0543-419e-9040-a786f3f99248-1024x819.jpg 1024w, https:\/\/oasisfm935.com.ar\/site\/wp-content\/uploads\/2021\/01\/8406e9dc-0543-419e-9040-a786f3f99248-768x614.jpg 768w\" sizes=\"auto, (max-width: 1080px) 100vw, 1080px\" \/><\/a><\/p>\n<p>Fueron 5 cr\u00e9ditos Rucalhu\u00e9 para mejoramiento habitacional; y los restantes 13 beneficiaron a emprendedores locales, enmarcados en la Ley de Descentralizaci\u00f3n, por un monto total de 750 mil pesos ($530.000 de Econom\u00eda Social). El cr\u00e9dito de Participaci\u00f3n Comunitaria fue por casi 225 mil pesos, para crear acciones y concientizar sobre la importancia de adoptar h\u00e1bitos saludables, para la conservaci\u00f3n del medio ambiente.<\/p>\n<p><a href=\"http:\/\/oasisfm935.com\/site\/wp-content\/uploads\/2021\/01\/5aea78a6-1285-4150-a7e2-07a7f619b271.jpg\"><img loading=\"lazy\" decoding=\"async\" class=\"alignnone size-full wp-image-8572\" src=\"http:\/\/oasisfm935.com\/site\/wp-content\/uploads\/2021\/01\/5aea78a6-1285-4150-a7e2-07a7f619b271.jpg\" alt=\"\" width=\"1080\" height=\"864\" srcset=\"https:\/\/oasisfm935.com.ar\/site\/wp-content\/uploads\/2021\/01\/5aea78a6-1285-4150-a7e2-07a7f619b271.jpg 1080w, https:\/\/oasisfm935.com.ar\/site\/wp-content\/uploads\/2021\/01\/5aea78a6-1285-4150-a7e2-07a7f619b271-300x240.jpg 300w, https:\/\/oasisfm935.com.ar\/site\/wp-content\/uploads\/2021\/01\/5aea78a6-1285-4150-a7e2-07a7f619b271-1024x819.jpg 1024w, https:\/\/oasisfm935.com.ar\/site\/wp-content\/uploads\/2021\/01\/5aea78a6-1285-4150-a7e2-07a7f619b271-768x614.jpg 768w\" sizes=\"auto, (max-width: 1080px) 100vw, 1080px\" \/><\/a><\/p>\n<p>Participaron del acto, adem\u00e1s, la subsecretaria de Econom\u00eda Social, Yolanda Carrizo, la subsecretaria de Pol\u00edtica Social, Graciela Salvini, el director de Promoci\u00f3n Social, Javier Weiz, y el subdirector de Econom\u00eda Social, Rodrigo Giraudo, quienes fueron recibidos por la intendenta local, Patricia Lav\u00edn.<\/p>\n<p>\u201cQuiero agradecer a los empleados municipales de Luiggi, a los del resto de la provincia, tambi\u00e9n a todos los empleados y empleadas provinciales porque pese a todas las restricciones, aislamientos que hemos tenido, pudimos cumplir con la ejecuci\u00f3n de todos los programas que tiene el Ministerio de Desarrollo Social\u201d, expres\u00f3 el ministro.<\/p>\n<p>En Econom\u00eda Social se entregaron -durante todo el 2020- cr\u00e9ditos por casi 35 millones de pesos, llegando a 820 beneficiarios en toda La Pampa. Recordando la importancia de la Ley de Descentralizaci\u00f3n, plasmada durante la primera gesti\u00f3n de gobierno de Carlos Verna, y donde el actual gobernador Sergio Ziliotto, era ministro de Desarrollo Social, Diego \u00c1lvarez dijo: \u201cla mejor manera de dar respuesta a la gente era tomar la decisiones lo m\u00e1s cerca posible y quienes est\u00e1n m\u00e1s cerca son los intendentes e intendentas, que palpan la realidad de la gente, y nosotros desde Provincia acompa\u00f1amos con recursos en esta descentralizaci\u00f3n de responsabilidades para que esto sea efectivo y poder as\u00ed transformar la realidad de cada uno de los vecinos y vecinas\u201d.<\/p>\n<p><a href=\"http:\/\/oasisfm935.com\/site\/wp-content\/uploads\/2021\/01\/136071844_3694971963919609_9057082608748961620_n.jpg\"><img loading=\"lazy\" decoding=\"async\" class=\"alignnone size-full wp-image-8573\" src=\"http:\/\/oasisfm935.com\/site\/wp-content\/uploads\/2021\/01\/136071844_3694971963919609_9057082608748961620_n.jpg\" alt=\"\" width=\"960\" height=\"768\" srcset=\"https:\/\/oasisfm935.com.ar\/site\/wp-content\/uploads\/2021\/01\/136071844_3694971963919609_9057082608748961620_n.jpg 960w, https:\/\/oasisfm935.com.ar\/site\/wp-content\/uploads\/2021\/01\/136071844_3694971963919609_9057082608748961620_n-300x240.jpg 300w, https:\/\/oasisfm935.com.ar\/site\/wp-content\/uploads\/2021\/01\/136071844_3694971963919609_9057082608748961620_n-768x614.jpg 768w\" sizes=\"auto, (max-width: 960px) 100vw, 960px\" \/><\/a><\/p>\n<p>La inyecci\u00f3n econ\u00f3mica a la comunidad a partir de los cr\u00e9ditos permite, adem\u00e1s, iniciar un sue\u00f1o, generar trabajo, consider\u00f3 el ministro de Desarrollo Social, quien agreg\u00f3 que los Rucalhu\u00e9 mejorar\u00e1n las condiciones de vida \u201cpese a que hemos estado casi 5 a\u00f1os sin construcci\u00f3n de viviendas producto del gobierno nacional anterior, y nuestro gobernador Sergio Ziliotto plante\u00f3 la ejecuci\u00f3n de 1.000 viviendas para toda la provincia y esperemos se acompa\u00f1e con una decisi\u00f3n pol\u00edtica y econ\u00f3mica del Gobierno nacional que se materialice tambi\u00e9n en esta construcci\u00f3n que va a ser no solo la posibilidad de un techo digno sino tambi\u00e9n generadora de trabajo\u201d, conluy\u00f3.<\/p>\n<p><a href=\"http:\/\/oasisfm935.com\/site\/wp-content\/uploads\/2021\/01\/134919087_3694971483919657_6610036788269330882_n.jpg\"><img loading=\"lazy\" decoding=\"async\" class=\"alignnone size-full wp-image-8574\" src=\"http:\/\/oasisfm935.com\/site\/wp-content\/uploads\/2021\/01\/134919087_3694971483919657_6610036788269330882_n.jpg\" alt=\"\" width=\"960\" height=\"768\" srcset=\"https:\/\/oasisfm935.com.ar\/site\/wp-content\/uploads\/2021\/01\/134919087_3694971483919657_6610036788269330882_n.jpg 960w, https:\/\/oasisfm935.com.ar\/site\/wp-content\/uploads\/2021\/01\/134919087_3694971483919657_6610036788269330882_n-300x240.jpg 300w, https:\/\/oasisfm935.com.ar\/site\/wp-content\/uploads\/2021\/01\/134919087_3694971483919657_6610036788269330882_n-768x614.jpg 768w\" sizes=\"auto, (max-width: 960px) 100vw, 960px\" \/><\/a><\/p>\n<div class=\"oasis-despues-del-contenido\" id=\"oasis-280482962\"><img loading=\"lazy\" decoding=\"async\" src=\"https:\/\/oasisfm935.com.ar\/site\/wp-content\/uploads\/2020\/08\/47806202-8741-49f2-a5c9-d2f930e5baa1.jpg\" alt=\"\"  srcset=\"https:\/\/oasisfm935.com.ar\/site\/wp-content\/uploads\/2020\/08\/47806202-8741-49f2-a5c9-d2f930e5baa1.jpg 1080w, https:\/\/oasisfm935.com.ar\/site\/wp-content\/uploads\/2020\/08\/47806202-8741-49f2-a5c9-d2f930e5baa1-300x300.jpg 300w, https:\/\/oasisfm935.com.ar\/site\/wp-content\/uploads\/2020\/08\/47806202-8741-49f2-a5c9-d2f930e5baa1-1024x1024.jpg 1024w, https:\/\/oasisfm935.com.ar\/site\/wp-content\/uploads\/2020\/08\/47806202-8741-49f2-a5c9-d2f930e5baa1-150x150.jpg 150w, https:\/\/oasisfm935.com.ar\/site\/wp-content\/uploads\/2020\/08\/47806202-8741-49f2-a5c9-d2f930e5baa1-768x768.jpg 768w\" sizes=\"(max-width: 1080px) 100vw, 1080px\" class=\"no-lazyload\" width=\"1080\" height=\"1080\"  style=\"display: inline-block;\" \/><\/div>","protected":false},"excerpt":{"rendered":"<p>En un acto encabezado por el ministro de Desarrollo Social, Diego \u00c1lvarez, se entregaron 18 cr\u00e9ditos, correspondientes a los Programas de Econom\u00eda<\/p>\n","protected":false},"author":4,"featured_media":8570,"comment_status":"closed","ping_status":"open","sticky":false,"template":"","format":"standard","meta":{"colormag_page_layout":"default_layout","footnotes":""},"categories":[2],"tags":[],"class_list":["post-8569","post","type-post","status-publish","format-standard","has-post-thumbnail","hentry","category-noticias"],"_links":{"self":[{"href":"https:\/\/oasisfm935.com.ar\/site\/wp-json\/wp\/v2\/posts\/8569","targetHints":{"allow":["GET"]}}],"collection":[{"href":"https:\/\/oasisfm935.com.ar\/site\/wp-json\/wp\/v2\/posts"}],"about":[{"href":"https:\/\/oasisfm935.com.ar\/site\/wp-json\/wp\/v2\/types\/post"}],"author":[{"embeddable":true,"href":"https:\/\/oasisfm935.com.ar\/site\/wp-json\/wp\/v2\/users\/4"}],"replies":[{"embeddable":true,"href":"https:\/\/oasisfm935.com.ar\/site\/wp-json\/wp\/v2\/comments?post=8569"}],"version-history":[{"count":3,"href":"https:\/\/oasisfm935.com.ar\/site\/wp-json\/wp\/v2\/posts\/8569\/revisions"}],"predecessor-version":[{"id":8577,"href":"https:\/\/oasisfm935.com.ar\/site\/wp-json\/wp\/v2\/posts\/8569\/revisions\/8577"}],"wp:featuredmedia":[{"embeddable":true,"href":"https:\/\/oasisfm935.com.ar\/site\/wp-json\/wp\/v2\/media\/8570"}],"wp:attachment":[{"href":"https:\/\/oasisfm935.com.ar\/site\/wp-json\/wp\/v2\/media?parent=8569"}],"wp:term":[{"taxonomy":"category","embeddable":true,"href":"https:\/\/oasisfm935.com.ar\/site\/wp-json\/wp\/v2\/categories?post=8569"},{"taxonomy":"post_tag","embeddable":true,"href":"https:\/\/oasisfm935.com.ar\/site\/wp-json\/wp\/v2\/tags?post=8569"}],"curies":[{"name":"wp","href":"https:\/\/api.w.org\/{rel}","templated":true}]}}