{"id":857,"date":"2019-03-01T08:25:42","date_gmt":"2019-03-01T11:25:42","guid":{"rendered":"http:\/\/oasisfm935.com\/site\/?p=857"},"modified":"2019-03-01T08:25:42","modified_gmt":"2019-03-01T11:25:42","slug":"macri-inaugura-el-137-periodo-de-sesiones-ordinarias-del-congreso","status":"publish","type":"post","link":"https:\/\/oasisfm935.com.ar\/site\/macri-inaugura-el-137-periodo-de-sesiones-ordinarias-del-congreso\/","title":{"rendered":"MACRI INAUGURA EL 137\u00b0 PER\u00cdODO DE SESIONES ORDINARIAS DEL CONGRESO"},"content":{"rendered":"<p>En el cuarto y \u00faltimo discurso de su gesti\u00f3n, se espera que el Presidente incluya en su mensaje a senadores y diputados propuestas en materia de seguridad, como la de nuevo r\u00e9gimen penal juvenil y un pedido para retomar el debate de la ley antibarrabravas.<\/p>\n<p>El presidente Mauricio Macri inaugurar\u00e1 hoy el 137\u00b0 per\u00edodo de sesiones ordinarias del Congreso con un discurso de balance de su gesti\u00f3n, en el que se prev\u00e9 el anuncio de medidas para fomentar la producci\u00f3n, frente a un a\u00f1o electoral en el que buscar\u00e1 renovar su mandato.<\/p>\n<p>En el cuarto y \u00faltimo discurso de su gesti\u00f3n ante el Congreso, se espera que el Presidente incluya en su mensaje a senadores y diputados propuestas en materia de seguridad, como la de nuevo r\u00e9gimen penal juvenil y un pedido para retomar el debate de la ley antibarrabravas.<\/p>\n<p>Tambi\u00e9n se prev\u00e9 que insista con temas que considera prioritarios o que quedaron pendientes, como la reforma de ley de financiamiento de los partidos pol\u00edticos.<\/p>\n<p>Los ejes del discurso a la Asamblea Legislativa ser\u00e1n analizados esta tarde, en la reuni\u00f3n que Macri mantendr\u00e1 con miembros de los bloques parlamentarios de Cambiemos en la residencia de Olivos, ocasi\u00f3n en la que el jefe del Estado les indicar\u00e1 las prioridades de la agenda legislativa del a\u00f1o, indicaron fuentes oficiales.<\/p>\n<p>La Asamblea Legislativa ser\u00e1 abierta a las 10 por la vicepresidenta Gabriela Michetti y para una hora despu\u00e9s est\u00e1 prevista la llegada de Macri para pronunciar su discurso inaugural del nuevo per\u00edodo de sesiones ordinarias.<\/p>\n<p>Como en a\u00f1os anteriores, se prev\u00e9 un mensaje de no m\u00e1s de una hora en el que Macri trazar\u00e1 un balance de su gesti\u00f3n al frente del Ejecutivo, en momentos en que los partidos pol\u00edticos se preparan para el calendario de campa\u00f1as para las elecciones generales de octubre pr\u00f3ximo, en las que el jefe del Estado optar\u00e1 a renovar su mandato.<\/p>\n<p>Fuentes de la coalici\u00f3n oficialista Cambiemos afirmaron a la agencia T\u00e9lam que Macri anunciar\u00e1 medidas vinculadas al fomento de la producci\u00f3n y la reactivaci\u00f3n econ\u00f3mica y repasar\u00e1 logros de su gobierno, como la inserci\u00f3n de Argentina en el mundo, denotada por la reuni\u00f3n del G20 en Buenos Aires, en diciembre pasado.<\/p>\n<p>Tambi\u00e9n podr\u00eda hacer menciones de temas pendientes que quedaron a medio camino en la discusi\u00f3n en el Congreso, como la ley de licencias de paternidad, apuntaron.<\/p>\n<p>En materia de seguridad, una de las cuestiones centrales, seg\u00fan los voceros consultados, ser\u00e1 el nuevo R\u00e9gimen Penal Juvenil, que baja la edad de imputabilidad de 16 a 15 a\u00f1os para delitos graves, y propone un abordaje interdisciplinario para lograr la inserci\u00f3n del menor en la sociedad.<\/p>\n<p>Adem\u00e1s pedir\u00e1 al Congreso que avance con la sanci\u00f3n del proyecto para imponer sanciones a los barrabravas que cometan actos delictivos en los estadios de f\u00fatbol, que estuvo a punto de ser aprobado en diciembre, cuando el debate se posterg\u00f3 hasta los primeros d\u00edas de marzo, agregaron las fuentes.<\/p>\n<p>En cambio, las mismas fuentes consideraron \u201cpoco probable\u201d que este a\u00f1o el Gobierno promueva el debate de la reforma del C\u00f3digo Penal, para evitar que se vuelva a instalar la discusi\u00f3n sobre el aborto y ello predomine sobre otros puntos importantes.<\/p>\n<p>Desde las primeras horas del viernes, regir\u00e1 un estricto operativo de seguridad en las inmediaciones del Congreso para permitir la llegada del Presidente y de su gabinete para un acto que tendr\u00e1, como todos los a\u00f1os, invitados especiales, ex presidentes, gobernadores y miembros de la Corte Suprema de Justicia.<\/p>\n<div class=\"oasis-despues-del-contenido\" id=\"oasis-419170722\"><img loading=\"lazy\" decoding=\"async\" src=\"https:\/\/oasisfm935.com.ar\/site\/wp-content\/uploads\/2020\/08\/47806202-8741-49f2-a5c9-d2f930e5baa1.jpg\" alt=\"\"  srcset=\"https:\/\/oasisfm935.com.ar\/site\/wp-content\/uploads\/2020\/08\/47806202-8741-49f2-a5c9-d2f930e5baa1.jpg 1080w, https:\/\/oasisfm935.com.ar\/site\/wp-content\/uploads\/2020\/08\/47806202-8741-49f2-a5c9-d2f930e5baa1-300x300.jpg 300w, https:\/\/oasisfm935.com.ar\/site\/wp-content\/uploads\/2020\/08\/47806202-8741-49f2-a5c9-d2f930e5baa1-1024x1024.jpg 1024w, https:\/\/oasisfm935.com.ar\/site\/wp-content\/uploads\/2020\/08\/47806202-8741-49f2-a5c9-d2f930e5baa1-150x150.jpg 150w, https:\/\/oasisfm935.com.ar\/site\/wp-content\/uploads\/2020\/08\/47806202-8741-49f2-a5c9-d2f930e5baa1-768x768.jpg 768w\" sizes=\"(max-width: 1080px) 100vw, 1080px\" class=\"no-lazyload\" width=\"1080\" height=\"1080\"  style=\"display: inline-block;\" \/><\/div>","protected":false},"excerpt":{"rendered":"<p>En el cuarto y \u00faltimo discurso de su gesti\u00f3n, se espera que el Presidente incluya en su mensaje a senadores y diputados<\/p>\n","protected":false},"author":4,"featured_media":858,"comment_status":"closed","ping_status":"open","sticky":false,"template":"","format":"standard","meta":{"colormag_page_layout":"default_layout","footnotes":""},"categories":[2],"tags":[],"class_list":["post-857","post","type-post","status-publish","format-standard","has-post-thumbnail","hentry","category-noticias"],"_links":{"self":[{"href":"https:\/\/oasisfm935.com.ar\/site\/wp-json\/wp\/v2\/posts\/857","targetHints":{"allow":["GET"]}}],"collection":[{"href":"https:\/\/oasisfm935.com.ar\/site\/wp-json\/wp\/v2\/posts"}],"about":[{"href":"https:\/\/oasisfm935.com.ar\/site\/wp-json\/wp\/v2\/types\/post"}],"author":[{"embeddable":true,"href":"https:\/\/oasisfm935.com.ar\/site\/wp-json\/wp\/v2\/users\/4"}],"replies":[{"embeddable":true,"href":"https:\/\/oasisfm935.com.ar\/site\/wp-json\/wp\/v2\/comments?post=857"}],"version-history":[{"count":1,"href":"https:\/\/oasisfm935.com.ar\/site\/wp-json\/wp\/v2\/posts\/857\/revisions"}],"predecessor-version":[{"id":859,"href":"https:\/\/oasisfm935.com.ar\/site\/wp-json\/wp\/v2\/posts\/857\/revisions\/859"}],"wp:featuredmedia":[{"embeddable":true,"href":"https:\/\/oasisfm935.com.ar\/site\/wp-json\/wp\/v2\/media\/858"}],"wp:attachment":[{"href":"https:\/\/oasisfm935.com.ar\/site\/wp-json\/wp\/v2\/media?parent=857"}],"wp:term":[{"taxonomy":"category","embeddable":true,"href":"https:\/\/oasisfm935.com.ar\/site\/wp-json\/wp\/v2\/categories?post=857"},{"taxonomy":"post_tag","embeddable":true,"href":"https:\/\/oasisfm935.com.ar\/site\/wp-json\/wp\/v2\/tags?post=857"}],"curies":[{"name":"wp","href":"https:\/\/api.w.org\/{rel}","templated":true}]}}