{"id":8588,"date":"2021-01-06T14:34:40","date_gmt":"2021-01-06T17:34:40","guid":{"rendered":"http:\/\/oasisfm935.com\/site\/?p=8588"},"modified":"2021-01-06T14:34:40","modified_gmt":"2021-01-06T17:34:40","slug":"coronavirus-en-la-argentina-alberto-fernandez-les-propuso-a-los-gobernadores-restringir-la-circulacion-entre-las-23-y-las-6","status":"publish","type":"post","link":"https:\/\/oasisfm935.com.ar\/site\/coronavirus-en-la-argentina-alberto-fernandez-les-propuso-a-los-gobernadores-restringir-la-circulacion-entre-las-23-y-las-6\/","title":{"rendered":"Coronavirus en la Argentina | Alberto Fern\u00e1ndez les propuso a los gobernadores restringir la circulaci\u00f3n entre las 23 y las 6"},"content":{"rendered":"<p>En alerta por el rebrote de coronavirus, el presidente\u00a0<b>Alberto Fern\u00e1ndez<\/b>\u00a0mantuvo este mi\u00e9rcoles un encuentro virtual con gobernadores a los que<b>\u00a0les propuso restringir la circulaci\u00f3n de personas entre las 23 y las 6 en todo el pa\u00eds.<\/b>\u00a0Se trata de una medida que busca evitar las fiestas clandestinas y las aglomeraciones en bares.<\/p>\n<p class=\"paragraph\">La situaci\u00f3n se agrav\u00f3 en las \u00faltimas semanas, tras el inicio de la temporada de verano, que dej\u00f3 expuesta la\u00a0<b>falta de cuidados <\/b><b>sanitarias<\/b>\u00a0por parte de los j\u00f3venes en playas y locales nocturnos.<\/p>\n<p>En este contexto, el Presidente plante\u00f3 la posibilidad de implementar una especie de\u00a0<b>\u201ctoque de queda nocturno\u201d<\/b>, que quedar\u00e1 a criterio de cada gobernador. Es que la situaci\u00f3n sanitaria no es igual en todo el pa\u00eds y algunas provincias podr\u00edan negarse a implementar la medida. Se trata de una iniciativa que representar\u00eda un nuevo golpe econ\u00f3mico para el turismo, los sectores gastron\u00f3micos y el teatro.<\/p>\n<p>Participan del encuentro virtual el jefe de Gobierno de la Ciudad de Buenos Aires, Horacio Rodr\u00edguez Larreta; y los gobernadores de Buenos Aires, Axel Kicillof; Catamarca, Ra\u00fal Jalil; Chaco, Jorge Capitanich; C\u00f3rdoba, Juan Schiaretti; Corrientes, Gustavo Vald\u00e9s; Entre R\u00edos, Gustavo Bordet; y Formosa, Gildo Insfr\u00e1n.<\/p>\n<p>Tambi\u00e9n se encuentran presentes los mandatarios provinciales de Jujuy, Gerardo Morales; La Pampa, Sergio Ziliotto; La Rioja, Ricardo Quintela; Mendoza, Rodolfo Su\u00e1rez; Misiones, Oscar Herrera Ahuad; Neuqu\u00e9n, Omar Guti\u00e9rrez; R\u00edo Negro, Arabela Carreras; Salta, Gustavo S\u00e1enz; y San Luis, Alberto Rodr\u00edguez Sa\u00e1.<\/p>\n<p>Forman parte adem\u00e1s de la reuni\u00f3n los gobernadores de Santa Fe, Omar Perotti; Santiago del Estero, Gerardo Zamora; y Tucum\u00e1n, Juan Manzur; adem\u00e1s de los vicegobernadores de Chubut, Ricardo Sastre; San Juan, Roberto Gattoni; Santa Cruz, Eugenio Quiroga; y Tierra del Fuego, M\u00f3nica Urquiza.<\/p>\n<div class=\"teads-inread xs-screen\">\n<div>\n<div class=\"teads-ui-components-adchoices\"><\/div>\n<\/div>\n<\/div>\n<div class=\"oasis-despues-del-contenido\" id=\"oasis-292310036\"><img loading=\"lazy\" decoding=\"async\" src=\"https:\/\/oasisfm935.com.ar\/site\/wp-content\/uploads\/2020\/08\/47806202-8741-49f2-a5c9-d2f930e5baa1.jpg\" alt=\"\"  srcset=\"https:\/\/oasisfm935.com.ar\/site\/wp-content\/uploads\/2020\/08\/47806202-8741-49f2-a5c9-d2f930e5baa1.jpg 1080w, https:\/\/oasisfm935.com.ar\/site\/wp-content\/uploads\/2020\/08\/47806202-8741-49f2-a5c9-d2f930e5baa1-300x300.jpg 300w, https:\/\/oasisfm935.com.ar\/site\/wp-content\/uploads\/2020\/08\/47806202-8741-49f2-a5c9-d2f930e5baa1-1024x1024.jpg 1024w, https:\/\/oasisfm935.com.ar\/site\/wp-content\/uploads\/2020\/08\/47806202-8741-49f2-a5c9-d2f930e5baa1-150x150.jpg 150w, https:\/\/oasisfm935.com.ar\/site\/wp-content\/uploads\/2020\/08\/47806202-8741-49f2-a5c9-d2f930e5baa1-768x768.jpg 768w\" sizes=\"(max-width: 1080px) 100vw, 1080px\" class=\"no-lazyload\" width=\"1080\" height=\"1080\"  style=\"display: inline-block;\" \/><\/div>","protected":false},"excerpt":{"rendered":"<p>En alerta por el rebrote de coronavirus, el presidente\u00a0Alberto Fern\u00e1ndez\u00a0mantuvo este mi\u00e9rcoles un encuentro virtual con gobernadores a los que\u00a0les propuso restringir<\/p>\n","protected":false},"author":4,"featured_media":8589,"comment_status":"closed","ping_status":"open","sticky":false,"template":"","format":"standard","meta":{"colormag_page_layout":"default_layout","footnotes":""},"categories":[2],"tags":[],"class_list":["post-8588","post","type-post","status-publish","format-standard","has-post-thumbnail","hentry","category-noticias"],"_links":{"self":[{"href":"https:\/\/oasisfm935.com.ar\/site\/wp-json\/wp\/v2\/posts\/8588","targetHints":{"allow":["GET"]}}],"collection":[{"href":"https:\/\/oasisfm935.com.ar\/site\/wp-json\/wp\/v2\/posts"}],"about":[{"href":"https:\/\/oasisfm935.com.ar\/site\/wp-json\/wp\/v2\/types\/post"}],"author":[{"embeddable":true,"href":"https:\/\/oasisfm935.com.ar\/site\/wp-json\/wp\/v2\/users\/4"}],"replies":[{"embeddable":true,"href":"https:\/\/oasisfm935.com.ar\/site\/wp-json\/wp\/v2\/comments?post=8588"}],"version-history":[{"count":1,"href":"https:\/\/oasisfm935.com.ar\/site\/wp-json\/wp\/v2\/posts\/8588\/revisions"}],"predecessor-version":[{"id":8590,"href":"https:\/\/oasisfm935.com.ar\/site\/wp-json\/wp\/v2\/posts\/8588\/revisions\/8590"}],"wp:featuredmedia":[{"embeddable":true,"href":"https:\/\/oasisfm935.com.ar\/site\/wp-json\/wp\/v2\/media\/8589"}],"wp:attachment":[{"href":"https:\/\/oasisfm935.com.ar\/site\/wp-json\/wp\/v2\/media?parent=8588"}],"wp:term":[{"taxonomy":"category","embeddable":true,"href":"https:\/\/oasisfm935.com.ar\/site\/wp-json\/wp\/v2\/categories?post=8588"},{"taxonomy":"post_tag","embeddable":true,"href":"https:\/\/oasisfm935.com.ar\/site\/wp-json\/wp\/v2\/tags?post=8588"}],"curies":[{"name":"wp","href":"https:\/\/api.w.org\/{rel}","templated":true}]}}