{"id":8592,"date":"2021-01-07T17:56:48","date_gmt":"2021-01-07T20:56:48","guid":{"rendered":"http:\/\/oasisfm935.com\/site\/?p=8592"},"modified":"2021-01-07T17:56:48","modified_gmt":"2021-01-07T20:56:48","slug":"sergio-ziliotto-confirmo-que-no-modificara-los-horarios-de-prohibicion-de-la-circulacion","status":"publish","type":"post","link":"https:\/\/oasisfm935.com.ar\/site\/sergio-ziliotto-confirmo-que-no-modificara-los-horarios-de-prohibicion-de-la-circulacion\/","title":{"rendered":"Sergio Ziliotto confirm\u00f3 que no modificar\u00e1 los horarios de prohibici\u00f3n de la circulaci\u00f3n."},"content":{"rendered":"<p><strong>Las ocupaci\u00f3n de camas se duplic\u00f3 en 20 d\u00edas. El gobernador Sergio Ziliotto confirm\u00f3 en di\u00e1logo con El Diario que La Pampa no modificar\u00e1 los horarios de prohibici\u00f3n de la circulaci\u00f3n<\/strong>. Ya se vacunaron en la provincia 1.163 personas.<\/p>\n<p><strong>\u00abEl sistema no est\u00e1 colapsado, pero hay que ser previsores. No podemos esperar a que reviente todo\u00bb.<\/strong>\u00a0El gobernador\u00a0<strong>Sergio Ziliotto<\/strong>\u00a0dio un fuerte respaldo a las pol\u00edticas nacionales en el marco del rebrote de los casos de coronavirus y no dud\u00f3 en que\u00a0<strong>los encuentros sociales ilegales son los que multiplican los contagios<\/strong>\u00a0y las muertes.<\/p>\n<p>El jefe del Ejecutivo provincial\u00a0<strong>confirm\u00f3 en di\u00e1logo con El Diario que ya se vacunaron en la provincia 1.163 personas<\/strong>, seg\u00fan el reporte de este jueves por la ma\u00f1ana.<\/p>\n<p>Tambi\u00e9n aclar\u00f3 que\u00a0<strong>la normativa nacional respecto de los horarios de circulaci\u00f3n no modificar\u00e1 la realidad pampeana<\/strong>: ese rango se mantendr\u00e1 en la provincia, ya que cada jurisdicci\u00f3n adaptar\u00e1 lo dispuesto por el decreto presidencial a la realidad de su regi\u00f3n.\u00a0<strong>En La Pampa la circulaci\u00f3n se prohibe de 1 a 6.30 de la ma\u00f1ana<\/strong>\u00a0(con excepci\u00f3n de quienes cumplen tareas esenciales).<\/p>\n<p><strong>Aglomeraci\u00f3n + circulaci\u00f3n = contagio<\/strong><\/p>\n<p>Ziliotto agradeci\u00f3 el respaldo de las intendencias mediante una solicitada y dijo que es el mismo que tiene Alberto Fern\u00e1ndez de parte de las gobernaciones. Consultado por las pretensiones de un sector macrista de hacer un \u00abprotocolo\u00bb para las fiestas clandestinas, el gobernador no dud\u00f3: \u00abaglomeraci\u00f3n m\u00e1s circulaci\u00f3n es contagio en los encuentros sociales que no tienen control del Estado o de empresarios responsables\u00bb.<\/p>\n<p>Adem\u00e1s, descart\u00f3 volver atr\u00e1s con algunas medidas o imponer restricciones al ingreso o a la salida de la provincia.<\/p>\n<p><strong>-\u00bfQu\u00e9 evaluaci\u00f3n hace del encuentro con el presidente y los anuncios de estas nuevas medidas restrictivas? -pregunt\u00f3 El Diario.<\/strong><\/p>\n<p>&#8211; Hay una preocupaci\u00f3n generalizada por parte de los gobernadores y una coincidencia en la necesidad de fijar nuevas normas para poner en marcha. Es el mismo esquema que se ha venido manejando, en que las decisiones se toman en conjunto. En todos lados hay un rebrote, o una segunda ola, o como se lo quiera llamar. Es el reflejo de lo que empez\u00f3 hace unos 14 d\u00edas, con las fiestas de fin de a\u00f1o, no solo Nochebuena, sino otros encuentros, despedidas, etc\u00e9tera. Hay m\u00e1s circulaci\u00f3n y hay m\u00e1s movilidad. En nuestro caso, el efecto de la Nochebuena o el Fin de A\u00f1o lo vamos a conocer en las pr\u00f3ximas horas (con el reporte de casos de estos d\u00edas).<\/p>\n<p><strong>-\u00bfEsto aumenta el riesgo de un colapso del sistema sanitario?<\/strong><\/p>\n<p>-El sistema no est\u00e1 colapsado pero hay que ser previsores. No podemos esperar a que reviente todo. Veamos la realidad en La Pampa, por ejemplo: en 20 d\u00edas se duplic\u00f3 la cantidad de ocupaci\u00f3n de camas.<\/p>\n<p><strong>-\u00bfLa franja horaria que se anuncia como prohibida para la circulaci\u00f3n a nivel nacional obligar\u00e1 a otro cambio en La Pampa?<\/strong><\/p>\n<p>-Ac\u00e1 sigue lo que ya est\u00e1, porque es parte de una pel\u00edcula, no hay un cambio. Hay una adaptaci\u00f3n de la franja horaria seg\u00fan las provincias. No es la misma realidad en la zona tur\u00edstica de la Costa Atl\u00e1ntica, donde hay muchas aglomeraciones, que en zonas de monta\u00f1a que tiene una realidad diferente. Las bandas horarias se adaptan.<\/p>\n<p><strong>-\u00bfEl proceso de vacunaci\u00f3n en la provincia viene de acuerdo a lo planeado?<\/strong><\/p>\n<p>-S\u00ed. El informe a las 7 de la ma\u00f1ana de este jueves indic\u00f3 que se vacunaron ya 1.163 personas. Hay cerca de 25 mil personas anotadas para recibirla.<\/p>\n<p><strong>-Las intendencias salieron a respaldar las medidas en la provincia en la misma semana en que un diputado del PRO pidi\u00f3 un protocolo especial para las fiestas clandestinas. \u00bfQu\u00e9 opina?<\/strong><\/p>\n<p>-El mismo apoyo que hemos tenido de los intendentes es el que los gobernadores estamos d\u00e1ndole al gobierno nacional. No hay dudas de por d\u00f3nde pasa el contagio y de cu\u00e1les son las medidas que se pueden tomar. Hay que decirlo muy claramente: aglomeraci\u00f3n m\u00e1s circulaci\u00f3n, es contagio. Eso se produce fundamentalmente cuando no hay controles del Estado de empresarios responsables. No es un dicho m\u00edo, ni un antojo, ni una ocurrencia: lo que est\u00e1 pasando en todos lados es que los contagios ocurren en los encuentros sociales. Por suerte hay una vacuna en el horizonte, pero mientras tanto hay que frenar eso.<\/p>\n<div class=\"oasis-despues-del-contenido\" id=\"oasis-1921011118\"><img loading=\"lazy\" decoding=\"async\" src=\"https:\/\/oasisfm935.com.ar\/site\/wp-content\/uploads\/2020\/08\/47806202-8741-49f2-a5c9-d2f930e5baa1.jpg\" alt=\"\"  srcset=\"https:\/\/oasisfm935.com.ar\/site\/wp-content\/uploads\/2020\/08\/47806202-8741-49f2-a5c9-d2f930e5baa1.jpg 1080w, https:\/\/oasisfm935.com.ar\/site\/wp-content\/uploads\/2020\/08\/47806202-8741-49f2-a5c9-d2f930e5baa1-300x300.jpg 300w, https:\/\/oasisfm935.com.ar\/site\/wp-content\/uploads\/2020\/08\/47806202-8741-49f2-a5c9-d2f930e5baa1-1024x1024.jpg 1024w, https:\/\/oasisfm935.com.ar\/site\/wp-content\/uploads\/2020\/08\/47806202-8741-49f2-a5c9-d2f930e5baa1-150x150.jpg 150w, https:\/\/oasisfm935.com.ar\/site\/wp-content\/uploads\/2020\/08\/47806202-8741-49f2-a5c9-d2f930e5baa1-768x768.jpg 768w\" sizes=\"(max-width: 1080px) 100vw, 1080px\" class=\"no-lazyload\" width=\"1080\" height=\"1080\"  style=\"display: inline-block;\" \/><\/div>","protected":false},"excerpt":{"rendered":"<p>Las ocupaci\u00f3n de camas se duplic\u00f3 en 20 d\u00edas. El gobernador Sergio Ziliotto confirm\u00f3 en di\u00e1logo con El Diario que La Pampa<\/p>\n","protected":false},"author":4,"featured_media":8427,"comment_status":"closed","ping_status":"open","sticky":false,"template":"","format":"standard","meta":{"colormag_page_layout":"default_layout","footnotes":""},"categories":[2],"tags":[],"class_list":["post-8592","post","type-post","status-publish","format-standard","has-post-thumbnail","hentry","category-noticias"],"_links":{"self":[{"href":"https:\/\/oasisfm935.com.ar\/site\/wp-json\/wp\/v2\/posts\/8592","targetHints":{"allow":["GET"]}}],"collection":[{"href":"https:\/\/oasisfm935.com.ar\/site\/wp-json\/wp\/v2\/posts"}],"about":[{"href":"https:\/\/oasisfm935.com.ar\/site\/wp-json\/wp\/v2\/types\/post"}],"author":[{"embeddable":true,"href":"https:\/\/oasisfm935.com.ar\/site\/wp-json\/wp\/v2\/users\/4"}],"replies":[{"embeddable":true,"href":"https:\/\/oasisfm935.com.ar\/site\/wp-json\/wp\/v2\/comments?post=8592"}],"version-history":[{"count":1,"href":"https:\/\/oasisfm935.com.ar\/site\/wp-json\/wp\/v2\/posts\/8592\/revisions"}],"predecessor-version":[{"id":8593,"href":"https:\/\/oasisfm935.com.ar\/site\/wp-json\/wp\/v2\/posts\/8592\/revisions\/8593"}],"wp:featuredmedia":[{"embeddable":true,"href":"https:\/\/oasisfm935.com.ar\/site\/wp-json\/wp\/v2\/media\/8427"}],"wp:attachment":[{"href":"https:\/\/oasisfm935.com.ar\/site\/wp-json\/wp\/v2\/media?parent=8592"}],"wp:term":[{"taxonomy":"category","embeddable":true,"href":"https:\/\/oasisfm935.com.ar\/site\/wp-json\/wp\/v2\/categories?post=8592"},{"taxonomy":"post_tag","embeddable":true,"href":"https:\/\/oasisfm935.com.ar\/site\/wp-json\/wp\/v2\/tags?post=8592"}],"curies":[{"name":"wp","href":"https:\/\/api.w.org\/{rel}","templated":true}]}}