{"id":8595,"date":"2021-01-07T20:49:16","date_gmt":"2021-01-07T23:49:16","guid":{"rendered":"http:\/\/oasisfm935.com\/site\/?p=8595"},"modified":"2021-01-07T20:49:16","modified_gmt":"2021-01-07T23:49:16","slug":"coronavirus-en-la-pampa-tres-muertes-y-333-casos-positivos-3-en-ingeniero-luiggi","status":"publish","type":"post","link":"https:\/\/oasisfm935.com.ar\/site\/coronavirus-en-la-pampa-tres-muertes-y-333-casos-positivos-3-en-ingeniero-luiggi\/","title":{"rendered":"Coronavirus en la Pampa: tres muertes y 333 casos positivos, 3 en Ingeniero Luiggi."},"content":{"rendered":"<p>Este jueves, en La Pampa hubo 462 recuperados. Hay m\u00e1s de 15 mil personas aisladas.<\/p>\n<p>El Gobierno de la provincia de La Pampa, a trav\u00e9s del Ministerio de Salud, comunic\u00f3 que en la tarde del jueves 7 de enero finaliz\u00f3 el procesamiento de 1.155 muestras en los laboratorios de la Direcci\u00f3n de Epidemiolog\u00eda y del Establecimiento Asistencial Gobernador Centeno y Lucio Molas, como as\u00ed tambi\u00e9n en los diferentes Centros de Salud que analizan test de ant\u00edgenos, de las cuales 333 resultaron positivas.<\/p>\n<p>De ellas, 105 corresponden a residentes en Santa Rosa, 35 en General Pico, 31 en 25 de Mayo, 29 en General Acha, 17 en Eduardo Castex, 17 en Toay, 12 en Catril\u00f3, 10 en Macach\u00edn, 7 en Victorica, 7 en Miguel Riglos, 6 en Quem\u00fa Quem\u00fa, 5 en Winifreda, 4 en Puelches, 4 en Conhello, 4 en Intendente Alvear, 4 en Trenel, 3 en Anguil, 3 en Caleuf\u00fa, 3 en Ingeniero Luiggi, 3 en San Mart\u00edn, 3 en Realic\u00f3, 2 en La Maruja, 2 en Parera, 2 en Speluzzi, 2 en V\u00e9rtiz, 2 en Cuchillo C\u00f3, 2 en La Adela, 1 en Ataliva Roca, 1 en Mauricio Mayer, 1 en General Campos, 1 en Doblas, 1 en Embajador Martini, 1 en Pichi Huinca, 1 en Arata, 1 en Miguel Can\u00e9 y 1 en Colonia Bar\u00f3n.<\/p>\n<p>De los 333 casos confirmados en la tarde de hoy, 112 se encontraban aislados por ser considerados contactos estrechos.<\/p>\n<p>Debido a la rapidez del diagn\u00f3stico por ant\u00edgenos, se contin\u00faa desarrollando la investigaci\u00f3n epidemiol\u00f3gica de 221 casos.<\/p>\n<p><strong>Testeos provinciales<\/strong><\/p>\n<p>En el d\u00eda de hoy se analizaron 1.155 muestras en toda La Pampa, de las cuales 483 fueron por test r\u00e1pidos y 672 por PCR.<\/p>\n<p><strong>B\u00fasqueda Activa y test r\u00e1pidos<\/strong><\/p>\n<p>La estrategia de b\u00fasqueda activa con diagn\u00f3stico por ant\u00edgenos lleva entrevistados 34.264 ciudadanos.<\/p>\n<p>De un total de 483 muestras analizadas por test de ant\u00edgenos en el d\u00eda, 160 resultaron positivas. Esas personas fueron autom\u00e1ticamente aisladas, al igual que sus contactos estrechos que est\u00e1n en seguimiento.<\/p>\n<p>Los diagn\u00f3sticos negativos ser\u00e1n analizados por la t\u00e9cnica de PCR.<\/p>\n<p><strong>Situaci\u00f3n provincial<\/strong><\/p>\n<p>Desde el inicio de la pandemia, en la provincia se registraron 13.256 casos positivos para Covid-19, de los cuales 3.193 permanecen activos, 167 fallecieron y 9.896 se recuperaron, siendo 462 en el d\u00eda de hoy.<\/p>\n<p>Los casos confirmados activos est\u00e1n distribuidos de la siguiente manera:\u00a0 1.191 en Santa Rosa, 734 en General Pico, 194 en General Acha, 156 en 25 de Mayo, 152 en Toay, 86 en Eduardo Castex, 28 en Bernasconi, 54 en Colonia Bar\u00f3n, 50 en Quem\u00fa Quem\u00fa, 42 en Miguel Riglos,\u00a0 26 en Realic\u00f3, 42 en La Maruja, 19 en Parera, 28 en Victorica, 5 en Unanue, 16 en General San Mart\u00edn, 16 en Trenel, 16 en Ingeniero Luiggi, 13 en Guatrach\u00e9, 20 en Catril\u00f3, 9 en La Adela, 36 en Winifreda, 3 en Chacharramendi, 37 en Macach\u00edn, 17 en Anguil, 1 en Falucho, 8 en Arata, 15 Algarrobo del \u00c1guila, 11 en Uriburu, 10 en Santa Isabel, 7 en Pichi Huinca, 2 en Alta Italia, 6 en Rancul, 13 en Jacinto Arauz, 5 en Speluzzi, 2 en Rol\u00f3n, 14 en Caleuf\u00fa, 3 en Luan Toro, 5 en Doblas, 5 en Abramo, 10 en Ataliva Roca, 20 en Intendente Alvear, 2 en Casa de Piedra, 11 en Embajador Martini, 4 en Quehu\u00e9, 6 en Conhello, 3 en V\u00e9rtiz, 1 en Carro Quemado, 1 en Agustoni, 4 en Gobernador Duval, 1 Villa Mirasol, 1 en Maisonnave, 1 en Anchorena, 8 en\u00a0 Hilario Lagos, 1 en Larroud\u00e9, 3 en Lonquimay, 8 en Puelches, 4 en Metileo, 2 en Miguel Can\u00e9, 1 en Monte Nievas, 2 en Cuchillo C\u00f3, 1 en Mauricio Mayer y 1 en General Campos.<\/p>\n<p>Al d\u00eda de la fecha se encuentran aisladas 15.489 personas en toda la provincia y hay 122 pacientes confirmados para Covid-19.<\/p>\n<p><strong>Fallecidos<\/strong><\/p>\n<p>Al cierre del presente parte diario se informaron 3 fallecimientos.<\/p>\n<p>&#8211; Hombre residente en General Pico (78 a\u00f1os).<\/p>\n<p>&#8211; Hombre residente en Santa Rosa (85 a\u00f1os).<\/p>\n<p>&#8211; Mujer residente en 25 de Mayo (86 a\u00f1os).<\/p>\n<div class=\"oasis-despues-del-contenido\" id=\"oasis-1797158839\"><img loading=\"lazy\" decoding=\"async\" src=\"https:\/\/oasisfm935.com.ar\/site\/wp-content\/uploads\/2020\/08\/47806202-8741-49f2-a5c9-d2f930e5baa1.jpg\" alt=\"\"  srcset=\"https:\/\/oasisfm935.com.ar\/site\/wp-content\/uploads\/2020\/08\/47806202-8741-49f2-a5c9-d2f930e5baa1.jpg 1080w, https:\/\/oasisfm935.com.ar\/site\/wp-content\/uploads\/2020\/08\/47806202-8741-49f2-a5c9-d2f930e5baa1-300x300.jpg 300w, https:\/\/oasisfm935.com.ar\/site\/wp-content\/uploads\/2020\/08\/47806202-8741-49f2-a5c9-d2f930e5baa1-1024x1024.jpg 1024w, https:\/\/oasisfm935.com.ar\/site\/wp-content\/uploads\/2020\/08\/47806202-8741-49f2-a5c9-d2f930e5baa1-150x150.jpg 150w, https:\/\/oasisfm935.com.ar\/site\/wp-content\/uploads\/2020\/08\/47806202-8741-49f2-a5c9-d2f930e5baa1-768x768.jpg 768w\" sizes=\"(max-width: 1080px) 100vw, 1080px\" class=\"no-lazyload\" width=\"1080\" height=\"1080\"  style=\"display: inline-block;\" \/><\/div>","protected":false},"excerpt":{"rendered":"<p>Este jueves, en La Pampa hubo 462 recuperados. Hay m\u00e1s de 15 mil personas aisladas. El Gobierno de la provincia de La<\/p>\n","protected":false},"author":4,"featured_media":8597,"comment_status":"closed","ping_status":"open","sticky":false,"template":"","format":"standard","meta":{"colormag_page_layout":"default_layout","footnotes":""},"categories":[2],"tags":[],"class_list":["post-8595","post","type-post","status-publish","format-standard","has-post-thumbnail","hentry","category-noticias"],"_links":{"self":[{"href":"https:\/\/oasisfm935.com.ar\/site\/wp-json\/wp\/v2\/posts\/8595","targetHints":{"allow":["GET"]}}],"collection":[{"href":"https:\/\/oasisfm935.com.ar\/site\/wp-json\/wp\/v2\/posts"}],"about":[{"href":"https:\/\/oasisfm935.com.ar\/site\/wp-json\/wp\/v2\/types\/post"}],"author":[{"embeddable":true,"href":"https:\/\/oasisfm935.com.ar\/site\/wp-json\/wp\/v2\/users\/4"}],"replies":[{"embeddable":true,"href":"https:\/\/oasisfm935.com.ar\/site\/wp-json\/wp\/v2\/comments?post=8595"}],"version-history":[{"count":1,"href":"https:\/\/oasisfm935.com.ar\/site\/wp-json\/wp\/v2\/posts\/8595\/revisions"}],"predecessor-version":[{"id":8598,"href":"https:\/\/oasisfm935.com.ar\/site\/wp-json\/wp\/v2\/posts\/8595\/revisions\/8598"}],"wp:featuredmedia":[{"embeddable":true,"href":"https:\/\/oasisfm935.com.ar\/site\/wp-json\/wp\/v2\/media\/8597"}],"wp:attachment":[{"href":"https:\/\/oasisfm935.com.ar\/site\/wp-json\/wp\/v2\/media?parent=8595"}],"wp:term":[{"taxonomy":"category","embeddable":true,"href":"https:\/\/oasisfm935.com.ar\/site\/wp-json\/wp\/v2\/categories?post=8595"},{"taxonomy":"post_tag","embeddable":true,"href":"https:\/\/oasisfm935.com.ar\/site\/wp-json\/wp\/v2\/tags?post=8595"}],"curies":[{"name":"wp","href":"https:\/\/api.w.org\/{rel}","templated":true}]}}