{"id":860,"date":"2019-03-01T11:40:27","date_gmt":"2019-03-01T14:40:27","guid":{"rendered":"http:\/\/oasisfm935.com\/site\/?p=860"},"modified":"2019-03-01T11:40:27","modified_gmt":"2019-03-01T14:40:27","slug":"la-gerenta-de-la-copeospil-se-refirio-a-una-nueva-resolucion-del-inaes-y-cuestiono-las-declaraciones-de-macri","status":"publish","type":"post","link":"https:\/\/oasisfm935.com.ar\/site\/la-gerenta-de-la-copeospil-se-refirio-a-una-nueva-resolucion-del-inaes-y-cuestiono-las-declaraciones-de-macri\/","title":{"rendered":"La gerenta de la Copeospil se refiri\u00f3 a una nueva resoluci\u00f3n del INAES y cuestion\u00f3 las declaraciones de Macri"},"content":{"rendered":"<div class=\"itemIntroText\"><\/div>\n<div class=\"itemFullText\">\n<blockquote>\n<div class=\"itemIntroText\">\n<p><strong>La gerenta de la Cooperativa de Electricidad, Obras y Servicios P\u00fablicos de Ingeniero Luiggi Viviana Alegre se refiri\u00f3 a una nueva resoluci\u00f3n del INAES al tiempo que cuestion\u00f3 las declaraciones del presidente Macri en relaci\u00f3n a las cooperativas.<\/strong><\/p>\n<\/div>\n<div class=\"itemFullText\">\n<p>Alegre explic\u00f3 c\u00f3mo las entidades cooperativas llevan adelante la facturaci\u00f3n y el cobro del servicio el\u00e9ctrico en la provincia.<\/p>\n<blockquote><p><strong>\u201cEn lo que es la energ\u00eda, est\u00e1 controlada por la Administraci\u00f3n Provincia del Energ\u00eda (APE) y por medio de resoluciones, ellos \u00a0son los que nos dicen qu\u00e9 tenemos que hacer en cuestiones vinculadas a la facturaci\u00f3n\u201d,<\/strong>\u00a0explic\u00f3.<\/p>\n<p>\u201cNosotros a partir del 2005 trabajamos con dos disposiciones de APE: \u00a0la 129 y la 273 donde nos ordenan un poco a las cooperativas, porque hasta ese momento cada cooperativa facturaba de manera distinta, no hab\u00eda un marco id\u00e9ntico para todas\u201d.<\/p><\/blockquote>\n<p><strong>\u201cA partir de estas dos resoluciones la APE nos ordena\u00a0 y nos dice c\u00f3mo debemos facturar todas las cooperativas de La Pampa\u201d<\/strong>, explic\u00f3.<\/p>\n<blockquote><p>\u201cNuestra factura actual es id\u00e9ntica a todas las cooperativas de La Pampa, por eso a partir del 2005 todas tenemos similar facturaci\u00f3n\u201d, explic\u00f3 Alegre.<\/p><\/blockquote>\n<p>Alegre explic\u00f3 que \u201c<strong>la resoluci\u00f3n del INAES (Instituto Nacional de Asociativismo y Econom\u00eda Social) sali\u00f3 en el 2018 y ordena a las cooperativas a que facturemos en forma independiente lo que es el servicio de energ\u00eda el\u00e9ctrica\u201d.<\/strong><\/p>\n<p>El INAES que es un ente nacional que nos controla todo lo que respecta al r\u00e9gimen legal de las\u00a0 cooperativas y mutuales.<\/p>\n<p><strong>\u201cCuando lleg\u00f3 esta resoluci\u00f3n, tuvimos una reuni\u00f3n con la APE ya que es quien nos dio la concesi\u00f3n de la distribuci\u00f3n de energ\u00eda en cada localidad<\/strong>\u201d, indic\u00f3.<\/p>\n<blockquote><p>\u201cTras a reuni\u00f3n, la \u00a0APE nos dijo que sigamos facturando de acuerdo a la resoluci\u00f3n 129 del 2005\u201d, inform\u00f3 Alegre.<\/p>\n<p><strong>\u201cAhora tenemos una nueva resoluci\u00f3n que lleg\u00f3 el jueves y nos dice que tenemos que cumplir con esta \u00a0resoluci\u00f3n del INAES, que nos obliga a facturar por separado el servicio de energ\u00eda el\u00e9ctrica<\/strong>\u201d, explic\u00f3.<\/p>\n<hr \/>\n<\/blockquote>\n<p><strong>Reuni\u00f3n Fepamco y APE<\/strong><\/p>\n<blockquote><p>Alegre indic\u00f3 que \u00aba ra\u00edz de estas contradicciones, hoy la Fepamco tiene una reuni\u00f3n con APE para ver como seguimos con esto, porque justamente la provincia es aut\u00f3noma en las decisiones sobre lo que es la energ\u00eda, asique veremos c\u00f3mo seguir a partir de ac\u00e1\u201d.<\/p><\/blockquote>\n<p>Cabe aclarar que hay alguna provincia que ya se pronunci\u00f3 sobre \u00e9sto como es el caso de Neuqu\u00e9n que ya se expidi\u00f3 para que en esa provincia se siga facturando todo junto.<\/p>\n<hr \/>\n<p><strong>Tuit de Macri<\/strong><\/p>\n<p><strong>\u00a0Alegre se refiri\u00f3 tambi\u00e9n\u00a0 al \u00a0tuit del presidente Mauricio Macri\u00a0<\/strong>\u00a0<strong>cuestionando a las cooperativas,<\/strong>\u00a0donde afirmaba \u00a0\u201c<strong>que suman a las boletas gastos que no corresponden a los usuarios\u201d.<\/strong><\/p>\n<blockquote><p>Macri expres\u00f3 en su cuenta de \u00a0Twitter \u201cSon muchas las cooperativas el\u00e9ctricas que le suman a las boletas de electricidad gastos que no corresponden al consumo de los usuarios. La lista de agregados es escandalosa y va desde las tasas municipales, la televisi\u00f3n digital o los postes, hasta sepelios o el pavimento\u201d, \u00a0generando el rechazo de las entidades solidarias.<\/p><\/blockquote>\n<p><strong>\u201cRealmente lamento este tuit del presidente\u201d,<\/strong>\u00a0expres\u00f3 Alegre.<\/p>\n<blockquote><p>\u201cPorque viendo la realidad de\u00a0 las cooperativas y todos los servicios que brindan en la provincia, s\u00f3lo pienso que \u00a0est\u00e1 mal informado o no lo quieren hacer ver la realidad de las cooperativas\u201d, concluy\u00f3 Alegre.<\/p><\/blockquote>\n<\/div>\n<\/blockquote>\n<\/div>\n<div class=\"oasis-despues-del-contenido\" id=\"oasis-2437128631\"><img loading=\"lazy\" decoding=\"async\" src=\"https:\/\/oasisfm935.com.ar\/site\/wp-content\/uploads\/2020\/08\/47806202-8741-49f2-a5c9-d2f930e5baa1.jpg\" alt=\"\"  srcset=\"https:\/\/oasisfm935.com.ar\/site\/wp-content\/uploads\/2020\/08\/47806202-8741-49f2-a5c9-d2f930e5baa1.jpg 1080w, https:\/\/oasisfm935.com.ar\/site\/wp-content\/uploads\/2020\/08\/47806202-8741-49f2-a5c9-d2f930e5baa1-300x300.jpg 300w, https:\/\/oasisfm935.com.ar\/site\/wp-content\/uploads\/2020\/08\/47806202-8741-49f2-a5c9-d2f930e5baa1-1024x1024.jpg 1024w, https:\/\/oasisfm935.com.ar\/site\/wp-content\/uploads\/2020\/08\/47806202-8741-49f2-a5c9-d2f930e5baa1-150x150.jpg 150w, https:\/\/oasisfm935.com.ar\/site\/wp-content\/uploads\/2020\/08\/47806202-8741-49f2-a5c9-d2f930e5baa1-768x768.jpg 768w\" sizes=\"(max-width: 1080px) 100vw, 1080px\" class=\"no-lazyload\" width=\"1080\" height=\"1080\"  style=\"display: inline-block;\" \/><\/div>","protected":false},"excerpt":{"rendered":"<p>La gerenta de la Cooperativa de Electricidad, Obras y Servicios P\u00fablicos de Ingeniero Luiggi Viviana Alegre se refiri\u00f3 a una nueva resoluci\u00f3n<\/p>\n","protected":false},"author":4,"featured_media":861,"comment_status":"closed","ping_status":"open","sticky":false,"template":"","format":"standard","meta":{"colormag_page_layout":"default_layout","footnotes":""},"categories":[2],"tags":[],"class_list":["post-860","post","type-post","status-publish","format-standard","has-post-thumbnail","hentry","category-noticias"],"_links":{"self":[{"href":"https:\/\/oasisfm935.com.ar\/site\/wp-json\/wp\/v2\/posts\/860","targetHints":{"allow":["GET"]}}],"collection":[{"href":"https:\/\/oasisfm935.com.ar\/site\/wp-json\/wp\/v2\/posts"}],"about":[{"href":"https:\/\/oasisfm935.com.ar\/site\/wp-json\/wp\/v2\/types\/post"}],"author":[{"embeddable":true,"href":"https:\/\/oasisfm935.com.ar\/site\/wp-json\/wp\/v2\/users\/4"}],"replies":[{"embeddable":true,"href":"https:\/\/oasisfm935.com.ar\/site\/wp-json\/wp\/v2\/comments?post=860"}],"version-history":[{"count":1,"href":"https:\/\/oasisfm935.com.ar\/site\/wp-json\/wp\/v2\/posts\/860\/revisions"}],"predecessor-version":[{"id":862,"href":"https:\/\/oasisfm935.com.ar\/site\/wp-json\/wp\/v2\/posts\/860\/revisions\/862"}],"wp:featuredmedia":[{"embeddable":true,"href":"https:\/\/oasisfm935.com.ar\/site\/wp-json\/wp\/v2\/media\/861"}],"wp:attachment":[{"href":"https:\/\/oasisfm935.com.ar\/site\/wp-json\/wp\/v2\/media?parent=860"}],"wp:term":[{"taxonomy":"category","embeddable":true,"href":"https:\/\/oasisfm935.com.ar\/site\/wp-json\/wp\/v2\/categories?post=860"},{"taxonomy":"post_tag","embeddable":true,"href":"https:\/\/oasisfm935.com.ar\/site\/wp-json\/wp\/v2\/tags?post=860"}],"curies":[{"name":"wp","href":"https:\/\/api.w.org\/{rel}","templated":true}]}}