{"id":8618,"date":"2021-01-08T21:16:39","date_gmt":"2021-01-09T00:16:39","guid":{"rendered":"http:\/\/oasisfm935.com\/site\/?p=8618"},"modified":"2021-01-08T21:17:58","modified_gmt":"2021-01-09T00:17:58","slug":"covid-19-en-la-pampa-este-viernes-tres-muertos-y-310-positivos-3-en-ingeniero-luiggi","status":"publish","type":"post","link":"https:\/\/oasisfm935.com.ar\/site\/covid-19-en-la-pampa-este-viernes-tres-muertos-y-310-positivos-3-en-ingeniero-luiggi\/","title":{"rendered":"Covid-19 en La Pampa: Este viernes tres muertos y 310 positivos 3 en  Ingeniero Luiggi."},"content":{"rendered":"<div class=\"letracopetenota\">Adem\u00e1s hay 112 pacientes internados en toda la provincia, de los cuales 21 se encuentran en terapia intensiva.<\/div>\n<div class=\"letranota text-justify padt15\">\n<p>El Gobierno de La Pampa inform\u00f3 que en horas de la tarde del viernes 8 de enero concluy\u00f3 el procesamiento de 1.254 muestras, de las cuales 310 resultaron positivas para coronavirus.<\/p>\n<p>Del total de hoy, 120 corresponden a residentes en Santa Rosa, 71 en General Pico, 17 en General Acha, 13 en Toay, 12 en Eduardo Castex, 8 en Quem\u00fa Quem\u00fa, 6 en Anguil, 6 en Jacinto Arauz, 6 en Bernasconi, 6 en La Maruja, 5 en Intendente Alvear, 5 en Embajador Martini, 4 en Monte Nievas, 3 en Winifreda, 3 en Ingeniero Luiggi, 3 en Lonquimay, 3 en Catril\u00f3, 2 en Colonia Bar\u00f3n, 2 en Abramo, 2 en Santa Isabel, 2 en Realic\u00f3, 2 en Victorica, 2 en Bernardo Larroud\u00e9, 1 en Algarroba del \u00c1guila, 1 en Uriburu, 1 en Agustoni, 1 en Trenel, 1 en 25 de Mayo, 1 en Ataliva Roca, 1 en Speluzzi.<\/p>\n<p>De los 310 casos confirmados esta tarde, 133 se encontraban aislados por ser considerados contactos estrechos. A su vez, contin\u00faa la estrategia de b\u00fasqueda activa con diagn\u00f3stico por ant\u00edgenos que ya lleva entrevistados 34.457 ciudadanos.<\/p>\n<p>Al d\u00eda de la fecha, en La Pampa hay 112 pacientes internados de los cuales 21 se encuentran en terapia intensiva (14 en Santa Rosa y 7 en Pico). Este viernes, murieron tres personas: un hombre de 73 a\u00f1os y una mujer de 78, ambos oriundos de General Pico; y una persona de sexo femenino de 59 a\u00f1os y oriunda de Eduardo Castex.<\/p>\n<p>Con los n\u00fameros de hoy, desde el inicio de la pandemia, en la Provincia se registraron un total de 13.566 casos positivos para Covid-19, de los cuales 3.115 permanecen activos, 170 han fallecido y 10.281 se han recuperado, 382 este viernes.<\/p>\n<\/div>\n<div class=\"oasis-despues-del-contenido\" id=\"oasis-224702802\"><img loading=\"lazy\" decoding=\"async\" src=\"https:\/\/oasisfm935.com.ar\/site\/wp-content\/uploads\/2020\/08\/47806202-8741-49f2-a5c9-d2f930e5baa1.jpg\" alt=\"\"  srcset=\"https:\/\/oasisfm935.com.ar\/site\/wp-content\/uploads\/2020\/08\/47806202-8741-49f2-a5c9-d2f930e5baa1.jpg 1080w, https:\/\/oasisfm935.com.ar\/site\/wp-content\/uploads\/2020\/08\/47806202-8741-49f2-a5c9-d2f930e5baa1-300x300.jpg 300w, https:\/\/oasisfm935.com.ar\/site\/wp-content\/uploads\/2020\/08\/47806202-8741-49f2-a5c9-d2f930e5baa1-1024x1024.jpg 1024w, https:\/\/oasisfm935.com.ar\/site\/wp-content\/uploads\/2020\/08\/47806202-8741-49f2-a5c9-d2f930e5baa1-150x150.jpg 150w, https:\/\/oasisfm935.com.ar\/site\/wp-content\/uploads\/2020\/08\/47806202-8741-49f2-a5c9-d2f930e5baa1-768x768.jpg 768w\" sizes=\"(max-width: 1080px) 100vw, 1080px\" class=\"no-lazyload\" width=\"1080\" height=\"1080\"  style=\"display: inline-block;\" \/><\/div>","protected":false},"excerpt":{"rendered":"<p>Adem\u00e1s hay 112 pacientes internados en toda la provincia, de los cuales 21 se encuentran en terapia intensiva. El Gobierno de La<\/p>\n","protected":false},"author":4,"featured_media":8424,"comment_status":"closed","ping_status":"open","sticky":false,"template":"","format":"standard","meta":{"colormag_page_layout":"default_layout","footnotes":""},"categories":[2],"tags":[],"class_list":["post-8618","post","type-post","status-publish","format-standard","has-post-thumbnail","hentry","category-noticias"],"_links":{"self":[{"href":"https:\/\/oasisfm935.com.ar\/site\/wp-json\/wp\/v2\/posts\/8618","targetHints":{"allow":["GET"]}}],"collection":[{"href":"https:\/\/oasisfm935.com.ar\/site\/wp-json\/wp\/v2\/posts"}],"about":[{"href":"https:\/\/oasisfm935.com.ar\/site\/wp-json\/wp\/v2\/types\/post"}],"author":[{"embeddable":true,"href":"https:\/\/oasisfm935.com.ar\/site\/wp-json\/wp\/v2\/users\/4"}],"replies":[{"embeddable":true,"href":"https:\/\/oasisfm935.com.ar\/site\/wp-json\/wp\/v2\/comments?post=8618"}],"version-history":[{"count":3,"href":"https:\/\/oasisfm935.com.ar\/site\/wp-json\/wp\/v2\/posts\/8618\/revisions"}],"predecessor-version":[{"id":8621,"href":"https:\/\/oasisfm935.com.ar\/site\/wp-json\/wp\/v2\/posts\/8618\/revisions\/8621"}],"wp:featuredmedia":[{"embeddable":true,"href":"https:\/\/oasisfm935.com.ar\/site\/wp-json\/wp\/v2\/media\/8424"}],"wp:attachment":[{"href":"https:\/\/oasisfm935.com.ar\/site\/wp-json\/wp\/v2\/media?parent=8618"}],"wp:term":[{"taxonomy":"category","embeddable":true,"href":"https:\/\/oasisfm935.com.ar\/site\/wp-json\/wp\/v2\/categories?post=8618"},{"taxonomy":"post_tag","embeddable":true,"href":"https:\/\/oasisfm935.com.ar\/site\/wp-json\/wp\/v2\/tags?post=8618"}],"curies":[{"name":"wp","href":"https:\/\/api.w.org\/{rel}","templated":true}]}}