{"id":863,"date":"2019-03-01T12:33:50","date_gmt":"2019-03-01T15:33:50","guid":{"rendered":"http:\/\/oasisfm935.com\/site\/?p=863"},"modified":"2019-03-01T12:33:50","modified_gmt":"2019-03-01T15:33:50","slug":"macri-hoy-argentina-esta-mejor-parada-que-en-2015%e2%80%b3","status":"publish","type":"post","link":"https:\/\/oasisfm935.com.ar\/site\/macri-hoy-argentina-esta-mejor-parada-que-en-2015%e2%80%b3\/","title":{"rendered":"Macri: \u201cHoy Argentina est\u00e1 mejor parada que en 2015\u2033"},"content":{"rendered":"<p>El presidente Mauricio Macri inaugur\u00f3 hoy el 137\u00b0 per\u00edodo de sesiones ordinarias del Congreso con un discurso de balance de su gesti\u00f3n.\u00a0\u00a0<strong>\u201cHoy podemos decir que la Argentina est\u00e1 mejor parada que en 2015. Mejor no significa que ya estamos donde queremos estar, sino que hemos salido del pantano en el que est\u00e1bamos<\/strong>\u201c, expres\u00f3.<\/p>\n<p>El presidente lleg\u00f3 a las 10.59 al Congreso de la Naci\u00f3n, donde fue recibido en la explanada de la calle Entre R\u00edos por una delegaci\u00f3n de diputados y senadores de diferentes fuerzas pol\u00edticas, mientras que otra comisi\u00f3n en el interior del Parlamento lo acompa\u00f1\u00f3 hasta el recinto de sesiones.<\/p>\n<p>\u201cLa primera vez que habl\u00e9 como Presidente en este Congreso en diciembre de 2015 dije que a la Argentina la \u00edbamos a sacar adelante entre todos. Esa fue la decisi\u00f3n m\u00e1s valiente que tomamos juntos: nos propusimos cambiar nuestro pa\u00eds en serio\u201d, expuso.<\/p>\n<p>\u201cNo hablo s\u00f3lo de la herencia recibida. Hablo de algo m\u00e1s profundo: de la imposibilidad que tuvimos los argentinos durante d\u00e9cadas de hacernos cargo de nosotros mismos\u201d, agreg\u00f3.<\/p>\n<p>\u201cAhora hay un Estado m\u00e1s sano que lucha contra los comportamientos mafiosos. El DNU de extinci\u00f3n de dominio es un reflejo de la postura clara que los argentinos tomamos: queremos recuperar los bienes de las mafias, el narcotr\u00e1fico y la corrupci\u00f3n\u201d, expres\u00f3.<\/p>\n<p>\u201cY si la Justicia pide que se rindan cuentas tienen que rendir cuentas todos: pol\u00edticos, empresarios, sindicalistas, los mismos jueces, la familia del Presidente e inclusive el Presidente\u201d, analiz\u00f3.<\/p>\n<p>\u201cTuvimos\u00a0<strong>tres shocks imprevistos<\/strong>: la sequ\u00eda m\u00e1s grande en medio siglo, la salida de capitales de los mercados emergentes y la \u201ccausa de los cuadernos\u201d. Todo nos agarr\u00f3 a mitad de camino, porque reci\u00e9n est\u00e1bamos saliendo\u201d, record\u00f3.<\/p>\n<p>\u201cDesde el primer momento,<strong>\u00a0les dije que mi objetivo era reducir la pobreza.<\/strong>\u00a0Y les ped\u00ed que mi mandato fuese evaluado seg\u00fan c\u00f3mo avanz\u00e1ramos en el cumplimiento de este objetivo\u201d, subray\u00f3.<\/p>\n<div class=\"oasis-despues-del-contenido\" id=\"oasis-4243634777\"><img loading=\"lazy\" decoding=\"async\" src=\"https:\/\/oasisfm935.com.ar\/site\/wp-content\/uploads\/2020\/08\/47806202-8741-49f2-a5c9-d2f930e5baa1.jpg\" alt=\"\"  srcset=\"https:\/\/oasisfm935.com.ar\/site\/wp-content\/uploads\/2020\/08\/47806202-8741-49f2-a5c9-d2f930e5baa1.jpg 1080w, https:\/\/oasisfm935.com.ar\/site\/wp-content\/uploads\/2020\/08\/47806202-8741-49f2-a5c9-d2f930e5baa1-300x300.jpg 300w, https:\/\/oasisfm935.com.ar\/site\/wp-content\/uploads\/2020\/08\/47806202-8741-49f2-a5c9-d2f930e5baa1-1024x1024.jpg 1024w, https:\/\/oasisfm935.com.ar\/site\/wp-content\/uploads\/2020\/08\/47806202-8741-49f2-a5c9-d2f930e5baa1-150x150.jpg 150w, https:\/\/oasisfm935.com.ar\/site\/wp-content\/uploads\/2020\/08\/47806202-8741-49f2-a5c9-d2f930e5baa1-768x768.jpg 768w\" sizes=\"(max-width: 1080px) 100vw, 1080px\" class=\"no-lazyload\" width=\"1080\" height=\"1080\"  style=\"display: inline-block;\" \/><\/div>","protected":false},"excerpt":{"rendered":"<p>El presidente Mauricio Macri inaugur\u00f3 hoy el 137\u00b0 per\u00edodo de sesiones ordinarias del Congreso con un discurso de balance de su gesti\u00f3n.\u00a0\u00a0\u201cHoy<\/p>\n","protected":false},"author":4,"featured_media":864,"comment_status":"closed","ping_status":"open","sticky":false,"template":"","format":"standard","meta":{"colormag_page_layout":"default_layout","footnotes":""},"categories":[2],"tags":[],"class_list":["post-863","post","type-post","status-publish","format-standard","has-post-thumbnail","hentry","category-noticias"],"_links":{"self":[{"href":"https:\/\/oasisfm935.com.ar\/site\/wp-json\/wp\/v2\/posts\/863","targetHints":{"allow":["GET"]}}],"collection":[{"href":"https:\/\/oasisfm935.com.ar\/site\/wp-json\/wp\/v2\/posts"}],"about":[{"href":"https:\/\/oasisfm935.com.ar\/site\/wp-json\/wp\/v2\/types\/post"}],"author":[{"embeddable":true,"href":"https:\/\/oasisfm935.com.ar\/site\/wp-json\/wp\/v2\/users\/4"}],"replies":[{"embeddable":true,"href":"https:\/\/oasisfm935.com.ar\/site\/wp-json\/wp\/v2\/comments?post=863"}],"version-history":[{"count":1,"href":"https:\/\/oasisfm935.com.ar\/site\/wp-json\/wp\/v2\/posts\/863\/revisions"}],"predecessor-version":[{"id":865,"href":"https:\/\/oasisfm935.com.ar\/site\/wp-json\/wp\/v2\/posts\/863\/revisions\/865"}],"wp:featuredmedia":[{"embeddable":true,"href":"https:\/\/oasisfm935.com.ar\/site\/wp-json\/wp\/v2\/media\/864"}],"wp:attachment":[{"href":"https:\/\/oasisfm935.com.ar\/site\/wp-json\/wp\/v2\/media?parent=863"}],"wp:term":[{"taxonomy":"category","embeddable":true,"href":"https:\/\/oasisfm935.com.ar\/site\/wp-json\/wp\/v2\/categories?post=863"},{"taxonomy":"post_tag","embeddable":true,"href":"https:\/\/oasisfm935.com.ar\/site\/wp-json\/wp\/v2\/tags?post=863"}],"curies":[{"name":"wp","href":"https:\/\/api.w.org\/{rel}","templated":true}]}}