{"id":8636,"date":"2021-01-11T21:33:56","date_gmt":"2021-01-12T00:33:56","guid":{"rendered":"http:\/\/oasisfm935.com\/site\/?p=8636"},"modified":"2021-01-11T21:36:03","modified_gmt":"2021-01-12T00:36:03","slug":"ingeniero-luggi-comenzo-vida-verano-2021","status":"publish","type":"post","link":"https:\/\/oasisfm935.com.ar\/site\/ingeniero-luggi-comenzo-vida-verano-2021\/","title":{"rendered":"INGENIERO LUGGI: COMENZ\u00d3 EL PRO VIDA VERANO 2021"},"content":{"rendered":"<p>Comenz\u00f3 el Pro Vida Verano con muy buena asistencia de ni\u00f1as, ni\u00f1os, adolescentes y adultos.<\/p>\n<p><a href=\"http:\/\/oasisfm935.com\/site\/wp-content\/uploads\/2021\/01\/IMG-20210111-WA0062.jpg\"><img loading=\"lazy\" decoding=\"async\" class=\"alignnone size-full wp-image-8639\" src=\"http:\/\/oasisfm935.com\/site\/wp-content\/uploads\/2021\/01\/IMG-20210111-WA0062.jpg\" alt=\"\" width=\"1280\" height=\"1024\" srcset=\"https:\/\/oasisfm935.com.ar\/site\/wp-content\/uploads\/2021\/01\/IMG-20210111-WA0062.jpg 1280w, https:\/\/oasisfm935.com.ar\/site\/wp-content\/uploads\/2021\/01\/IMG-20210111-WA0062-300x240.jpg 300w, https:\/\/oasisfm935.com.ar\/site\/wp-content\/uploads\/2021\/01\/IMG-20210111-WA0062-1024x819.jpg 1024w, https:\/\/oasisfm935.com.ar\/site\/wp-content\/uploads\/2021\/01\/IMG-20210111-WA0062-768x614.jpg 768w\" sizes=\"auto, (max-width: 1280px) 100vw, 1280px\" \/><\/a> <a href=\"http:\/\/oasisfm935.com\/site\/wp-content\/uploads\/2021\/01\/IMG-20210111-WA0063.jpg\"><img loading=\"lazy\" decoding=\"async\" class=\"alignnone size-full wp-image-8640\" src=\"http:\/\/oasisfm935.com\/site\/wp-content\/uploads\/2021\/01\/IMG-20210111-WA0063.jpg\" alt=\"\" width=\"1280\" height=\"1024\" srcset=\"https:\/\/oasisfm935.com.ar\/site\/wp-content\/uploads\/2021\/01\/IMG-20210111-WA0063.jpg 1280w, https:\/\/oasisfm935.com.ar\/site\/wp-content\/uploads\/2021\/01\/IMG-20210111-WA0063-300x240.jpg 300w, https:\/\/oasisfm935.com.ar\/site\/wp-content\/uploads\/2021\/01\/IMG-20210111-WA0063-1024x819.jpg 1024w, https:\/\/oasisfm935.com.ar\/site\/wp-content\/uploads\/2021\/01\/IMG-20210111-WA0063-768x614.jpg 768w\" sizes=\"auto, (max-width: 1280px) 100vw, 1280px\" \/><\/a><\/p>\n<p>&nbsp;<\/p>\n<p>Con todos los protocolos, medidas de prevenci\u00f3n e higiene se iniciaron las actividades en diferentes puntos de la localidad: Parque Centenario Municipal, Colonia de Vacaciones; CDI \u201c Primeras Huellas\u201d el programa Ayenhue, Pileta Climatizada; y el Club de Abuelos, para el Programa Cumel\u00e9n.<\/p>\n<p><a href=\"http:\/\/oasisfm935.com\/site\/wp-content\/uploads\/2021\/01\/IMG-20210111-WA0060.jpg\"><img loading=\"lazy\" decoding=\"async\" class=\"alignnone size-full wp-image-8637\" src=\"http:\/\/oasisfm935.com\/site\/wp-content\/uploads\/2021\/01\/IMG-20210111-WA0060.jpg\" alt=\"\" width=\"1280\" height=\"1024\" srcset=\"https:\/\/oasisfm935.com.ar\/site\/wp-content\/uploads\/2021\/01\/IMG-20210111-WA0060.jpg 1280w, https:\/\/oasisfm935.com.ar\/site\/wp-content\/uploads\/2021\/01\/IMG-20210111-WA0060-300x240.jpg 300w, https:\/\/oasisfm935.com.ar\/site\/wp-content\/uploads\/2021\/01\/IMG-20210111-WA0060-1024x819.jpg 1024w, https:\/\/oasisfm935.com.ar\/site\/wp-content\/uploads\/2021\/01\/IMG-20210111-WA0060-768x614.jpg 768w\" sizes=\"auto, (max-width: 1280px) 100vw, 1280px\" \/><\/a><\/p>\n<p><a href=\"http:\/\/oasisfm935.com\/site\/wp-content\/uploads\/2021\/01\/IMG-20210111-WA0059.jpg\"><img loading=\"lazy\" decoding=\"async\" class=\"alignnone size-full wp-image-8638\" src=\"http:\/\/oasisfm935.com\/site\/wp-content\/uploads\/2021\/01\/IMG-20210111-WA0059.jpg\" alt=\"\" width=\"1280\" height=\"1024\" srcset=\"https:\/\/oasisfm935.com.ar\/site\/wp-content\/uploads\/2021\/01\/IMG-20210111-WA0059.jpg 1280w, https:\/\/oasisfm935.com.ar\/site\/wp-content\/uploads\/2021\/01\/IMG-20210111-WA0059-300x240.jpg 300w, https:\/\/oasisfm935.com.ar\/site\/wp-content\/uploads\/2021\/01\/IMG-20210111-WA0059-1024x819.jpg 1024w, https:\/\/oasisfm935.com.ar\/site\/wp-content\/uploads\/2021\/01\/IMG-20210111-WA0059-768x614.jpg 768w\" sizes=\"auto, (max-width: 1280px) 100vw, 1280px\" \/><\/a><\/p>\n<p>Este Pro Vida Verano 2021 es diferente y pondremos todo nuestro esfuerzo para que puedan disfrutar de los espacios de recreaci\u00f3n y estimulaci\u00f3n para todas las edades.<\/p>\n<p><a href=\"http:\/\/oasisfm935.com\/site\/wp-content\/uploads\/2021\/01\/IMG-20210111-WA0067.jpg\"><img loading=\"lazy\" decoding=\"async\" class=\"alignnone size-full wp-image-8641\" src=\"http:\/\/oasisfm935.com\/site\/wp-content\/uploads\/2021\/01\/IMG-20210111-WA0067.jpg\" alt=\"\" width=\"1280\" height=\"1024\" srcset=\"https:\/\/oasisfm935.com.ar\/site\/wp-content\/uploads\/2021\/01\/IMG-20210111-WA0067.jpg 1280w, https:\/\/oasisfm935.com.ar\/site\/wp-content\/uploads\/2021\/01\/IMG-20210111-WA0067-300x240.jpg 300w, https:\/\/oasisfm935.com.ar\/site\/wp-content\/uploads\/2021\/01\/IMG-20210111-WA0067-1024x819.jpg 1024w, https:\/\/oasisfm935.com.ar\/site\/wp-content\/uploads\/2021\/01\/IMG-20210111-WA0067-768x614.jpg 768w\" sizes=\"auto, (max-width: 1280px) 100vw, 1280px\" \/><\/a><\/p>\n<div class=\"oasis-despues-del-contenido\" id=\"oasis-2116299920\"><img loading=\"lazy\" decoding=\"async\" src=\"https:\/\/oasisfm935.com.ar\/site\/wp-content\/uploads\/2020\/08\/47806202-8741-49f2-a5c9-d2f930e5baa1.jpg\" alt=\"\"  srcset=\"https:\/\/oasisfm935.com.ar\/site\/wp-content\/uploads\/2020\/08\/47806202-8741-49f2-a5c9-d2f930e5baa1.jpg 1080w, https:\/\/oasisfm935.com.ar\/site\/wp-content\/uploads\/2020\/08\/47806202-8741-49f2-a5c9-d2f930e5baa1-300x300.jpg 300w, https:\/\/oasisfm935.com.ar\/site\/wp-content\/uploads\/2020\/08\/47806202-8741-49f2-a5c9-d2f930e5baa1-1024x1024.jpg 1024w, https:\/\/oasisfm935.com.ar\/site\/wp-content\/uploads\/2020\/08\/47806202-8741-49f2-a5c9-d2f930e5baa1-150x150.jpg 150w, https:\/\/oasisfm935.com.ar\/site\/wp-content\/uploads\/2020\/08\/47806202-8741-49f2-a5c9-d2f930e5baa1-768x768.jpg 768w\" sizes=\"(max-width: 1080px) 100vw, 1080px\" class=\"no-lazyload\" width=\"1080\" height=\"1080\"  style=\"display: inline-block;\" \/><\/div>","protected":false},"excerpt":{"rendered":"<p>Comenz\u00f3 el Pro Vida Verano con muy buena asistencia de ni\u00f1as, ni\u00f1os, adolescentes y adultos. &nbsp; Con todos los protocolos, medidas de<\/p>\n","protected":false},"author":4,"featured_media":8642,"comment_status":"closed","ping_status":"open","sticky":false,"template":"","format":"standard","meta":{"colormag_page_layout":"default_layout","footnotes":""},"categories":[2],"tags":[],"class_list":["post-8636","post","type-post","status-publish","format-standard","has-post-thumbnail","hentry","category-noticias"],"_links":{"self":[{"href":"https:\/\/oasisfm935.com.ar\/site\/wp-json\/wp\/v2\/posts\/8636","targetHints":{"allow":["GET"]}}],"collection":[{"href":"https:\/\/oasisfm935.com.ar\/site\/wp-json\/wp\/v2\/posts"}],"about":[{"href":"https:\/\/oasisfm935.com.ar\/site\/wp-json\/wp\/v2\/types\/post"}],"author":[{"embeddable":true,"href":"https:\/\/oasisfm935.com.ar\/site\/wp-json\/wp\/v2\/users\/4"}],"replies":[{"embeddable":true,"href":"https:\/\/oasisfm935.com.ar\/site\/wp-json\/wp\/v2\/comments?post=8636"}],"version-history":[{"count":2,"href":"https:\/\/oasisfm935.com.ar\/site\/wp-json\/wp\/v2\/posts\/8636\/revisions"}],"predecessor-version":[{"id":8644,"href":"https:\/\/oasisfm935.com.ar\/site\/wp-json\/wp\/v2\/posts\/8636\/revisions\/8644"}],"wp:featuredmedia":[{"embeddable":true,"href":"https:\/\/oasisfm935.com.ar\/site\/wp-json\/wp\/v2\/media\/8642"}],"wp:attachment":[{"href":"https:\/\/oasisfm935.com.ar\/site\/wp-json\/wp\/v2\/media?parent=8636"}],"wp:term":[{"taxonomy":"category","embeddable":true,"href":"https:\/\/oasisfm935.com.ar\/site\/wp-json\/wp\/v2\/categories?post=8636"},{"taxonomy":"post_tag","embeddable":true,"href":"https:\/\/oasisfm935.com.ar\/site\/wp-json\/wp\/v2\/tags?post=8636"}],"curies":[{"name":"wp","href":"https:\/\/api.w.org\/{rel}","templated":true}]}}